{"id":6276,"date":"2023-06-12T10:39:52","date_gmt":"2023-06-12T08:39:52","guid":{"rendered":"https:\/\/kampkomiteen.net\/?p=6276"},"modified":"2023-06-12T11:04:18","modified_gmt":"2023-06-12T09:04:18","slug":"oslo-demonstrasjon-10-juni-mot-okte-priser","status":"publish","type":"post","link":"https:\/\/kampkomiteen.net\/?p=6276","title":{"rendered":"Oslo: Demonstrasjon 10. juni mot \u00f8kte priser"},"content":{"rendered":"<div id=\"fb-root\"><\/div>\n\n<p>L\u00f8rdag 10. juni ble det holdt en demonstrasjon mot \u00f8kte priser i Oslo og for kamp, under parolen \u00abStreik for h\u00f8yere l\u00f8nn! Kjemp for bedre levek\u00e5r!\u00bb.<\/p>\n\n\n\n<figure class=\"wp-block-image\"><img decoding=\"async\" src=\"https:\/\/lh4.googleusercontent.com\/s0i2tHKEDmp_tTX6XrG8alqOaD2L8jvPvUP3MdaPJSzRhB3Y8URYkCC4cLZGipIUXxvcmoLvhNr9qb-GsumcgcBBzOEiVB-JtrSNqMAUIrCR3Xbs8eNtJbie6WixGrDX7qAqa7ZTjDzhv1OD\" alt=\"\"\/><\/figure>\n\n\n\n<p>I forkant av demonstrasjonen ble det mobilisert med flyers og plakater rundt om i Oslo.<\/p>\n\n\n\n<figure class=\"wp-block-image\"><img decoding=\"async\" src=\"https:\/\/lh3.googleusercontent.com\/m8df5EoSfGFCC9KYjk8NV1GM-fAi9b39Es-No5m1CPFtMN2WUYMW7qwOAT1eq8LlUYtvBa1zV5mDACosPyEKBJGbD3xHiy0abdF8oUoe3KQP0YbQKV_iHoy5ll7DWY9JSuba33TNIY76H2ha\" alt=\"\"\/><\/figure>\n\n\n\n<p>Demonstrasjonen startet med appeller og musikk p\u00e5 Gr\u00f8nland torg, og derfra gikk deltagerne videre i tog til Arbeidersamfunnets plass.<\/p>\n\n\n\n<figure class=\"wp-block-image\"><img decoding=\"async\" src=\"https:\/\/lh6.googleusercontent.com\/9Iz3L5MfIGBwDaf48s5t8TOq0HyrQrWkuxspEOy9IcIT7VHdDD5EelBD7BuD1yknBCGKc3n6w5C9CvgW7wnlv7zUPqcGn2TJfRXMZgvXe4kMgBlEqKXvJw72RfvSY_9ecP3ABWAPr4QdaTQj\" alt=\"\"\/><\/figure>\n\n\n\n<figure class=\"wp-block-image\"><img decoding=\"async\" src=\"https:\/\/lh3.googleusercontent.com\/96MnocEzmYQtKrsw9B8_Twjbe85uCo07-BSld8tA0pZuz8K58sIoTmwLTSd4bF4E3wEeMEQfN38T8aTcK_icPRUh1VfzaBPMrCOhxcxQTU870u9P3B6uWRNnoSAhQNDlZz9nOAO7Ir8jE2T7\" alt=\"\"\/><\/figure>\n\n\n\n<p>P\u00e5 veien ble det ropt slagord som \u00abNei til dugnad for de rike, la de betale sin egen krise!\u00bb, \u00abInternasjonal solidaritet, arbeiderklassens kampenhet!\u00bb og \u00abIkke la dem splitte oss, slutt dere sammen for \u00e5 sl\u00e5ss!\u00bb<\/p>\n\n\n\n<p>I l\u00f8pet av demonstrasjonen viste flere forbipasserende st\u00f8tte ved \u00e5 stoppe opp og st\u00f8tte markeringen. Flere l\u00f8ftet knyttede never eller ga tommelen opp.<\/p>\n\n\n\n<figure class=\"wp-block-image\"><img decoding=\"async\" src=\"https:\/\/lh3.googleusercontent.com\/g06ujNT5Mmp3TVJV48YLCmwy6obLAOGT_YSPBnRKsEeVITCokfAYaJdFAX-qamuDG5w89Eh3LAz_9-EYHbVB2DCEK34tKcjXryVyJI41OeM_Bwb2m5r2u96InpWZ19q77kJdxhTjFU2hJQyY\" alt=\"\"\/><\/figure>\n\n\n\n<p>I demonstrasjonen deltok Workers Socialist Organization of Afghanistan, Worker-communist Party of Kurdistan \u2013 Abroad Organization, Worker-communist Party of Iran \u2013 Hekmatist (Official Line), Revolusjon\u00e6re Kommunister, AntiTyranny International Collective og Kampkomiteen.<\/p>\n\n\n\n<p>For anledningen ble det utformet en felles flyer for flere av organisasjonene som ble delt ut under markeringen:<\/p>\n\n\n\n<div style=\"height:80px\" aria-hidden=\"true\" class=\"wp-block-spacer\"><\/div>\n\n\n\n<p class=\"has-text-align-center\"><strong>STREIK FOR H\u00d8YERE L\u00d8NN!<\/strong><br><strong>KJEMP FOR BEDRE LEVEK\u00c5R!<\/strong><\/p>\n\n\n\n<p>Vi befinner oss i den verste krisa p\u00e5 lenge og igjen s\u00e5 sender de rike regninga til oss vanlige folk. Samtidig som arbeidere, studenter, og ellers helt vanlige folk strever \u00f8konomisk, s\u00e5 tjener mange av de rike kapitalistene og deres selskaper mer enn aldri f\u00f8r. Med pris\u00f8kningene \u2013 inflasjonen \u2013 veltes byrden av krisa over p\u00e5 folket, og s\u00e6rlig p\u00e5 arbeiderklassen.<\/p>\n\n\n\n<p>Reall\u00f8nna synker: Man f\u00e5r kj\u00f8pt mindre for l\u00f8nna enn man gjorde f\u00f8r. Prisene stiger \u2013 men l\u00f8nningene, NAV-satsene, minstepensjon og stipend henger ikke med!<\/p>\n\n\n\n<p>Slik vil det fortsette inntil sjefene og eierne av de store selskapene, og politikerne f\u00f8ler folkets press. Det krever at vi organiserer oss. Derfor tar vi til gatene. Derfor sier vi: Streik for h\u00f8yere l\u00f8nn! Kjemp for bedre levek\u00e5r!<\/p>\n\n\n\n<p>Signerte organisasjoner:<br>Workers Socialist Organization of Afghanistan<br>Worker-communist Party of Kurdistan<br>Kampkomiteen<br>Worker-communist Party of Iran \u2013 Hekmatist (Official Line)<br>Revolusjon\u00e6re Kommunister<\/p>\n\n\n\n<div style=\"height:80px\" aria-hidden=\"true\" class=\"wp-block-spacer\"><\/div>\n\n\n\n<figure class=\"wp-block-image\"><img decoding=\"async\" src=\"https:\/\/lh5.googleusercontent.com\/Y0UUkgX7E6WYrrL11Bh9ep1aamO0yTZBOzLHbeNQpF8IhjA4S5bnkRLisN5-fmGgWXlSE4GUVZRBgrzTOThnMGbrcVWPjKHgwIlDbd7xtpYFJMM0ifLvzMewEhRM0VxzLJhKHOHb1YhQoe3v\" alt=\"\"\/><\/figure>\n\n\n\n<figure class=\"wp-block-image\"><img decoding=\"async\" src=\"https:\/\/lh5.googleusercontent.com\/8-ndEDNux0spANetznrVO2pFOt_EJesB2qwkv5wAQKWzd3-MQB9QRucKflWZKhW8Gfj9PomELTksKkrxh_5RaLLhSnbR0ZpsZNypoP4YRK00IvFNokF8pHjxJuVZQJZf3BInTnJEwrEBkVnA\" alt=\"\"\/><\/figure>\n\n\n\n<figure class=\"wp-block-image\"><img decoding=\"async\" src=\"https:\/\/lh3.googleusercontent.com\/g4mj9571LyjRmx9wooMq-eh7K7coAr086Z-KgJCrlLaYZXQnPH2pRNNL3PMWr8r7TTAinRQDgBktHnEDvfVCvDpJvIqumeWSJSCxawj2pDKySaRpcLDEMpCCsZPEN4Q-BqhqOecXh7KzDkQm\" alt=\"\"\/><\/figure>\n\n\n\n<figure class=\"wp-block-image size-full\"><img data-recalc-dims=\"1\" loading=\"lazy\" decoding=\"async\" width=\"810\" height=\"465\" src=\"https:\/\/i0.wp.com\/kampkomiteen.net\/wp-content\/uploads\/2023\/06\/1-1-1.jpg?resize=810%2C465&#038;ssl=1\" alt=\"\" class=\"wp-image-6279\" srcset=\"https:\/\/i0.wp.com\/kampkomiteen.net\/wp-content\/uploads\/2023\/06\/1-1-1.jpg?w=1600&amp;ssl=1 1600w, https:\/\/i0.wp.com\/kampkomiteen.net\/wp-content\/uploads\/2023\/06\/1-1-1.jpg?resize=1000%2C574&amp;ssl=1 1000w, https:\/\/i0.wp.com\/kampkomiteen.net\/wp-content\/uploads\/2023\/06\/1-1-1.jpg?resize=768%2C441&amp;ssl=1 768w, https:\/\/i0.wp.com\/kampkomiteen.net\/wp-content\/uploads\/2023\/06\/1-1-1.jpg?resize=1536%2C881&amp;ssl=1 1536w\" sizes=\"auto, (max-width: 810px) 100vw, 810px\" \/><\/figure>\n","protected":false},"excerpt":{"rendered":"<p>L\u00f8rdag 10. juni ble det holdt en demonstrasjon mot \u00f8kte priser i Oslo og for kamp, under parolen \u00abStreik for h\u00f8yere l\u00f8nn! Kjemp for bedre levek\u00e5r!\u00bb.<\/p>\n","protected":false},"author":8,"featured_media":6277,"comment_status":"closed","ping_status":"closed","sticky":false,"template":"","format":"standard","meta":{"advanced_seo_description":"","jetpack_seo_html_title":"","jetpack_seo_noindex":false,"_jetpack_memberships_contains_paid_content":false,"footnotes":""},"categories":[1],"tags":[4,64],"class_list":["post-6276","post","type-post","status-publish","format-standard","has-post-thumbnail","hentry","category-uncategorized","tag-demonstrasjon","tag-dyrtid"],"jetpack_featured_media_url":"https:\/\/i0.wp.com\/kampkomiteen.net\/wp-content\/uploads\/2023\/06\/1-1.jpg?fit=1600%2C918&ssl=1","jetpack_shortlink":"https:\/\/wp.me\/pchuPf-1De","jetpack-related-posts":[{"id":6259,"url":"https:\/\/kampkomiteen.net\/?p=6259","url_meta":{"origin":6276,"position":0},"title":"Oslo: Streik for h\u00f8yere l\u00f8nn! Kjemp for bedre levek\u00e5r","author":"Kampkomiteen","date":"7. juni 2023","format":false,"excerpt":"Skrevet av aktivister i Oslo. I forbindelse med kommende demonstrasjon mot \u00f8kte priser l\u00f8rdag 10. juni har aktivister fra Kampkomiteen hengt opp plakater p\u00e5 Blindern, Helsfyr og i Groruddalen. Mange forbipasserende viste interesse. Bli med ut p\u00e5 gata l\u00f8rdag 10. juni!\"Streik for h\u00f8yere l\u00f8nn! Kjemp for bedre levek\u00e5r\"14:00 Gr\u00f8nland torg.\u2026","rel":"","context":"i \"Demonstrasjon\"","block_context":{"text":"Demonstrasjon","link":"https:\/\/kampkomiteen.net\/?tag=demonstrasjon"},"img":{"alt_text":"","src":"https:\/\/i0.wp.com\/kampkomiteen.net\/wp-content\/uploads\/2023\/06\/demoplakat-1.png?fit=1160%2C653&ssl=1&resize=350%2C200","width":350,"height":200,"srcset":"https:\/\/i0.wp.com\/kampkomiteen.net\/wp-content\/uploads\/2023\/06\/demoplakat-1.png?fit=1160%2C653&ssl=1&resize=350%2C200 1x, https:\/\/i0.wp.com\/kampkomiteen.net\/wp-content\/uploads\/2023\/06\/demoplakat-1.png?fit=1160%2C653&ssl=1&resize=525%2C300 1.5x, https:\/\/i0.wp.com\/kampkomiteen.net\/wp-content\/uploads\/2023\/06\/demoplakat-1.png?fit=1160%2C653&ssl=1&resize=700%2C400 2x, https:\/\/i0.wp.com\/kampkomiteen.net\/wp-content\/uploads\/2023\/06\/demoplakat-1.png?fit=1160%2C653&ssl=1&resize=1050%2C600 3x"},"classes":[]},{"id":6253,"url":"https:\/\/kampkomiteen.net\/?p=6253","url_meta":{"origin":6276,"position":1},"title":"Oslo: Demonstrasjon mot \u00f8kte priser","author":"Kampkomiteen","date":"3. juni 2023","format":false,"excerpt":"Oppm\u00f8te: L\u00f8rdag 10. juni 14:00 Gr\u00f8nland torg","rel":"","context":"i \"Demonstrasjon\"","block_context":{"text":"Demonstrasjon","link":"https:\/\/kampkomiteen.net\/?tag=demonstrasjon"},"img":{"alt_text":"","src":"https:\/\/i0.wp.com\/kampkomiteen.net\/wp-content\/uploads\/2023\/06\/image-5.png?fit=1200%2C900&ssl=1&resize=350%2C200","width":350,"height":200,"srcset":"https:\/\/i0.wp.com\/kampkomiteen.net\/wp-content\/uploads\/2023\/06\/image-5.png?fit=1200%2C900&ssl=1&resize=350%2C200 1x, https:\/\/i0.wp.com\/kampkomiteen.net\/wp-content\/uploads\/2023\/06\/image-5.png?fit=1200%2C900&ssl=1&resize=525%2C300 1.5x, https:\/\/i0.wp.com\/kampkomiteen.net\/wp-content\/uploads\/2023\/06\/image-5.png?fit=1200%2C900&ssl=1&resize=700%2C400 2x, https:\/\/i0.wp.com\/kampkomiteen.net\/wp-content\/uploads\/2023\/06\/image-5.png?fit=1200%2C900&ssl=1&resize=1050%2C600 3x"},"classes":[]},{"id":9099,"url":"https:\/\/kampkomiteen.net\/?p=9099","url_meta":{"origin":6276,"position":2},"title":"Oslo: Markering mot den indiske statens krig mot folket","author":"Kampkomiteen","date":"19. juni 2025","format":false,"excerpt":"Onsdag, 18. Juni, var det en demonstrasjon utenfor den indiske ambassaden i Oslo, til solidaritet med folkets kamp i India.","rel":"","context":"Liknende innlegg","block_context":{"text":"Liknende innlegg","link":""},"img":{"alt_text":"","src":"https:\/\/i0.wp.com\/kampkomiteen.net\/wp-content\/uploads\/2025\/06\/2-1-scaled.jpg?fit=1200%2C800&ssl=1&resize=350%2C200","width":350,"height":200,"srcset":"https:\/\/i0.wp.com\/kampkomiteen.net\/wp-content\/uploads\/2025\/06\/2-1-scaled.jpg?fit=1200%2C800&ssl=1&resize=350%2C200 1x, https:\/\/i0.wp.com\/kampkomiteen.net\/wp-content\/uploads\/2025\/06\/2-1-scaled.jpg?fit=1200%2C800&ssl=1&resize=525%2C300 1.5x, https:\/\/i0.wp.com\/kampkomiteen.net\/wp-content\/uploads\/2025\/06\/2-1-scaled.jpg?fit=1200%2C800&ssl=1&resize=700%2C400 2x, https:\/\/i0.wp.com\/kampkomiteen.net\/wp-content\/uploads\/2025\/06\/2-1-scaled.jpg?fit=1200%2C800&ssl=1&resize=1050%2C600 3x"},"classes":[]},{"id":9071,"url":"https:\/\/kampkomiteen.net\/?p=9071","url_meta":{"origin":6276,"position":3},"title":"Bergen: Demonstrasjon mot den indiske statens krig mot folket","author":"Kampkomiteen","date":"14. juni 2025","format":false,"excerpt":"L\u00f8rdag, 14. juni, var det en demonstrasjon under parolen \u00abStopp den indiske statens krig mot folket\u00bb med tilslutning fra Bergen4Palestine, Kampkomiteen i Bergen, R\u00f8d Front og Revolusjon\u00e6rt Kommunistisk Forbund. Flere demonstranter var til stede med r\u00f8de og palestinske flagg.","rel":"","context":"i \"Demonstrasjoner og markeringer\"","block_context":{"text":"Demonstrasjoner og markeringer","link":"https:\/\/kampkomiteen.net\/?tag=demonstrasjoner-og-markeringer"},"img":{"alt_text":"","src":"https:\/\/i0.wp.com\/kampkomiteen.net\/wp-content\/uploads\/2025\/06\/4-hoved-1.jpg?fit=1200%2C760&ssl=1&resize=350%2C200","width":350,"height":200,"srcset":"https:\/\/i0.wp.com\/kampkomiteen.net\/wp-content\/uploads\/2025\/06\/4-hoved-1.jpg?fit=1200%2C760&ssl=1&resize=350%2C200 1x, https:\/\/i0.wp.com\/kampkomiteen.net\/wp-content\/uploads\/2025\/06\/4-hoved-1.jpg?fit=1200%2C760&ssl=1&resize=525%2C300 1.5x, https:\/\/i0.wp.com\/kampkomiteen.net\/wp-content\/uploads\/2025\/06\/4-hoved-1.jpg?fit=1200%2C760&ssl=1&resize=700%2C400 2x, https:\/\/i0.wp.com\/kampkomiteen.net\/wp-content\/uploads\/2025\/06\/4-hoved-1.jpg?fit=1200%2C760&ssl=1&resize=1050%2C600 3x"},"classes":[]},{"id":7498,"url":"https:\/\/kampkomiteen.net\/?p=7498","url_meta":{"origin":6276,"position":4},"title":"Oslo: MC-demonstrasjon for Palestina","author":"Kampkomiteen","date":"15. juni 2024","format":false,"excerpt":"L\u00f8rdag 15. juni deltok aktivister fra Kampkomiteen i demonstrasjonstog som gikk fra Utenriksdepartementet til Israels ambassade.","rel":"","context":"i \"Demonstrasjon\"","block_context":{"text":"Demonstrasjon","link":"https:\/\/kampkomiteen.net\/?tag=demonstrasjon"},"img":{"alt_text":"","src":"https:\/\/i0.wp.com\/kampkomiteen.net\/wp-content\/uploads\/2024\/06\/1-2.png?fit=1200%2C676&ssl=1&resize=350%2C200","width":350,"height":200,"srcset":"https:\/\/i0.wp.com\/kampkomiteen.net\/wp-content\/uploads\/2024\/06\/1-2.png?fit=1200%2C676&ssl=1&resize=350%2C200 1x, https:\/\/i0.wp.com\/kampkomiteen.net\/wp-content\/uploads\/2024\/06\/1-2.png?fit=1200%2C676&ssl=1&resize=525%2C300 1.5x, https:\/\/i0.wp.com\/kampkomiteen.net\/wp-content\/uploads\/2024\/06\/1-2.png?fit=1200%2C676&ssl=1&resize=700%2C400 2x, https:\/\/i0.wp.com\/kampkomiteen.net\/wp-content\/uploads\/2024\/06\/1-2.png?fit=1200%2C676&ssl=1&resize=1050%2C600 3x"},"classes":[]},{"id":3150,"url":"https:\/\/kampkomiteen.net\/?p=3150","url_meta":{"origin":6276,"position":5},"title":"Demonstrasjon i Bergen mot \u00f8kte priser og velferdskutt","author":"Kampkomiteen","date":"27. oktober 2022","format":false,"excerpt":"L\u00f8rdag 29 oktober blir det en demonstrasjon mot \u00f8kter priser og velferdskutt i Bergen.","rel":"","context":"i \"Demonstrasjon\"","block_context":{"text":"Demonstrasjon","link":"https:\/\/kampkomiteen.net\/?tag=demonstrasjon"},"img":{"alt_text":"","src":"https:\/\/i0.wp.com\/kampkomiteen.net\/wp-content\/uploads\/2022\/04\/Design-uten-navn-2.png?fit=1160%2C653&ssl=1&resize=350%2C200","width":350,"height":200,"srcset":"https:\/\/i0.wp.com\/kampkomiteen.net\/wp-content\/uploads\/2022\/04\/Design-uten-navn-2.png?fit=1160%2C653&ssl=1&resize=350%2C200 1x, https:\/\/i0.wp.com\/kampkomiteen.net\/wp-content\/uploads\/2022\/04\/Design-uten-navn-2.png?fit=1160%2C653&ssl=1&resize=525%2C300 1.5x, https:\/\/i0.wp.com\/kampkomiteen.net\/wp-content\/uploads\/2022\/04\/Design-uten-navn-2.png?fit=1160%2C653&ssl=1&resize=700%2C400 2x, https:\/\/i0.wp.com\/kampkomiteen.net\/wp-content\/uploads\/2022\/04\/Design-uten-navn-2.png?fit=1160%2C653&ssl=1&resize=1050%2C600 3x"},"classes":[]}],"jetpack_sharing_enabled":true,"_links":{"self":[{"href":"https:\/\/kampkomiteen.net\/index.php?rest_route=\/wp\/v2\/posts\/6276","targetHints":{"allow":["GET"]}}],"collection":[{"href":"https:\/\/kampkomiteen.net\/index.php?rest_route=\/wp\/v2\/posts"}],"about":[{"href":"https:\/\/kampkomiteen.net\/index.php?rest_route=\/wp\/v2\/types\/post"}],"author":[{"embeddable":true,"href":"https:\/\/kampkomiteen.net\/index.php?rest_route=\/wp\/v2\/users\/8"}],"replies":[{"embeddable":true,"href":"https:\/\/kampkomiteen.net\/index.php?rest_route=%2Fwp%2Fv2%2Fcomments&post=6276"}],"version-history":[{"count":0,"href":"https:\/\/kampkomiteen.net\/index.php?rest_route=\/wp\/v2\/posts\/6276\/revisions"}],"wp:featuredmedia":[{"embeddable":true,"href":"https:\/\/kampkomiteen.net\/index.php?rest_route=\/wp\/v2\/media\/6277"}],"wp:attachment":[{"href":"https:\/\/kampkomiteen.net\/index.php?rest_route=%2Fwp%2Fv2%2Fmedia&parent=6276"}],"wp:term":[{"taxonomy":"category","embeddable":true,"href":"https:\/\/kampkomiteen.net\/index.php?rest_route=%2Fwp%2Fv2%2Fcategories&post=6276"},{"taxonomy":"post_tag","embeddable":true,"href":"https:\/\/kampkomiteen.net\/index.php?rest_route=%2Fwp%2Fv2%2Ftags&post=6276"}],"curies":[{"name":"wp","href":"https:\/\/api.w.org\/{rel}","templated":true}]}}