{"id":449,"date":"2019-06-29T19:15:47","date_gmt":"2019-06-29T17:15:47","guid":{"rendered":"http:\/\/kampkomiteen.org\/?p=449"},"modified":"2019-09-15T19:45:51","modified_gmt":"2019-09-15T17:45:51","slug":"demonstrasjon-mot-sians-rasisme-og-muslimhat","status":"publish","type":"post","link":"https:\/\/kampkomiteen.net\/?p=449","title":{"rendered":"Demonstrasjon mot SIANs rasisme og muslimhat"},"content":{"rendered":"<div id=\"fb-root\"><\/div>\n\n<p>29. juni hadde sirkus SIAN stoppestasjon i Trondheim. En h\u00e5ndfull sianister dro fra \u00d8stlandet til Trondheim og ble m\u00f8tt av b\u00e5de regnv\u00e6r og en bred demonstrasjon mot rasisme og hets mot muslimer.<\/p>\n\n\n\n<p>R\u00f8d Ungdom, Sosialistisk Ungdom og Kampkomiteen tok initiativ til en felles demonstrasjon mot fascistene i SIAN. En lang rekke andre organisasjoner sluttet seg til. I selve demonstrasjonen deltok mange uorganiserte og engasjerte mennesker ogs\u00e5.<\/p>\n\n\n\n<p>SIAN var frustrerte og \u00e5penlyst forstyrret under det meste av deres markering. SIANs Thorsen, for anledningen kledd i en slags uniform, kalte politiet for \u201ckjerringer\u201d fordi de ikke grep inn mot antifascistene.<\/p>\n\n\n\n<p>Umiddelbart da SIAN fikk i gang lydanlegget sitt begynte slagordene. \u201cIngen nazister i v\u00e5re gater\u201d, \u201cAntifascisme er sj\u00f8lforsvar\u201d, \u201cKampen fortsetter, fascismen skal knuses\u201d og \u201cDra hjem SIAN\u201d ble ropt taktfast helt til SIAN hadde pakket sammen for dagen. Ogs\u00e5 v\u00e6ret var mot fascistene, og sv\u00e6rt f\u00e5 nysgjerrige tok veien for \u00e5 h\u00f8re det antimuslimske budskapet.<\/p>\n\n\n\n<p>Det lille antifascistene kunne h\u00f8re av talene, holdt som vanlig lavt niv\u00e5. Det besto hovedsakelig av konspirasjonsteorier ispedd ord som \u201cm\u00f8kkaland\u201d og \u201chjernevaska idioter\u201d. I f\u00f8lge SIAN er Norge nesten som Balkan f\u00f8r Jugoslavia-krigen. SIANs Stig Andresen skrek og gestikulerte, med villskap i fjeset, og rettet hovedsakelig sitt sinne mot de framm\u00f8tte antifascistene.<\/p>\n\n\n\n<figure class=\"wp-block-image\"><img data-recalc-dims=\"1\" loading=\"lazy\" decoding=\"async\" width=\"810\" height=\"608\" src=\"https:\/\/i0.wp.com\/kampkomiteen.org\/wp-content\/uploads\/2019\/06\/IMG_1147-1024x768.jpg?resize=810%2C608\" alt=\"\" class=\"wp-image-453\" srcset=\"https:\/\/i0.wp.com\/kampkomiteen.net\/wp-content\/uploads\/2019\/06\/IMG_1147.jpg?resize=1024%2C768&amp;ssl=1 1024w, https:\/\/i0.wp.com\/kampkomiteen.net\/wp-content\/uploads\/2019\/06\/IMG_1147.jpg?resize=300%2C225&amp;ssl=1 300w, https:\/\/i0.wp.com\/kampkomiteen.net\/wp-content\/uploads\/2019\/06\/IMG_1147.jpg?resize=768%2C576&amp;ssl=1 768w, https:\/\/i0.wp.com\/kampkomiteen.net\/wp-content\/uploads\/2019\/06\/IMG_1147.jpg?w=2016&amp;ssl=1 2016w, https:\/\/i0.wp.com\/kampkomiteen.net\/wp-content\/uploads\/2019\/06\/IMG_1147.jpg?w=1620&amp;ssl=1 1620w\" sizes=\"auto, (max-width: 810px) 100vw, 810px\" \/><\/figure>\n\n\n\n<p>Antifascistene ropte \u201chele Trondheim hater SIAN\u201d. Ved begynnelsen av demonstrasjonen kom en sivilpoliti og ba de f\u00f8rst oppm\u00f8tte antifascistene flytte seg til et sted omtrent 50 meter bak fascistene. Da fascistenes taler var godt i gang, tok en gruppe ungdom initiativ til \u00e5 g\u00e5 n\u00e6rmere fascistene og stille seg foran dem. Hele demonstrasjonen sluttet seg til dette. Slik ble fascistene fullstendig overd\u00f8vet under det meste av markeringen.<\/p>\n\n\n\n<p>Det var etterhvert mye politi til stede for \u00e5 beskytte det fascistiske budskapet. Antifascister som kom \u201cfor n\u00e6rt\u201d ble bestemt vist tilbake. Men SIAN var sv\u00e6rt misforn\u00f8yd med at antifascistene kom s\u00e5 n\u00e6rt og kunne overd\u00f8ve dem. Thorsen fra SIAN sutret h\u00f8ylydt og sa ordrett at \u201ci en rettsstat m\u00e5 borgerne kunne ha tillit til snuten\u201d (sic) og at det kunne man ikke n\u00e5r de ikke ryddet unna motdemonstrantene.<\/p>\n\n\n\n<p>Det er p\u00e5 sin plass \u00e5 minne om at SIAN vil forby muslimer \u00e5 ut\u00f8ve religionen sin i Norge, og de vil diskriminere mennesker p\u00e5 grensa ved \u00e5 stenge alle muslimer ute av landet. Disse fascistiske tiltakene, og de ville konspirasjonsteoriene om at muslimer er globalistenes nyttige idioter (eller var det omvendt?), er det som gj\u00f8r SIAN til en del av den fascistiske bevegelsen i Europa som fors\u00f8ker \u00e5 gj\u00f8re muslimer til syndebukk for alt som er galt i samfunnet. Den klassiske syndebukk-teorien der muslimer har tatt j\u00f8denes plass i det fascistiske trusselbildet.<\/p>\n\n\n\n<figure class=\"wp-block-image\"><img data-recalc-dims=\"1\" loading=\"lazy\" decoding=\"async\" width=\"810\" height=\"608\" src=\"https:\/\/i0.wp.com\/kampkomiteen.org\/wp-content\/uploads\/2019\/06\/IMG_1133-1-1024x768.jpg?resize=810%2C608\" alt=\"\" class=\"wp-image-451\" srcset=\"https:\/\/i0.wp.com\/kampkomiteen.net\/wp-content\/uploads\/2019\/06\/IMG_1133-1.jpg?resize=1024%2C768&amp;ssl=1 1024w, https:\/\/i0.wp.com\/kampkomiteen.net\/wp-content\/uploads\/2019\/06\/IMG_1133-1.jpg?resize=300%2C225&amp;ssl=1 300w, https:\/\/i0.wp.com\/kampkomiteen.net\/wp-content\/uploads\/2019\/06\/IMG_1133-1.jpg?resize=768%2C576&amp;ssl=1 768w, https:\/\/i0.wp.com\/kampkomiteen.net\/wp-content\/uploads\/2019\/06\/IMG_1133-1.jpg?w=1620&amp;ssl=1 1620w, https:\/\/i0.wp.com\/kampkomiteen.net\/wp-content\/uploads\/2019\/06\/IMG_1133-1.jpg?w=2430&amp;ssl=1 2430w\" sizes=\"auto, (max-width: 810px) 100vw, 810px\" \/><\/figure>\n\n\n\n<p>Demonstrasjonen viste styrken, mangfoldet og samholdet blant Trondheims antifascister. Svartlamon og UFFA var sterkt representert. R\u00f8de flagg vaiet over mange motdemonstranter. Det var mennesker i alle aldersgrupper bak de antifascistiske bannerne.&nbsp;<\/p>\n\n\n\n<p>Det var mer enn ti ganger flere antifascister enn SIAN-representanter. Antifascister ropte seg hese og sto standhaftige gjennom tre timer i regnv\u00e6ret. Dermed varmet det ekstra at antifascister som dro hjem etter demonstrasjonen ble applaudert av tilfeldige restaurantgjester.<\/p>\n\n\n\n<p>En bra dag for antifascisme i Trondheim!<\/p>\n\n\n\n<p>Facebook-event for motdemonstrasjonen: <a href=\"https:\/\/www.facebook.com\/events\/854369344923685\/\">https:\/\/www.facebook.com\/events\/854369344923685\/<\/a><\/p>\n\n\n\n<p><\/p>\n","protected":false},"excerpt":{"rendered":"<p>29. juni hadde sirkus SIAN stoppestasjon i Trondheim. En h\u00e5ndfull sianister dro fra \u00d8stlandet til Trondheim og ble m\u00f8tt av b\u00e5de regnv\u00e6r og en bred demonstrasjon mot rasisme og hets mot muslimer.<\/p>\n","protected":false},"author":1,"featured_media":457,"comment_status":"closed","ping_status":"closed","sticky":false,"template":"","format":"standard","meta":{"advanced_seo_description":"","jetpack_seo_html_title":"","jetpack_seo_noindex":false,"_jetpack_memberships_contains_paid_content":false,"footnotes":""},"categories":[1],"tags":[],"class_list":["post-449","post","type-post","status-publish","format-standard","has-post-thumbnail","hentry","category-uncategorized"],"jetpack_featured_media_url":"https:\/\/i0.wp.com\/kampkomiteen.net\/wp-content\/uploads\/2019\/06\/IMG_20190629_190048.jpg?fit=4032%2C3024&ssl=1","jetpack_shortlink":"https:\/\/wp.me\/pchuPf-7f","jetpack-related-posts":[{"id":1359,"url":"https:\/\/kampkomiteen.net\/?p=1359","url_meta":{"origin":449,"position":0},"title":"SIAN m\u00f8tt med kamp og motstand i \u00c5lesund","author":"Kampkomiteen","date":"21. august 2020","format":false,"excerpt":"En av de oppm\u00f8tte holdt en kort appell om \u00e5 ikke akseptere nazistene og ikke la noen m\u00e5tte st\u00e5 og h\u00f8re p\u00e5 truslene og hatet, og begynte \u00e5 rope slagord. Etterhvert fikk den oppm\u00f8tte med seg majoriteten av de framm\u00f8tte. N\u00e5r flere og flere ble med druknet SIANs taler.","rel":"","context":"i \"Demonstrasjon\"","block_context":{"text":"Demonstrasjon","link":"https:\/\/kampkomiteen.net\/?tag=demonstrasjon"},"img":{"alt_text":"","src":"https:\/\/i0.wp.com\/kampkomiteen.net\/wp-content\/uploads\/2020\/08\/Kampkom.jpg?fit=720%2C960&ssl=1&resize=350%2C200","width":350,"height":200,"srcset":"https:\/\/i0.wp.com\/kampkomiteen.net\/wp-content\/uploads\/2020\/08\/Kampkom.jpg?fit=720%2C960&ssl=1&resize=350%2C200 1x, https:\/\/i0.wp.com\/kampkomiteen.net\/wp-content\/uploads\/2020\/08\/Kampkom.jpg?fit=720%2C960&ssl=1&resize=525%2C300 1.5x, https:\/\/i0.wp.com\/kampkomiteen.net\/wp-content\/uploads\/2020\/08\/Kampkom.jpg?fit=720%2C960&ssl=1&resize=700%2C400 2x"},"classes":[]},{"id":2927,"url":"https:\/\/kampkomiteen.net\/?p=2927","url_meta":{"origin":449,"position":1},"title":"Antifascistisk demonstrasjon mot SIAN i Trondheim","author":"Kampkomiteen","date":"24. august 2022","format":false,"excerpt":"Mandag 22. august deltok aktivister fra Kampkomiteen i Trondheim p\u00e5 en demonstrasjon mot fascistene i SIAN.\u00a0","rel":"","context":"i \"Antirasisme\"","block_context":{"text":"Antirasisme","link":"https:\/\/kampkomiteen.net\/?tag=antirasisme"},"img":{"alt_text":"","src":"https:\/\/i0.wp.com\/kampkomiteen.net\/wp-content\/uploads\/2022\/08\/banner.jpg?fit=1200%2C968&ssl=1&resize=350%2C200","width":350,"height":200,"srcset":"https:\/\/i0.wp.com\/kampkomiteen.net\/wp-content\/uploads\/2022\/08\/banner.jpg?fit=1200%2C968&ssl=1&resize=350%2C200 1x, https:\/\/i0.wp.com\/kampkomiteen.net\/wp-content\/uploads\/2022\/08\/banner.jpg?fit=1200%2C968&ssl=1&resize=525%2C300 1.5x, https:\/\/i0.wp.com\/kampkomiteen.net\/wp-content\/uploads\/2022\/08\/banner.jpg?fit=1200%2C968&ssl=1&resize=700%2C400 2x, https:\/\/i0.wp.com\/kampkomiteen.net\/wp-content\/uploads\/2022\/08\/banner.jpg?fit=1200%2C968&ssl=1&resize=1050%2C600 3x"},"classes":[]},{"id":1555,"url":"https:\/\/kampkomiteen.net\/?p=1555","url_meta":{"origin":449,"position":2},"title":"Kamp og motstand i 2020","author":"Kampkomiteen","date":"31. desember 2020","format":false,"excerpt":"2020 har st\u00e5tt i kampens tegn. Vi tar her et tilbakeblikk p\u00e5 kampene lokallaga v\u00e5re har kjempa for i \u00e5r, og lar innsatsen som er lagt ned inspirere til videre og intensivert kamp i 2021. Den r\u00f8de fana vil heises igjen og igjen blant kjempende folk i Norge og i\u2026","rel":"","context":"Liknende innlegg","block_context":{"text":"Liknende innlegg","link":""},"img":{"alt_text":"","src":"https:\/\/i0.wp.com\/kampkomiteen.net\/wp-content\/uploads\/2020\/12\/BlurImage_5-6-2020-7-49-17-1.jpg?fit=1200%2C900&ssl=1&resize=350%2C200","width":350,"height":200,"srcset":"https:\/\/i0.wp.com\/kampkomiteen.net\/wp-content\/uploads\/2020\/12\/BlurImage_5-6-2020-7-49-17-1.jpg?fit=1200%2C900&ssl=1&resize=350%2C200 1x, https:\/\/i0.wp.com\/kampkomiteen.net\/wp-content\/uploads\/2020\/12\/BlurImage_5-6-2020-7-49-17-1.jpg?fit=1200%2C900&ssl=1&resize=525%2C300 1.5x, https:\/\/i0.wp.com\/kampkomiteen.net\/wp-content\/uploads\/2020\/12\/BlurImage_5-6-2020-7-49-17-1.jpg?fit=1200%2C900&ssl=1&resize=700%2C400 2x, https:\/\/i0.wp.com\/kampkomiteen.net\/wp-content\/uploads\/2020\/12\/BlurImage_5-6-2020-7-49-17-1.jpg?fit=1200%2C900&ssl=1&resize=1050%2C600 3x"},"classes":[]},{"id":2257,"url":"https:\/\/kampkomiteen.net\/?p=2257","url_meta":{"origin":449,"position":3},"title":"Demonstrasjon mot SIAN i Bergen","author":"Kampkomiteen","date":"20. september 2021","format":false,"excerpt":"Skrevet av aktivister i Bergen L\u00f8rdag 18. september deltok Kampkomiteen p\u00e5 demonstrasjon mot SIAN p\u00e5 T\u00e5rnplassen i Bergen, hvor muslimhaterne ble totalt isolert med enorm politibeskyttelse og en kraftfull motdemonstrasjon. Helt siden hendelsene ved SIANs markering i fjor, hvor demonstranter br\u00f8t gjennom sperringene og slo Lars Thorsen, har politiet og\u2026","rel":"","context":"Liknende innlegg","block_context":{"text":"Liknende innlegg","link":""},"img":{"alt_text":"","src":"https:\/\/i0.wp.com\/kampkomiteen.net\/wp-content\/uploads\/2021\/09\/unnamed.jpg?fit=1200%2C800&ssl=1&resize=350%2C200","width":350,"height":200,"srcset":"https:\/\/i0.wp.com\/kampkomiteen.net\/wp-content\/uploads\/2021\/09\/unnamed.jpg?fit=1200%2C800&ssl=1&resize=350%2C200 1x, https:\/\/i0.wp.com\/kampkomiteen.net\/wp-content\/uploads\/2021\/09\/unnamed.jpg?fit=1200%2C800&ssl=1&resize=525%2C300 1.5x, https:\/\/i0.wp.com\/kampkomiteen.net\/wp-content\/uploads\/2021\/09\/unnamed.jpg?fit=1200%2C800&ssl=1&resize=700%2C400 2x, https:\/\/i0.wp.com\/kampkomiteen.net\/wp-content\/uploads\/2021\/09\/unnamed.jpg?fit=1200%2C800&ssl=1&resize=1050%2C600 3x"},"classes":[]},{"id":2416,"url":"https:\/\/kampkomiteen.net\/?p=2416","url_meta":{"origin":449,"position":4},"title":"Kamp og motstand i 2021","author":"Kampkomiteen","date":"2. januar 2022","format":false,"excerpt":"Som 2020 har ogs\u00e5 2021 har v\u00e6rt prega av krise og represjon. Politi og myndigheter har brukte enorme ressurser til \u00e5 kvele kampen mot rasistene i SIAN, og pandemi-restriksjoner har lagt en demper p\u00e5 arrangementer som 8. mars og 1. mai. Men Kampkomiteens aktivister har trossa alle fors\u00f8k p\u00e5 \u00e5\u2026","rel":"","context":"Liknende innlegg","block_context":{"text":"Liknende innlegg","link":""},"img":{"alt_text":"","src":"https:\/\/i0.wp.com\/kampkomiteen.net\/wp-content\/uploads\/2021\/05\/1-1.jpg?fit=1200%2C900&ssl=1&resize=350%2C200","width":350,"height":200,"srcset":"https:\/\/i0.wp.com\/kampkomiteen.net\/wp-content\/uploads\/2021\/05\/1-1.jpg?fit=1200%2C900&ssl=1&resize=350%2C200 1x, https:\/\/i0.wp.com\/kampkomiteen.net\/wp-content\/uploads\/2021\/05\/1-1.jpg?fit=1200%2C900&ssl=1&resize=525%2C300 1.5x, https:\/\/i0.wp.com\/kampkomiteen.net\/wp-content\/uploads\/2021\/05\/1-1.jpg?fit=1200%2C900&ssl=1&resize=700%2C400 2x, https:\/\/i0.wp.com\/kampkomiteen.net\/wp-content\/uploads\/2021\/05\/1-1.jpg?fit=1200%2C900&ssl=1&resize=1050%2C600 3x"},"classes":[]},{"id":2727,"url":"https:\/\/kampkomiteen.net\/?p=2727","url_meta":{"origin":449,"position":5},"title":"Demonstrasjon mot Sian i Drammen","author":"Kampkomiteen","date":"22. mai 2022","format":false,"excerpt":"L\u00f8rdag 14. mai kom rasistene i Sian til Drammen, og en gruppe aktivister fra Kampkomiteen deltok i motdemonstrasjonen.","rel":"","context":"i \"Antirasisme\"","block_context":{"text":"Antirasisme","link":"https:\/\/kampkomiteen.net\/?tag=antirasisme"},"img":{"alt_text":"","src":"https:\/\/i0.wp.com\/kampkomiteen.net\/wp-content\/uploads\/2022\/05\/motdemonstrasjon-drammen-scaled.jpg?fit=1200%2C900&ssl=1&resize=350%2C200","width":350,"height":200,"srcset":"https:\/\/i0.wp.com\/kampkomiteen.net\/wp-content\/uploads\/2022\/05\/motdemonstrasjon-drammen-scaled.jpg?fit=1200%2C900&ssl=1&resize=350%2C200 1x, https:\/\/i0.wp.com\/kampkomiteen.net\/wp-content\/uploads\/2022\/05\/motdemonstrasjon-drammen-scaled.jpg?fit=1200%2C900&ssl=1&resize=525%2C300 1.5x, https:\/\/i0.wp.com\/kampkomiteen.net\/wp-content\/uploads\/2022\/05\/motdemonstrasjon-drammen-scaled.jpg?fit=1200%2C900&ssl=1&resize=700%2C400 2x, https:\/\/i0.wp.com\/kampkomiteen.net\/wp-content\/uploads\/2022\/05\/motdemonstrasjon-drammen-scaled.jpg?fit=1200%2C900&ssl=1&resize=1050%2C600 3x"},"classes":[]}],"jetpack_sharing_enabled":true,"_links":{"self":[{"href":"https:\/\/kampkomiteen.net\/index.php?rest_route=\/wp\/v2\/posts\/449","targetHints":{"allow":["GET"]}}],"collection":[{"href":"https:\/\/kampkomiteen.net\/index.php?rest_route=\/wp\/v2\/posts"}],"about":[{"href":"https:\/\/kampkomiteen.net\/index.php?rest_route=\/wp\/v2\/types\/post"}],"author":[{"embeddable":true,"href":"https:\/\/kampkomiteen.net\/index.php?rest_route=\/wp\/v2\/users\/1"}],"replies":[{"embeddable":true,"href":"https:\/\/kampkomiteen.net\/index.php?rest_route=%2Fwp%2Fv2%2Fcomments&post=449"}],"version-history":[{"count":0,"href":"https:\/\/kampkomiteen.net\/index.php?rest_route=\/wp\/v2\/posts\/449\/revisions"}],"wp:featuredmedia":[{"embeddable":true,"href":"https:\/\/kampkomiteen.net\/index.php?rest_route=\/wp\/v2\/media\/457"}],"wp:attachment":[{"href":"https:\/\/kampkomiteen.net\/index.php?rest_route=%2Fwp%2Fv2%2Fmedia&parent=449"}],"wp:term":[{"taxonomy":"category","embeddable":true,"href":"https:\/\/kampkomiteen.net\/index.php?rest_route=%2Fwp%2Fv2%2Fcategories&post=449"},{"taxonomy":"post_tag","embeddable":true,"href":"https:\/\/kampkomiteen.net\/index.php?rest_route=%2Fwp%2Fv2%2Ftags&post=449"}],"curies":[{"name":"wp","href":"https:\/\/api.w.org\/{rel}","templated":true}]}}