{"id":3269,"date":"2022-12-17T19:11:33","date_gmt":"2022-12-17T18:11:33","guid":{"rendered":"https:\/\/kampkomiteen.org\/?p=3269"},"modified":"2022-12-17T19:11:35","modified_gmt":"2022-12-17T18:11:35","slug":"oslo-demonstrasjon-mot-russland-og-nato","status":"publish","type":"post","link":"https:\/\/kampkomiteen.net\/?p=3269","title":{"rendered":"Oslo: Demonstrasjon mot Russland og NATO"},"content":{"rendered":"<div id=\"fb-root\"><\/div>\n\n<p><em>Skrevet av aktivister i Oslo.<\/em><\/p>\n\n\n\n<p>L\u00f8rdag 17. desember deltok Kampkomiteen sammen med gruppa Anti-Tyranny for Iran p\u00e5 en demonstrasjon foran Stortinget mot Russland, NATO og Putin.<\/p>\n\n\n\n<figure class=\"wp-block-image\"><img decoding=\"async\" src=\"https:\/\/lh5.googleusercontent.com\/IulTxSih3ad-c1mGx1I40jB8e9CQMwlh3ircSFgMOcRXJt9u0m1D4wK7mClcsW3Oe6gaW5QPB8Ojsf4jhAr6ODeZBndeel529RXR-IRZ_cSH4-ZLVWhzTcp8hcqPU7_7aOdK_D9uOgRZTdKq2DGeyKS5j36Iwm-Y7Jc1pWnpFOwgSQ4LPh3YpXSm7XurLA\" alt=\"\"\/><\/figure>\n\n\n\n<figure class=\"wp-block-image\"><img decoding=\"async\" src=\"https:\/\/lh4.googleusercontent.com\/dBJuYaPhwpZY2QdweOlHZ5UOr-25jo0UAmTFlUjI5PMI3aM-x7b4SVleZptfP6WvqSYf9m2KLjQuvnTMmb3Rn9zOvjGWQPLlzl6rGU4LO18HpqumHLwdO5yZUNpgt1nUN_ECS9FVA07NP7TdTMW699ioGsVQcVeL76k1mWq9CzA4YwOXnTwZhKpLvi25KA\" alt=\"\"\/><\/figure>\n","protected":false},"excerpt":{"rendered":"<p>L\u00f8rdag 17. desember deltok Kampkomiteen sammen med gruppa Anti-Tyranny for Iran p\u00e5 en demonstrasjon foran Stortinget mot Russland, NATO og Putin.<\/p>\n","protected":false},"author":8,"featured_media":3270,"comment_status":"closed","ping_status":"closed","sticky":false,"template":"","format":"standard","meta":{"advanced_seo_description":"","jetpack_seo_html_title":"","jetpack_seo_noindex":false,"_jetpack_memberships_contains_paid_content":false,"footnotes":""},"categories":[1],"tags":[4,16,45],"class_list":["post-3269","post","type-post","status-publish","format-standard","has-post-thumbnail","hentry","category-uncategorized","tag-demonstrasjon","tag-nato","tag-russland"],"jetpack_featured_media_url":"https:\/\/i0.wp.com\/kampkomiteen.net\/wp-content\/uploads\/2022\/12\/5.jpg?fit=2048%2C1153&ssl=1","jetpack_shortlink":"https:\/\/wp.me\/pchuPf-QJ","jetpack-related-posts":[{"id":6248,"url":"https:\/\/kampkomiteen.net\/?p=6248","url_meta":{"origin":3269,"position":0},"title":"Oslo: Markering mot NATO-toppm\u00f8te og Jens Stoltenberg","author":"Kampkomiteen","date":"1. juni 2023","format":false,"excerpt":"Kampkomiteen deltok 31. mai i en markering mot NATO og Jens Stoltenberg foran Stortinget arrangert av organisasjonene Stopp NATO og Fredsinitiativet.\u00a0","rel":"","context":"i \"Antiimperialisme\"","block_context":{"text":"Antiimperialisme","link":"https:\/\/kampkomiteen.net\/?tag=antiimperialisme"},"img":{"alt_text":"","src":"https:\/\/i0.wp.com\/kampkomiteen.net\/wp-content\/uploads\/2023\/06\/image-4.png?fit=1004%2C753&ssl=1&resize=350%2C200","width":350,"height":200,"srcset":"https:\/\/i0.wp.com\/kampkomiteen.net\/wp-content\/uploads\/2023\/06\/image-4.png?fit=1004%2C753&ssl=1&resize=350%2C200 1x, https:\/\/i0.wp.com\/kampkomiteen.net\/wp-content\/uploads\/2023\/06\/image-4.png?fit=1004%2C753&ssl=1&resize=525%2C300 1.5x, https:\/\/i0.wp.com\/kampkomiteen.net\/wp-content\/uploads\/2023\/06\/image-4.png?fit=1004%2C753&ssl=1&resize=700%2C400 2x"},"classes":[]},{"id":5851,"url":"https:\/\/kampkomiteen.net\/?p=5851","url_meta":{"origin":3269,"position":1},"title":"Trondheim: Demonstrasjon mot dyrtid og Russlands angrepskrig mot Ukraina","author":"Kampkomiteen","date":"5. mars 2023","format":false,"excerpt":"L\u00f8rdag 4. mars ble det holdt en demonstrasjon i Trondheim mot dyrtid og Russlands angrepskrig mot Ukraina.","rel":"","context":"i \"Demonstrasjon\"","block_context":{"text":"Demonstrasjon","link":"https:\/\/kampkomiteen.net\/?tag=demonstrasjon"},"img":{"alt_text":"","src":"https:\/\/i0.wp.com\/kampkomiteen.net\/wp-content\/uploads\/2023\/03\/appellkk-scaled.jpg?fit=1200%2C800&ssl=1&resize=350%2C200","width":350,"height":200,"srcset":"https:\/\/i0.wp.com\/kampkomiteen.net\/wp-content\/uploads\/2023\/03\/appellkk-scaled.jpg?fit=1200%2C800&ssl=1&resize=350%2C200 1x, https:\/\/i0.wp.com\/kampkomiteen.net\/wp-content\/uploads\/2023\/03\/appellkk-scaled.jpg?fit=1200%2C800&ssl=1&resize=525%2C300 1.5x, https:\/\/i0.wp.com\/kampkomiteen.net\/wp-content\/uploads\/2023\/03\/appellkk-scaled.jpg?fit=1200%2C800&ssl=1&resize=700%2C400 2x, https:\/\/i0.wp.com\/kampkomiteen.net\/wp-content\/uploads\/2023\/03\/appellkk-scaled.jpg?fit=1200%2C800&ssl=1&resize=1050%2C600 3x"},"classes":[]},{"id":6239,"url":"https:\/\/kampkomiteen.net\/?p=6239","url_meta":{"origin":3269,"position":2},"title":"Fellesuttalelse: NATO ut av Norge","author":"Kampkomiteen","date":"31. mai 2023","format":false,"excerpt":"Videre opptrapping av krigen i Ukraina st\u00e5r p\u00e5 dagsorden n\u00e5r utenriksministrene i NATO samles til et s\u00e5kalt uformelt m\u00f8te i Oslo 31. mai \u2013 1. juni 2023. Anti-imperialister og fredsvenner samler seg til en demonstrasjon i regi av Stopp NATO og Fredsinitiativet 2022.","rel":"","context":"i \"Demonstrasjon\"","block_context":{"text":"Demonstrasjon","link":"https:\/\/kampkomiteen.net\/?tag=demonstrasjon"},"img":{"alt_text":"","src":"https:\/\/i0.wp.com\/kampkomiteen.net\/wp-content\/uploads\/2023\/05\/20181027-stopp-tj8-oslo.jpg?fit=960%2C574&ssl=1&resize=350%2C200","width":350,"height":200,"srcset":"https:\/\/i0.wp.com\/kampkomiteen.net\/wp-content\/uploads\/2023\/05\/20181027-stopp-tj8-oslo.jpg?fit=960%2C574&ssl=1&resize=350%2C200 1x, https:\/\/i0.wp.com\/kampkomiteen.net\/wp-content\/uploads\/2023\/05\/20181027-stopp-tj8-oslo.jpg?fit=960%2C574&ssl=1&resize=525%2C300 1.5x, https:\/\/i0.wp.com\/kampkomiteen.net\/wp-content\/uploads\/2023\/05\/20181027-stopp-tj8-oslo.jpg?fit=960%2C574&ssl=1&resize=700%2C400 2x"},"classes":[]},{"id":9595,"url":"https:\/\/kampkomiteen.net\/?p=9595","url_meta":{"origin":3269,"position":3},"title":"Oslo: Mobilisering til demonstrasjon mot landskampen 11. oktober","author":"Kampkomiteen","date":"30. september 2025","format":false,"excerpt":"Fredag 26. september deltok aktivister fra Kampkomiteen p\u00e5 en palestinademonstrajon foran Stortinget. Kampkomiteen mobiliserte til demonstrasjon mot landskampen mellom Norge og Israel som skal spilles 11. oktober med et stort banner.","rel":"","context":"i \"Demonstrasjon\"","block_context":{"text":"Demonstrasjon","link":"https:\/\/kampkomiteen.net\/?tag=demonstrasjon"},"img":{"alt_text":"","src":"https:\/\/i0.wp.com\/kampkomiteen.net\/wp-content\/uploads\/2025\/09\/bilde-2-ferdig-ny-scaled.jpg?fit=1200%2C800&ssl=1&resize=350%2C200","width":350,"height":200,"srcset":"https:\/\/i0.wp.com\/kampkomiteen.net\/wp-content\/uploads\/2025\/09\/bilde-2-ferdig-ny-scaled.jpg?fit=1200%2C800&ssl=1&resize=350%2C200 1x, https:\/\/i0.wp.com\/kampkomiteen.net\/wp-content\/uploads\/2025\/09\/bilde-2-ferdig-ny-scaled.jpg?fit=1200%2C800&ssl=1&resize=525%2C300 1.5x, https:\/\/i0.wp.com\/kampkomiteen.net\/wp-content\/uploads\/2025\/09\/bilde-2-ferdig-ny-scaled.jpg?fit=1200%2C800&ssl=1&resize=700%2C400 2x, https:\/\/i0.wp.com\/kampkomiteen.net\/wp-content\/uploads\/2025\/09\/bilde-2-ferdig-ny-scaled.jpg?fit=1200%2C800&ssl=1&resize=1050%2C600 3x"},"classes":[]},{"id":8229,"url":"https:\/\/kampkomiteen.net\/?p=8229","url_meta":{"origin":3269,"position":4},"title":"Oslo: Energisk demonstrasjon for Gaza","author":"Kampkomiteen","date":"3. februar 2025","format":false,"excerpt":"L\u00f8rdag den 18. januar deltok aktivister fra Kampkomiteen i Oslo p\u00e5 en demonstrasjon for Gaza foran Israels ambassade. Demonstrasjonen var organisert av Handala foreningen.","rel":"","context":"i \"Demonstrasjon\"","block_context":{"text":"Demonstrasjon","link":"https:\/\/kampkomiteen.net\/?tag=demonstrasjon"},"img":{"alt_text":"","src":"https:\/\/i0.wp.com\/kampkomiteen.net\/wp-content\/uploads\/2025\/02\/1b.jpg?fit=1200%2C800&ssl=1&resize=350%2C200","width":350,"height":200,"srcset":"https:\/\/i0.wp.com\/kampkomiteen.net\/wp-content\/uploads\/2025\/02\/1b.jpg?fit=1200%2C800&ssl=1&resize=350%2C200 1x, https:\/\/i0.wp.com\/kampkomiteen.net\/wp-content\/uploads\/2025\/02\/1b.jpg?fit=1200%2C800&ssl=1&resize=525%2C300 1.5x, https:\/\/i0.wp.com\/kampkomiteen.net\/wp-content\/uploads\/2025\/02\/1b.jpg?fit=1200%2C800&ssl=1&resize=700%2C400 2x, https:\/\/i0.wp.com\/kampkomiteen.net\/wp-content\/uploads\/2025\/02\/1b.jpg?fit=1200%2C800&ssl=1&resize=1050%2C600 3x"},"classes":[]},{"id":2743,"url":"https:\/\/kampkomiteen.net\/?p=2743","url_meta":{"origin":3269,"position":5},"title":"Demonstrasjon mot Sian i Oslo","author":"Kampkomiteen","date":"1. juni 2022","format":false,"excerpt":"L\u00f8rdag 28. mai demonstrerte rundt 150 personer mot rasistiske SIAN p\u00e5 Eidsvolls plass i Oslo. Etter at rasistene hadde pakket sammen og forlatt plassen med politieskorte fortsatte motdemonstrasjon i et demonstrasjontog nedover Karl Johans gate og avsluttet med appeller foran det antinazistiske Osvald-monumentet p\u00e5 Jernbanetorget.","rel":"","context":"i \"Antirasisme\"","block_context":{"text":"Antirasisme","link":"https:\/\/kampkomiteen.net\/?tag=antirasisme"},"img":{"alt_text":"","src":"https:\/\/i0.wp.com\/kampkomiteen.net\/wp-content\/uploads\/2022\/06\/Untitled.jpg?fit=1200%2C895&ssl=1&resize=350%2C200","width":350,"height":200,"srcset":"https:\/\/i0.wp.com\/kampkomiteen.net\/wp-content\/uploads\/2022\/06\/Untitled.jpg?fit=1200%2C895&ssl=1&resize=350%2C200 1x, https:\/\/i0.wp.com\/kampkomiteen.net\/wp-content\/uploads\/2022\/06\/Untitled.jpg?fit=1200%2C895&ssl=1&resize=525%2C300 1.5x, https:\/\/i0.wp.com\/kampkomiteen.net\/wp-content\/uploads\/2022\/06\/Untitled.jpg?fit=1200%2C895&ssl=1&resize=700%2C400 2x, https:\/\/i0.wp.com\/kampkomiteen.net\/wp-content\/uploads\/2022\/06\/Untitled.jpg?fit=1200%2C895&ssl=1&resize=1050%2C600 3x"},"classes":[]}],"jetpack_sharing_enabled":true,"_links":{"self":[{"href":"https:\/\/kampkomiteen.net\/index.php?rest_route=\/wp\/v2\/posts\/3269","targetHints":{"allow":["GET"]}}],"collection":[{"href":"https:\/\/kampkomiteen.net\/index.php?rest_route=\/wp\/v2\/posts"}],"about":[{"href":"https:\/\/kampkomiteen.net\/index.php?rest_route=\/wp\/v2\/types\/post"}],"author":[{"embeddable":true,"href":"https:\/\/kampkomiteen.net\/index.php?rest_route=\/wp\/v2\/users\/8"}],"replies":[{"embeddable":true,"href":"https:\/\/kampkomiteen.net\/index.php?rest_route=%2Fwp%2Fv2%2Fcomments&post=3269"}],"version-history":[{"count":0,"href":"https:\/\/kampkomiteen.net\/index.php?rest_route=\/wp\/v2\/posts\/3269\/revisions"}],"wp:featuredmedia":[{"embeddable":true,"href":"https:\/\/kampkomiteen.net\/index.php?rest_route=\/wp\/v2\/media\/3270"}],"wp:attachment":[{"href":"https:\/\/kampkomiteen.net\/index.php?rest_route=%2Fwp%2Fv2%2Fmedia&parent=3269"}],"wp:term":[{"taxonomy":"category","embeddable":true,"href":"https:\/\/kampkomiteen.net\/index.php?rest_route=%2Fwp%2Fv2%2Fcategories&post=3269"},{"taxonomy":"post_tag","embeddable":true,"href":"https:\/\/kampkomiteen.net\/index.php?rest_route=%2Fwp%2Fv2%2Ftags&post=3269"}],"curies":[{"name":"wp","href":"https:\/\/api.w.org\/{rel}","templated":true}]}}