{"id":3249,"date":"2022-12-17T10:21:12","date_gmt":"2022-12-17T09:21:12","guid":{"rendered":"https:\/\/kampkomiteen.org\/?p=3249"},"modified":"2022-12-19T22:46:38","modified_gmt":"2022-12-19T21:46:38","slug":"bergen-markering-mot-prisstigning-og-kutt","status":"publish","type":"post","link":"https:\/\/kampkomiteen.net\/?p=3249","title":{"rendered":"Bergen: Markering mot prisstigning og kutt"},"content":{"rendered":"<div id=\"fb-root\"><\/div>\n\n<p><em>Skrevet av aktivister i Bergen.<\/em><\/p>\n\n\n\n<p><strong>11. desember deltok Kampkomiteen p\u00e5 en markering mot pris\u00f8kning og usosiale kutt i Bergen. <\/strong><\/p>\n\n\n\n<p>Markeringen ble holdt p\u00e5 Torgallmenningen og var et samarbeid mellom flere ulike grupper.<br>Hovedparolene for markeringen var:<br><strong>Kamp mot pris\u00f8kningene!<\/strong><br><strong>Nei til \u00f8kt husleie!<\/strong><br><strong>Stopp velferdskuttene!<\/strong><\/p>\n\n\n\n<p>Det ble holdt appeller som satte fokus p\u00e5 de \u00f8kte prisene og p\u00e5 de usosiale kuttene som blir gjennomf\u00f8rt av stat og kommune. Appellene ble m\u00f8tt av heiing og hoiing fra forbipasserende og det ble delt ut l\u00f8pesedler fra de som deltok i markeringen.<\/p>\n\n\n\n<hr class=\"wp-block-separator\"\/>\n\n\n\n<p><strong>Noen utdrag fra appellen til Kampkomiteen:<\/strong><\/p>\n\n\n\n<p>Prisene p\u00e5 str\u00f8m har skutt i v\u00e6ret og har tidvis v\u00e6rt over 20 ganger normalen. Prisene p\u00e5 drivstoff, mat, husleie og mye annet har ogs\u00e5 \u00f8kt kraftig! S\u00e6rlig de billigste matvarene og de grunnleggende varene har \u00f8kt mest. I Bergen har husleien \u00f8kt kraftig i \u00e5r.<\/p>\n\n\n\n<p>De fattige blir flere og de blir fattigere! I enkelte bydeler som Solheim, Sletten og Loddefjord er barnefattigdommen h\u00f8y allerede f\u00f8r krisa. Hva er kommunens l\u00f8sning? De \u00f8ker prisen p\u00e5 SFO og \u00f8ker prisen for mat i SFO og barnehage! De velter byrden av krisen over p\u00e5 de fattige!<\/p>\n\n\n\n<p>Prisene p\u00e5 husleie stiger kraftig. Samtidig har kommunen latt kommunalboligene p\u00e5 Lotheveien forfalle og st\u00e5 tomme i flere \u00e5r. Kommunen skulle renovere disse. Men med de foresl\u00e5tte kuttene skal boligene istedenfor selges til boliginvestorer! Noe som kommer til \u00e5 fortsette \u00e5 drive opp leieprisene i et omr\u00e5de der barnefattigdommen er over 20%.<\/p>\n\n\n\n<p>L\u00f8nnen og trygden henger ikke med pris\u00f8kningen! Den ligger stort sett under de offisielle tallene for pris\u00f8kningen. Og de offisielle tallene vet vi godt at er lavere enn virkerligheten! S\u00e6rlig for fattige! Vi m\u00e5 avvise alle krav om fredsplikt! I krisetider viser det seg hvem klassesamarbeidet tjener! De velter byrden av krisen over p\u00e5 oss og krever at streik skal skje i \u201cordnede former\u201d! De krever at arbeidere bare skal f\u00e5 drive kamp og streik hvert andre \u00e5r mens de selv raner arbeiderklassen hver eneste dag og uke! Hver m\u00e5ned som g\u00e5r kuttes l\u00f8nnen av \u00f8kende priser!<\/p>\n\n\n\n<p>Vi m\u00e5 fortsette denne kampen! Vi m\u00e5 fortsette \u00e5 demonstrere! Fortsette \u00e5 mobilisere folk i byen, p\u00e5 arbeidsplasser, p\u00e5 skoler og universitet, i v\u00e5re bydeler!<\/p>\n\n\n\n<p>Vi m\u00e5 ta opp kampen mot \u00f8kt husleie! Vi m\u00e5 nekte \u00e5 godta at boliginvestorer tjener godt p\u00e5 folk som allerede sliter! Vi m\u00e5 ikke godta at Bergen Kommune selger boligene p\u00e5 Lotheveien til boliginvestorer, og krever at planen med \u00e5 renovere disse fortsetter!<\/p>\n\n\n\n<p>Vi m\u00e5 ikke godta de h\u00f8ye str\u00f8mprisene! Vi m\u00e5 kreve makspris! Vi m\u00e5 ta kampen til str\u00f8mselskapene, staten og kommunen! Vi m\u00e5 fortsette \u00e5 demonstrere mot h\u00f8ye str\u00f8mpriser.<\/p>\n\n\n\n<p>Vi kan ikke godta kommunens kutt! Vi kan ikke godta at kommunen gj\u00f8r SFO dyrere!<\/p>\n\n\n\n<p>Vi kan ikke godta at l\u00f8nnen og trygden ikke f\u00f8lger etter pristigningen! Ingen fredsplikt n\u00e5r kapitalen selv velter enorme byrder p\u00e5 oss! Streik for h\u00f8yere l\u00f8nn!&nbsp;<\/p>\n\n\n\n<figure class=\"wp-block-image size-full\"><img data-recalc-dims=\"1\" loading=\"lazy\" decoding=\"async\" width=\"810\" height=\"608\" src=\"https:\/\/i0.wp.com\/kampkomiteen.org\/wp-content\/uploads\/2022\/12\/IMG_0824.jpg?resize=810%2C608&#038;ssl=1\" alt=\"\" class=\"wp-image-3251\" srcset=\"https:\/\/i0.wp.com\/kampkomiteen.net\/wp-content\/uploads\/2022\/12\/IMG_0824.jpg?w=2048&amp;ssl=1 2048w, https:\/\/i0.wp.com\/kampkomiteen.net\/wp-content\/uploads\/2022\/12\/IMG_0824.jpg?resize=1000%2C750&amp;ssl=1 1000w, https:\/\/i0.wp.com\/kampkomiteen.net\/wp-content\/uploads\/2022\/12\/IMG_0824.jpg?resize=768%2C576&amp;ssl=1 768w, https:\/\/i0.wp.com\/kampkomiteen.net\/wp-content\/uploads\/2022\/12\/IMG_0824.jpg?resize=1536%2C1152&amp;ssl=1 1536w, https:\/\/i0.wp.com\/kampkomiteen.net\/wp-content\/uploads\/2022\/12\/IMG_0824.jpg?w=1620&amp;ssl=1 1620w\" sizes=\"auto, (max-width: 810px) 100vw, 810px\" \/><\/figure>\n\n\n\n<figure class=\"wp-block-image size-full is-resized\"><img data-recalc-dims=\"1\" loading=\"lazy\" decoding=\"async\" src=\"https:\/\/i0.wp.com\/kampkomiteen.org\/wp-content\/uploads\/2022\/12\/IMG_0829.jpg?resize=810%2C608&#038;ssl=1\" alt=\"\" class=\"wp-image-3252\" width=\"810\" height=\"608\"\/><\/figure>\n\n\n\n<figure class=\"wp-block-image size-full\"><img data-recalc-dims=\"1\" loading=\"lazy\" decoding=\"async\" width=\"810\" height=\"608\" src=\"https:\/\/i0.wp.com\/kampkomiteen.org\/wp-content\/uploads\/2022\/12\/IMG_0823-1.jpg?resize=810%2C608&#038;ssl=1\" alt=\"\" class=\"wp-image-3254\" srcset=\"https:\/\/i0.wp.com\/kampkomiteen.net\/wp-content\/uploads\/2022\/12\/IMG_0823-1.jpg?w=960&amp;ssl=1 960w, https:\/\/i0.wp.com\/kampkomiteen.net\/wp-content\/uploads\/2022\/12\/IMG_0823-1.jpg?resize=768%2C576&amp;ssl=1 768w\" sizes=\"auto, (max-width: 810px) 100vw, 810px\" \/><\/figure>\n","protected":false},"excerpt":{"rendered":"<p>11. desember deltok kampkomiteen p\u00e5 en markering mot pris\u00f8kning og usosiale kutt i Bergen.<\/p>\n","protected":false},"author":8,"featured_media":3250,"comment_status":"closed","ping_status":"closed","sticky":false,"template":"","format":"standard","meta":{"advanced_seo_description":"","jetpack_seo_html_title":"","jetpack_seo_noindex":false,"_jetpack_memberships_contains_paid_content":false,"footnotes":""},"categories":[1],"tags":[],"class_list":["post-3249","post","type-post","status-publish","format-standard","has-post-thumbnail","hentry","category-uncategorized"],"jetpack_featured_media_url":"https:\/\/i0.wp.com\/kampkomiteen.net\/wp-content\/uploads\/2022\/12\/IMG_0823.jpg?fit=960%2C720&ssl=1","jetpack_shortlink":"https:\/\/wp.me\/pchuPf-Qp","jetpack-related-posts":[{"id":6972,"url":"https:\/\/kampkomiteen.net\/?p=6972","url_meta":{"origin":3249,"position":0},"title":"Bergen: 8. mars mot imperialisme","author":"Kampkomiteen","date":"9. mars 2024","format":false,"excerpt":"Aktivister fra Kampkomiteen har markert 8. mars i Bergen. Kampkomiteen deltok i toget for palestinasolidariteten. Etterp\u00e5 deltok kampkomiteen p\u00e5 en anti-imperialistisk markering.","rel":"","context":"i \"Bergen\"","block_context":{"text":"Bergen","link":"https:\/\/kampkomiteen.net\/?tag=bergen"},"img":{"alt_text":"","src":"https:\/\/i0.wp.com\/kampkomiteen.net\/wp-content\/uploads\/2024\/03\/8.mars-Bergen.jpg?fit=1200%2C900&ssl=1&resize=350%2C200","width":350,"height":200,"srcset":"https:\/\/i0.wp.com\/kampkomiteen.net\/wp-content\/uploads\/2024\/03\/8.mars-Bergen.jpg?fit=1200%2C900&ssl=1&resize=350%2C200 1x, https:\/\/i0.wp.com\/kampkomiteen.net\/wp-content\/uploads\/2024\/03\/8.mars-Bergen.jpg?fit=1200%2C900&ssl=1&resize=525%2C300 1.5x, https:\/\/i0.wp.com\/kampkomiteen.net\/wp-content\/uploads\/2024\/03\/8.mars-Bergen.jpg?fit=1200%2C900&ssl=1&resize=700%2C400 2x, https:\/\/i0.wp.com\/kampkomiteen.net\/wp-content\/uploads\/2024\/03\/8.mars-Bergen.jpg?fit=1200%2C900&ssl=1&resize=1050%2C600 3x"},"classes":[]},{"id":6647,"url":"https:\/\/kampkomiteen.net\/?p=6647","url_meta":{"origin":3249,"position":1},"title":"Markeringer av 25. november","author":"Kampkomiteen","date":"27. november 2023","format":false,"excerpt":"Kampkomiteen har markert den internasjonale dagen for solidaritet og kamp mot vold mot kvinner i Oslo, Bergen, Trondheim og Kristiansand.","rel":"","context":"i \"Demonstrasjon\"","block_context":{"text":"Demonstrasjon","link":"https:\/\/kampkomiteen.net\/?tag=demonstrasjon"},"img":{"alt_text":"","src":"https:\/\/i0.wp.com\/kampkomiteen.net\/wp-content\/uploads\/2023\/11\/Untitled.png?fit=1076%2C666&ssl=1&resize=350%2C200","width":350,"height":200,"srcset":"https:\/\/i0.wp.com\/kampkomiteen.net\/wp-content\/uploads\/2023\/11\/Untitled.png?fit=1076%2C666&ssl=1&resize=350%2C200 1x, https:\/\/i0.wp.com\/kampkomiteen.net\/wp-content\/uploads\/2023\/11\/Untitled.png?fit=1076%2C666&ssl=1&resize=525%2C300 1.5x, https:\/\/i0.wp.com\/kampkomiteen.net\/wp-content\/uploads\/2023\/11\/Untitled.png?fit=1076%2C666&ssl=1&resize=700%2C400 2x, https:\/\/i0.wp.com\/kampkomiteen.net\/wp-content\/uploads\/2023\/11\/Untitled.png?fit=1076%2C666&ssl=1&resize=1050%2C600 3x"},"classes":[]},{"id":8555,"url":"https:\/\/kampkomiteen.net\/?p=8555","url_meta":{"origin":3249,"position":2},"title":"Bergen: 8. mars mot imperialisme","author":"Kampkomiteen","date":"9. mars 2025","format":false,"excerpt":"Kampkomiteen i Bergen markerte 8. mars mot imperialisme. F\u00f8rst deltok Kampkomiteen i Bergen p\u00e5 en anti-imperialistisk markering p\u00e5 biblioteksplassen sammen med Bergen4Palestine, Revolusjon\u00e6rt Kommunistisk Forbund, Touki og Aktivister for Palestina.","rel":"","context":"Liknende innlegg","block_context":{"text":"Liknende innlegg","link":""},"img":{"alt_text":"","src":"https:\/\/i0.wp.com\/kampkomiteen.net\/wp-content\/uploads\/2025\/03\/20250308_1608360-scaled.jpg?fit=1200%2C667&ssl=1&resize=350%2C200","width":350,"height":200,"srcset":"https:\/\/i0.wp.com\/kampkomiteen.net\/wp-content\/uploads\/2025\/03\/20250308_1608360-scaled.jpg?fit=1200%2C667&ssl=1&resize=350%2C200 1x, https:\/\/i0.wp.com\/kampkomiteen.net\/wp-content\/uploads\/2025\/03\/20250308_1608360-scaled.jpg?fit=1200%2C667&ssl=1&resize=525%2C300 1.5x, https:\/\/i0.wp.com\/kampkomiteen.net\/wp-content\/uploads\/2025\/03\/20250308_1608360-scaled.jpg?fit=1200%2C667&ssl=1&resize=700%2C400 2x, https:\/\/i0.wp.com\/kampkomiteen.net\/wp-content\/uploads\/2025\/03\/20250308_1608360-scaled.jpg?fit=1200%2C667&ssl=1&resize=1050%2C600 3x"},"classes":[]},{"id":7371,"url":"https:\/\/kampkomiteen.net\/?p=7371","url_meta":{"origin":3249,"position":3},"title":"Bergen: Nakba-markering","author":"Kampkomiteen","date":"16. mai 2024","format":false,"excerpt":"Kampkomiteen deltok 15. mai p\u00e5 en markering av Nakba i Bergen. Rundt 150 deltakere m\u00f8tte opp p\u00e5 \u00d8vre V\u00e5gsallmenning. Det ble holdt appeller, ropte slagord og markeringen gikk i tog.","rel":"","context":"i \"Bergen\"","block_context":{"text":"Bergen","link":"https:\/\/kampkomiteen.net\/?tag=bergen"},"img":{"alt_text":"","src":"https:\/\/i0.wp.com\/kampkomiteen.net\/wp-content\/uploads\/2024\/05\/IMG_4874-2-scaled.jpg?fit=1200%2C800&ssl=1&resize=350%2C200","width":350,"height":200,"srcset":"https:\/\/i0.wp.com\/kampkomiteen.net\/wp-content\/uploads\/2024\/05\/IMG_4874-2-scaled.jpg?fit=1200%2C800&ssl=1&resize=350%2C200 1x, https:\/\/i0.wp.com\/kampkomiteen.net\/wp-content\/uploads\/2024\/05\/IMG_4874-2-scaled.jpg?fit=1200%2C800&ssl=1&resize=525%2C300 1.5x, https:\/\/i0.wp.com\/kampkomiteen.net\/wp-content\/uploads\/2024\/05\/IMG_4874-2-scaled.jpg?fit=1200%2C800&ssl=1&resize=700%2C400 2x, https:\/\/i0.wp.com\/kampkomiteen.net\/wp-content\/uploads\/2024\/05\/IMG_4874-2-scaled.jpg?fit=1200%2C800&ssl=1&resize=1050%2C600 3x"},"classes":[]},{"id":2312,"url":"https:\/\/kampkomiteen.net\/?p=2312","url_meta":{"origin":3249,"position":4},"title":"Kraftfull markering av 25. november","author":"Kampkomiteen","date":"28. november 2021","format":false,"excerpt":"Kampdagen 25. november har blitt markert i flere norske byer. Aktivister fra Kampkomiteen rapporterer fra demonstrasjoner og markeringer i Oslo, Bergen, Trondheim og Kristiansand.","rel":"","context":"i \"Demonstrasjon\"","block_context":{"text":"Demonstrasjon","link":"https:\/\/kampkomiteen.net\/?tag=demonstrasjon"},"img":{"alt_text":"","src":"https:\/\/i0.wp.com\/kampkomiteen.net\/wp-content\/uploads\/2021\/11\/IMG_20211125_213631_477.jpg?fit=1200%2C974&ssl=1&resize=350%2C200","width":350,"height":200,"srcset":"https:\/\/i0.wp.com\/kampkomiteen.net\/wp-content\/uploads\/2021\/11\/IMG_20211125_213631_477.jpg?fit=1200%2C974&ssl=1&resize=350%2C200 1x, https:\/\/i0.wp.com\/kampkomiteen.net\/wp-content\/uploads\/2021\/11\/IMG_20211125_213631_477.jpg?fit=1200%2C974&ssl=1&resize=525%2C300 1.5x, https:\/\/i0.wp.com\/kampkomiteen.net\/wp-content\/uploads\/2021\/11\/IMG_20211125_213631_477.jpg?fit=1200%2C974&ssl=1&resize=700%2C400 2x, https:\/\/i0.wp.com\/kampkomiteen.net\/wp-content\/uploads\/2021\/11\/IMG_20211125_213631_477.jpg?fit=1200%2C974&ssl=1&resize=1050%2C600 3x"},"classes":[]},{"id":2537,"url":"https:\/\/kampkomiteen.net\/?p=2537","url_meta":{"origin":3249,"position":5},"title":"Rapporter fra en internasjonalistisk 8. mars","author":"Kampkomiteen","date":"10. mars 2022","format":false,"excerpt":"Kampkomiteen og andre revolusjon\u00e6re krefter har markert 8. mars sammen i Oslo, Bergen, Trondheim og Kristiansand. Aktivister fra flere byer, og ogs\u00e5 kamerater fra utlandet, bidro til \u00e5 reise den r\u00f8de fana p\u00e5 8. mars, mot imperialisme og patriarkat.","rel":"","context":"i \"8. mars\"","block_context":{"text":"8. mars","link":"https:\/\/kampkomiteen.net\/?tag=8-mars"},"img":{"alt_text":"","src":"https:\/\/i0.wp.com\/kampkomiteen.net\/wp-content\/uploads\/2022\/03\/Image_303669.jpg?fit=1200%2C676&ssl=1&resize=350%2C200","width":350,"height":200,"srcset":"https:\/\/i0.wp.com\/kampkomiteen.net\/wp-content\/uploads\/2022\/03\/Image_303669.jpg?fit=1200%2C676&ssl=1&resize=350%2C200 1x, https:\/\/i0.wp.com\/kampkomiteen.net\/wp-content\/uploads\/2022\/03\/Image_303669.jpg?fit=1200%2C676&ssl=1&resize=525%2C300 1.5x, https:\/\/i0.wp.com\/kampkomiteen.net\/wp-content\/uploads\/2022\/03\/Image_303669.jpg?fit=1200%2C676&ssl=1&resize=700%2C400 2x, https:\/\/i0.wp.com\/kampkomiteen.net\/wp-content\/uploads\/2022\/03\/Image_303669.jpg?fit=1200%2C676&ssl=1&resize=1050%2C600 3x"},"classes":[]}],"jetpack_sharing_enabled":true,"_links":{"self":[{"href":"https:\/\/kampkomiteen.net\/index.php?rest_route=\/wp\/v2\/posts\/3249","targetHints":{"allow":["GET"]}}],"collection":[{"href":"https:\/\/kampkomiteen.net\/index.php?rest_route=\/wp\/v2\/posts"}],"about":[{"href":"https:\/\/kampkomiteen.net\/index.php?rest_route=\/wp\/v2\/types\/post"}],"author":[{"embeddable":true,"href":"https:\/\/kampkomiteen.net\/index.php?rest_route=\/wp\/v2\/users\/8"}],"replies":[{"embeddable":true,"href":"https:\/\/kampkomiteen.net\/index.php?rest_route=%2Fwp%2Fv2%2Fcomments&post=3249"}],"version-history":[{"count":0,"href":"https:\/\/kampkomiteen.net\/index.php?rest_route=\/wp\/v2\/posts\/3249\/revisions"}],"wp:featuredmedia":[{"embeddable":true,"href":"https:\/\/kampkomiteen.net\/index.php?rest_route=\/wp\/v2\/media\/3250"}],"wp:attachment":[{"href":"https:\/\/kampkomiteen.net\/index.php?rest_route=%2Fwp%2Fv2%2Fmedia&parent=3249"}],"wp:term":[{"taxonomy":"category","embeddable":true,"href":"https:\/\/kampkomiteen.net\/index.php?rest_route=%2Fwp%2Fv2%2Fcategories&post=3249"},{"taxonomy":"post_tag","embeddable":true,"href":"https:\/\/kampkomiteen.net\/index.php?rest_route=%2Fwp%2Fv2%2Ftags&post=3249"}],"curies":[{"name":"wp","href":"https:\/\/api.w.org\/{rel}","templated":true}]}}