{"id":2405,"date":"2021-12-16T22:49:14","date_gmt":"2021-12-16T21:49:14","guid":{"rendered":"https:\/\/kampkomiteen.org\/?p=2405"},"modified":"2021-12-18T16:44:48","modified_gmt":"2021-12-18T15:44:48","slug":"antirasistisk-hiphop-konsert-2","status":"publish","type":"post","link":"https:\/\/kampkomiteen.net\/?p=2405","title":{"rendered":"Antirasistisk hiphop-konsert"},"content":{"rendered":"<div id=\"fb-root\"><\/div>\n\n<p><em>Skrevet av aktivister i Kristiansand<\/em><\/p>\n\n\n\n<p>3. desember arrangerte aktivister fra Kampkomiteen konsert sammen med andre antirasister p\u00e5 Samsen kulturhus i Kristiansand. Rapperne Belizio, NaTy, Kenema, Josty, J.O.B og Kim stilte opp gratis og lagde en antirasistisk festkveld.&nbsp; Konserten hadde gratis inngang, det blei solgt billig mat og drikke og alt arbeidet blei gjort p\u00e5 dugnad.&nbsp;<\/p>\n\n\n\n<figure class=\"wp-block-video alignleft\"><video height=\"656\" style=\"aspect-ratio: 368 \/ 656;\" width=\"368\" controls src=\"https:\/\/kampkomiteen.org\/wp-content\/uploads\/2021\/12\/Mobilisering.mp4\"><\/video><\/figure>\n\n\n\n<div class=\"wp-block-columns is-layout-flex wp-container-core-columns-is-layout-9d6595d7 wp-block-columns-is-layout-flex\">\n<div class=\"wp-block-column is-layout-flow wp-block-column-is-layout-flow\" style=\"flex-basis:100%\">\n<div class=\"wp-block-image\"><figure class=\"alignright\"><img decoding=\"async\" src=\"https:\/\/lh5.googleusercontent.com\/N4gmzmH4nhozHUeyH3_3nX5vxV-WsFDv3Vw4Dyp2kColSfN5zqaim4GlAccWtt6OXn1Cmzd4g2lHXX3VUjrB_Es_21LsTC5VG32W7yx36D85JhFLx9ARycoA5KCvvkXyJyh1rKMK\" alt=\"\"\/><\/figure><\/div>\n\n\n\n<p><\/p>\n<\/div>\n<\/div>\n\n\n\n<p><br><\/p>\n\n\n\n<p> <\/p>\n\n\n\n<p>I starten av konserten blei det holdt en appell fra en aktivist, og det blei ogs\u00e5 viderebrakt en hilsen fra rapperen Tommy Vito som ikke kunne komme p\u00e5 grunn av sykdom. Appellanten tok opp viktigheten av \u00e5 kjempe mot rasisme hele tida og \u00e5 bygge opp et antirasistisk milj\u00f8, og det blei oppfordra til \u00e5 skrive seg p\u00e5 Antirasistisk Agders liste for \u00e5 bli kontakta om planlagte og spontane demonstrasjoner og andre antirasistiske arrangement. Bor du p\u00e5 Agder og vil st\u00e5 p\u00e5 lista, kan du sende en epost til <a href=\"mailto:antirasistisk.agder@protonmail.com\">antirasistisk.agder@protonmail.com<\/a>&nbsp;&nbsp;&nbsp;&nbsp;<\/p>\n\n\n\n<p><strong>Utdrag fra appellen:<\/strong><\/p>\n\n\n\n<blockquote class=\"wp-block-quote is-layout-flow wp-block-quote-is-layout-flow\"><p>\u201cI 2017 marsjerte Nordfront i Markens, og i 2018 heiste de flagg med hakekors og skreiv \u00abVi er tilbake\u00bb rett her oppe p\u00e5 Arkivet, nazistenes gamle torturkjeller. Og hver sommer f\u00e5r SIAN ha rasistiske m\u00f8ter p\u00e5 torvet. Hver gang vil vi m\u00f8te opp og vise motstand. Men rasisme er et problem hele tida. Hver dag. Derfor har vi denne markeringa i dag, for \u00e5 bygge opp et sterkt antirasistisk milj\u00f8.\u201d<\/p><\/blockquote>\n\n\n\n<blockquote class=\"wp-block-quote is-layout-flow wp-block-quote-is-layout-flow\"><p>\u201cDet viktigste er \u00e5 kjempe mot rasismen som gjennomsyrer hele staten. Og som for eksempel uttrykkes av politiet. Det er mye mer sannsynlig at de trakasserer deg eller utsetter deg for vold om du er m\u00f8rk i huden.<br>Politiet og politikerne forsvarer rasister og nazister som sprer hat og brenner koranen. N\u00e5r SIAN eller Nordfront gj\u00f8r dette kaller politiet det for ytringsfrihet. Den samme ytringsfriheten gjaldt ikke da de arresterte Kamelen under en konsert i byen fordi han sa Fuck politiet.<br>Rasisme er ikke en ytring som dekkes av ytringsfriheten. Rasisme er hat som oppfordrer til \u00e5 angripe folk sine rettigheter og friheter. Vi kommer aldri til \u00e5 godta at rasistiske grupper organiserer seg og trakasserer folk i v\u00e5re gater. De skal aldri f\u00e5 spre sin rasisme uten \u00e5 bli motsagt. N\u00e5r rasister gis denne retten, betyr det at andre m\u00e5 finne seg i hets, trusler og undertrykking.\u201d<\/p><\/blockquote>\n\n\n\n<hr class=\"wp-block-separator\"\/>\n\n\n\n<p><strong>Belizio<\/strong><\/p>\n\n\n\n<figure class=\"wp-block-video\"><video height=\"848\" style=\"aspect-ratio: 480 \/ 848;\" width=\"480\" controls src=\"https:\/\/kampkomiteen.org\/wp-content\/uploads\/2021\/12\/Beliz-1.mp4\"><\/video><\/figure>\n\n\n\n<p><strong>NaTy<\/strong><\/p>\n\n\n\n<figure class=\"wp-block-video\"><video height=\"1080\" style=\"aspect-ratio: 1920 \/ 1080;\" width=\"1920\" controls src=\"https:\/\/kampkomiteen.org\/wp-content\/uploads\/2021\/12\/NaTy-1.mp4\"><\/video><\/figure>\n\n\n\n<p><strong>Kenema &amp; Josty<\/strong><\/p>\n\n\n\n<figure class=\"wp-block-video\"><video height=\"1080\" style=\"aspect-ratio: 1920 \/ 1080;\" width=\"1920\" controls src=\"https:\/\/kampkomiteen.org\/wp-content\/uploads\/2021\/12\/Kenema-Josty.mp4\"><\/video><\/figure>\n\n\n\n<p><strong>J.O.B<\/strong><\/p>\n\n\n\n<figure class=\"wp-block-video\"><video height=\"1080\" style=\"aspect-ratio: 1920 \/ 1080;\" width=\"1920\" controls src=\"https:\/\/kampkomiteen.org\/wp-content\/uploads\/2021\/12\/job.-1.mp4\"><\/video><\/figure>\n\n\n\n<p><strong>Kim<\/strong>  <\/p>\n\n\n\n<figure class=\"wp-block-video\"><video height=\"368\" style=\"aspect-ratio: 640 \/ 368;\" width=\"640\" controls src=\"https:\/\/kampkomiteen.org\/wp-content\/uploads\/2021\/12\/Kim.mp4\"><\/video><\/figure>\n\n\n\n<p><strong>Bilder fra konserten: <\/strong><\/p>\n\n\n\n<div class=\"wp-block-image\"><figure class=\"alignleft size-large is-resized\"><img data-recalc-dims=\"1\" loading=\"lazy\" decoding=\"async\" src=\"https:\/\/i0.wp.com\/kampkomiteen.org\/wp-content\/uploads\/2021\/12\/IMG_0381-1-2667x4000.jpg?resize=810%2C1214&#038;ssl=1\" alt=\"\" class=\"wp-image-2366\" width=\"810\" height=\"1214\" srcset=\"https:\/\/i0.wp.com\/kampkomiteen.net\/wp-content\/uploads\/2021\/12\/IMG_0381-1-scaled.jpg?resize=2667%2C4000&amp;ssl=1 2667w, https:\/\/i0.wp.com\/kampkomiteen.net\/wp-content\/uploads\/2021\/12\/IMG_0381-1-scaled.jpg?resize=667%2C1000&amp;ssl=1 667w, https:\/\/i0.wp.com\/kampkomiteen.net\/wp-content\/uploads\/2021\/12\/IMG_0381-1-scaled.jpg?resize=768%2C1152&amp;ssl=1 768w, https:\/\/i0.wp.com\/kampkomiteen.net\/wp-content\/uploads\/2021\/12\/IMG_0381-1-scaled.jpg?w=1707&amp;ssl=1 1707w, https:\/\/i0.wp.com\/kampkomiteen.net\/wp-content\/uploads\/2021\/12\/IMG_0381-1-scaled.jpg?w=1620&amp;ssl=1 1620w\" sizes=\"auto, (max-width: 810px) 100vw, 810px\" \/><figcaption>Foto: Ronny Apexety<\/figcaption><\/figure><\/div>\n\n\n\n<figure class=\"wp-block-image size-large\"><img data-recalc-dims=\"1\" loading=\"lazy\" decoding=\"async\" width=\"810\" height=\"1215\" src=\"https:\/\/i0.wp.com\/kampkomiteen.org\/wp-content\/uploads\/2021\/12\/IMG_0374-1-2667x4000.jpg?resize=810%2C1215&#038;ssl=1\" alt=\"\" class=\"wp-image-2367\" srcset=\"https:\/\/i0.wp.com\/kampkomiteen.net\/wp-content\/uploads\/2021\/12\/IMG_0374-1-scaled.jpg?resize=2667%2C4000&amp;ssl=1 2667w, https:\/\/i0.wp.com\/kampkomiteen.net\/wp-content\/uploads\/2021\/12\/IMG_0374-1-scaled.jpg?resize=667%2C1000&amp;ssl=1 667w, https:\/\/i0.wp.com\/kampkomiteen.net\/wp-content\/uploads\/2021\/12\/IMG_0374-1-scaled.jpg?resize=768%2C1152&amp;ssl=1 768w, https:\/\/i0.wp.com\/kampkomiteen.net\/wp-content\/uploads\/2021\/12\/IMG_0374-1-scaled.jpg?resize=1024%2C1536&amp;ssl=1 1024w, https:\/\/i0.wp.com\/kampkomiteen.net\/wp-content\/uploads\/2021\/12\/IMG_0374-1-scaled.jpg?resize=1365%2C2048&amp;ssl=1 1365w, https:\/\/i0.wp.com\/kampkomiteen.net\/wp-content\/uploads\/2021\/12\/IMG_0374-1-scaled.jpg?w=1707&amp;ssl=1 1707w\" sizes=\"auto, (max-width: 810px) 100vw, 810px\" \/><figcaption>Foto: Ronny Apexety<\/figcaption><\/figure>\n\n\n\n<figure class=\"wp-block-image size-large\"><img data-recalc-dims=\"1\" loading=\"lazy\" decoding=\"async\" width=\"810\" height=\"1215\" src=\"https:\/\/i0.wp.com\/kampkomiteen.org\/wp-content\/uploads\/2021\/12\/IMG_0318-1-2667x4000.jpg?resize=810%2C1215&#038;ssl=1\" alt=\"\" class=\"wp-image-2368\" srcset=\"https:\/\/i0.wp.com\/kampkomiteen.net\/wp-content\/uploads\/2021\/12\/IMG_0318-1-scaled.jpg?resize=2667%2C4000&amp;ssl=1 2667w, https:\/\/i0.wp.com\/kampkomiteen.net\/wp-content\/uploads\/2021\/12\/IMG_0318-1-scaled.jpg?resize=667%2C1000&amp;ssl=1 667w, https:\/\/i0.wp.com\/kampkomiteen.net\/wp-content\/uploads\/2021\/12\/IMG_0318-1-scaled.jpg?resize=768%2C1152&amp;ssl=1 768w, https:\/\/i0.wp.com\/kampkomiteen.net\/wp-content\/uploads\/2021\/12\/IMG_0318-1-scaled.jpg?resize=1024%2C1536&amp;ssl=1 1024w, https:\/\/i0.wp.com\/kampkomiteen.net\/wp-content\/uploads\/2021\/12\/IMG_0318-1-scaled.jpg?resize=1365%2C2048&amp;ssl=1 1365w, https:\/\/i0.wp.com\/kampkomiteen.net\/wp-content\/uploads\/2021\/12\/IMG_0318-1-scaled.jpg?w=1707&amp;ssl=1 1707w\" sizes=\"auto, (max-width: 810px) 100vw, 810px\" \/><figcaption>Foto: Ronny Apexety<\/figcaption><\/figure>\n\n\n\n<figure class=\"wp-block-image size-large\"><img data-recalc-dims=\"1\" loading=\"lazy\" decoding=\"async\" width=\"810\" height=\"1215\" src=\"https:\/\/i0.wp.com\/kampkomiteen.org\/wp-content\/uploads\/2021\/12\/IMG_0125-1-2667x4000.jpg?resize=810%2C1215&#038;ssl=1\" alt=\"\" class=\"wp-image-2369\" srcset=\"https:\/\/i0.wp.com\/kampkomiteen.net\/wp-content\/uploads\/2021\/12\/IMG_0125-1-scaled.jpg?resize=2667%2C4000&amp;ssl=1 2667w, https:\/\/i0.wp.com\/kampkomiteen.net\/wp-content\/uploads\/2021\/12\/IMG_0125-1-scaled.jpg?resize=667%2C1000&amp;ssl=1 667w, https:\/\/i0.wp.com\/kampkomiteen.net\/wp-content\/uploads\/2021\/12\/IMG_0125-1-scaled.jpg?resize=768%2C1152&amp;ssl=1 768w, https:\/\/i0.wp.com\/kampkomiteen.net\/wp-content\/uploads\/2021\/12\/IMG_0125-1-scaled.jpg?resize=1024%2C1536&amp;ssl=1 1024w, https:\/\/i0.wp.com\/kampkomiteen.net\/wp-content\/uploads\/2021\/12\/IMG_0125-1-scaled.jpg?resize=1365%2C2048&amp;ssl=1 1365w, https:\/\/i0.wp.com\/kampkomiteen.net\/wp-content\/uploads\/2021\/12\/IMG_0125-1-scaled.jpg?w=1707&amp;ssl=1 1707w\" sizes=\"auto, (max-width: 810px) 100vw, 810px\" \/><figcaption>Foto: Ronny Apexety<\/figcaption><\/figure>\n\n\n\n<figure class=\"wp-block-image size-large\"><img data-recalc-dims=\"1\" loading=\"lazy\" decoding=\"async\" width=\"810\" height=\"1215\" src=\"https:\/\/i0.wp.com\/kampkomiteen.org\/wp-content\/uploads\/2021\/12\/IMG_0196-1-2667x4000.jpg?resize=810%2C1215&#038;ssl=1\" alt=\"\" class=\"wp-image-2370\" srcset=\"https:\/\/i0.wp.com\/kampkomiteen.net\/wp-content\/uploads\/2021\/12\/IMG_0196-1-scaled.jpg?resize=2667%2C4000&amp;ssl=1 2667w, https:\/\/i0.wp.com\/kampkomiteen.net\/wp-content\/uploads\/2021\/12\/IMG_0196-1-scaled.jpg?resize=667%2C1000&amp;ssl=1 667w, https:\/\/i0.wp.com\/kampkomiteen.net\/wp-content\/uploads\/2021\/12\/IMG_0196-1-scaled.jpg?resize=768%2C1152&amp;ssl=1 768w, https:\/\/i0.wp.com\/kampkomiteen.net\/wp-content\/uploads\/2021\/12\/IMG_0196-1-scaled.jpg?resize=1024%2C1536&amp;ssl=1 1024w, https:\/\/i0.wp.com\/kampkomiteen.net\/wp-content\/uploads\/2021\/12\/IMG_0196-1-scaled.jpg?resize=1365%2C2048&amp;ssl=1 1365w, https:\/\/i0.wp.com\/kampkomiteen.net\/wp-content\/uploads\/2021\/12\/IMG_0196-1-scaled.jpg?w=1707&amp;ssl=1 1707w\" sizes=\"auto, (max-width: 810px) 100vw, 810px\" \/><figcaption>Foto: Ronny Apexety<\/figcaption><\/figure>\n\n\n\n<figure class=\"wp-block-image size-large\"><img data-recalc-dims=\"1\" loading=\"lazy\" decoding=\"async\" width=\"810\" height=\"1215\" src=\"https:\/\/i0.wp.com\/kampkomiteen.org\/wp-content\/uploads\/2021\/12\/IMG_0024-1-2667x4000.jpg?resize=810%2C1215&#038;ssl=1\" alt=\"\" class=\"wp-image-2371\" srcset=\"https:\/\/i0.wp.com\/kampkomiteen.net\/wp-content\/uploads\/2021\/12\/IMG_0024-1-scaled.jpg?resize=2667%2C4000&amp;ssl=1 2667w, https:\/\/i0.wp.com\/kampkomiteen.net\/wp-content\/uploads\/2021\/12\/IMG_0024-1-scaled.jpg?resize=667%2C1000&amp;ssl=1 667w, https:\/\/i0.wp.com\/kampkomiteen.net\/wp-content\/uploads\/2021\/12\/IMG_0024-1-scaled.jpg?resize=768%2C1152&amp;ssl=1 768w, https:\/\/i0.wp.com\/kampkomiteen.net\/wp-content\/uploads\/2021\/12\/IMG_0024-1-scaled.jpg?resize=1024%2C1536&amp;ssl=1 1024w, https:\/\/i0.wp.com\/kampkomiteen.net\/wp-content\/uploads\/2021\/12\/IMG_0024-1-scaled.jpg?resize=1365%2C2048&amp;ssl=1 1365w, https:\/\/i0.wp.com\/kampkomiteen.net\/wp-content\/uploads\/2021\/12\/IMG_0024-1-scaled.jpg?w=1707&amp;ssl=1 1707w\" sizes=\"auto, (max-width: 810px) 100vw, 810px\" \/><figcaption>Foto: Ronny Apexety<\/figcaption><\/figure>\n\n\n\n<figure class=\"wp-block-image size-large\"><img data-recalc-dims=\"1\" loading=\"lazy\" decoding=\"async\" width=\"810\" height=\"1215\" src=\"https:\/\/i0.wp.com\/kampkomiteen.org\/wp-content\/uploads\/2021\/12\/IMG_0005-1-2667x4000.jpg?resize=810%2C1215&#038;ssl=1\" alt=\"\" class=\"wp-image-2372\" srcset=\"https:\/\/i0.wp.com\/kampkomiteen.net\/wp-content\/uploads\/2021\/12\/IMG_0005-1-scaled.jpg?resize=2667%2C4000&amp;ssl=1 2667w, https:\/\/i0.wp.com\/kampkomiteen.net\/wp-content\/uploads\/2021\/12\/IMG_0005-1-scaled.jpg?resize=667%2C1000&amp;ssl=1 667w, https:\/\/i0.wp.com\/kampkomiteen.net\/wp-content\/uploads\/2021\/12\/IMG_0005-1-scaled.jpg?resize=768%2C1152&amp;ssl=1 768w, https:\/\/i0.wp.com\/kampkomiteen.net\/wp-content\/uploads\/2021\/12\/IMG_0005-1-scaled.jpg?resize=1024%2C1536&amp;ssl=1 1024w, https:\/\/i0.wp.com\/kampkomiteen.net\/wp-content\/uploads\/2021\/12\/IMG_0005-1-scaled.jpg?resize=1365%2C2048&amp;ssl=1 1365w, https:\/\/i0.wp.com\/kampkomiteen.net\/wp-content\/uploads\/2021\/12\/IMG_0005-1-scaled.jpg?w=1707&amp;ssl=1 1707w\" sizes=\"auto, (max-width: 810px) 100vw, 810px\" \/><figcaption>Foto: Ronny Apexety<\/figcaption><\/figure>\n\n\n\n<figure class=\"wp-block-image size-full is-resized\"><img data-recalc-dims=\"1\" loading=\"lazy\" decoding=\"async\" src=\"https:\/\/i0.wp.com\/kampkomiteen.org\/wp-content\/uploads\/2021\/12\/image-1.png?resize=810%2C273&#038;ssl=1\" alt=\"\" class=\"wp-image-2346\" width=\"810\" height=\"273\"\/><\/figure>\n\n\n\n<figure class=\"wp-block-image size-full is-resized\"><img data-recalc-dims=\"1\" loading=\"lazy\" decoding=\"async\" src=\"https:\/\/i0.wp.com\/kampkomiteen.org\/wp-content\/uploads\/2021\/12\/image-3.png?resize=810%2C230&#038;ssl=1\" alt=\"\" class=\"wp-image-2348\" width=\"810\" height=\"230\"\/><\/figure>\n\n\n\n<figure class=\"wp-block-gallery columns-3 is-cropped wp-block-gallery-1 is-layout-flex wp-block-gallery-is-layout-flex\"><ul class=\"blocks-gallery-grid\"><li class=\"blocks-gallery-item\"><figure><img data-recalc-dims=\"1\" loading=\"lazy\" decoding=\"async\" width=\"810\" height=\"910\" src=\"https:\/\/i0.wp.com\/kampkomiteen.org\/wp-content\/uploads\/2021\/12\/JOB.jpg?resize=810%2C910&#038;ssl=1\" alt=\"\" data-id=\"2351\" data-full-url=\"https:\/\/kampkomiteen.org\/wp-content\/uploads\/2021\/12\/JOB.jpg\" data-link=\"https:\/\/kampkomiteen.org\/?attachment_id=2351\" class=\"wp-image-2351\" srcset=\"https:\/\/i0.wp.com\/kampkomiteen.net\/wp-content\/uploads\/2021\/12\/JOB.jpg?w=1064&amp;ssl=1 1064w, https:\/\/i0.wp.com\/kampkomiteen.net\/wp-content\/uploads\/2021\/12\/JOB.jpg?resize=890%2C1000&amp;ssl=1 890w, https:\/\/i0.wp.com\/kampkomiteen.net\/wp-content\/uploads\/2021\/12\/JOB.jpg?resize=768%2C863&amp;ssl=1 768w\" sizes=\"auto, (max-width: 810px) 100vw, 810px\" \/><\/figure><\/li><li class=\"blocks-gallery-item\"><figure><img data-recalc-dims=\"1\" loading=\"lazy\" decoding=\"async\" width=\"810\" height=\"636\" src=\"https:\/\/i0.wp.com\/kampkomiteen.org\/wp-content\/uploads\/2021\/12\/Kim.jpg?resize=810%2C636&#038;ssl=1\" alt=\"\" data-id=\"2349\" data-full-url=\"https:\/\/kampkomiteen.org\/wp-content\/uploads\/2021\/12\/Kim.jpg\" data-link=\"https:\/\/kampkomiteen.org\/?attachment_id=2349\" class=\"wp-image-2349\" srcset=\"https:\/\/i0.wp.com\/kampkomiteen.net\/wp-content\/uploads\/2021\/12\/Kim.jpg?w=1080&amp;ssl=1 1080w, https:\/\/i0.wp.com\/kampkomiteen.net\/wp-content\/uploads\/2021\/12\/Kim.jpg?resize=1000%2C785&amp;ssl=1 1000w, https:\/\/i0.wp.com\/kampkomiteen.net\/wp-content\/uploads\/2021\/12\/Kim.jpg?resize=768%2C603&amp;ssl=1 768w\" sizes=\"auto, (max-width: 810px) 100vw, 810px\" \/><\/figure><\/li><li class=\"blocks-gallery-item\"><figure><img data-recalc-dims=\"1\" loading=\"lazy\" decoding=\"async\" width=\"810\" height=\"1015\" src=\"https:\/\/i0.wp.com\/kampkomiteen.org\/wp-content\/uploads\/2021\/12\/Naty.jpg?resize=810%2C1015&#038;ssl=1\" alt=\"\" data-id=\"2350\" data-full-url=\"https:\/\/kampkomiteen.org\/wp-content\/uploads\/2021\/12\/Naty.jpg\" data-link=\"https:\/\/kampkomiteen.org\/?attachment_id=2350\" class=\"wp-image-2350\" srcset=\"https:\/\/i0.wp.com\/kampkomiteen.net\/wp-content\/uploads\/2021\/12\/Naty.jpg?w=1080&amp;ssl=1 1080w, https:\/\/i0.wp.com\/kampkomiteen.net\/wp-content\/uploads\/2021\/12\/Naty.jpg?resize=798%2C1000&amp;ssl=1 798w, https:\/\/i0.wp.com\/kampkomiteen.net\/wp-content\/uploads\/2021\/12\/Naty.jpg?resize=768%2C962&amp;ssl=1 768w\" sizes=\"auto, (max-width: 810px) 100vw, 810px\" \/><\/figure><\/li><\/ul><\/figure>\n\n\n\n<figure class=\"wp-block-image size-full is-resized\"><img data-recalc-dims=\"1\" loading=\"lazy\" decoding=\"async\" src=\"https:\/\/i0.wp.com\/kampkomiteen.org\/wp-content\/uploads\/2021\/12\/image-5.png?resize=810%2C315&#038;ssl=1\" alt=\"\" class=\"wp-image-2411\" width=\"810\" height=\"315\" srcset=\"https:\/\/i0.wp.com\/kampkomiteen.net\/wp-content\/uploads\/2021\/12\/image-5.png?w=602&amp;ssl=1 602w, https:\/\/i0.wp.com\/kampkomiteen.net\/wp-content\/uploads\/2021\/12\/image-5.png?resize=600%2C234&amp;ssl=1 600w\" sizes=\"auto, (max-width: 810px) 100vw, 810px\" \/><\/figure>\n\n\n\n<figure class=\"wp-block-image\"><img decoding=\"async\" src=\"https:\/\/lh4.googleusercontent.com\/f5ZsHF-0iq1wMtWcqCRPajKUJrUCqtAOhQdYdjpbLNCQIEqeKHDHNhtGAB3XwGsDMjxpBGC6VY_uPhYOXFIY1oNuWm8A9r2SBdUxeqDRCHJyLn9085ih_vvdll-x5c2qUf0a9PqD\" alt=\"\"\/><\/figure>\n","protected":false},"excerpt":{"rendered":"<p>3. desember arrangerte aktivister fra Kampkomiteen konsert sammen med andre antirasister p\u00e5 Samsen kulturhus i Kristiansand. Rapperne Belizio, NaTy, Kenema, Josty, J.O.B og Kim stilte opp gratis og lagde en antirasistisk festkveld.\u00a0 Konserten hadde gratis inngang, det blei solgt billig mat og drikke og alt arbeidet blei gjort p\u00e5 dugnad.\u00a0<\/p>\n","protected":false},"author":8,"featured_media":2403,"comment_status":"closed","ping_status":"closed","sticky":false,"template":"","format":"standard","meta":{"advanced_seo_description":"","jetpack_seo_html_title":"","jetpack_seo_noindex":false,"_jetpack_memberships_contains_paid_content":false,"footnotes":""},"categories":[1],"tags":[38,44],"class_list":["post-2405","post","type-post","status-publish","format-standard","has-post-thumbnail","hentry","category-uncategorized","tag-antirasisme","tag-kultur"],"jetpack_featured_media_url":"https:\/\/i0.wp.com\/kampkomiteen.net\/wp-content\/uploads\/2021\/12\/Design-uten-navnnn-1-850x550-1.png?fit=850%2C550&ssl=1","jetpack_shortlink":"https:\/\/wp.me\/pchuPf-CN","jetpack-related-posts":[{"id":2138,"url":"https:\/\/kampkomiteen.net\/?p=2138","url_meta":{"origin":2405,"position":0},"title":"Demonstrasjon mot SIAN i Kristiansand","author":"Kampkomiteen","date":"6. august 2021","format":false,"excerpt":"Aktivister fra Kampkomiteen, IMT, RU, R\u00f8dt, NKP og Antirasistisk Agder holdt en demonstrasjon mot SIAN 5. august. Mange kristiansandere m\u00f8tte opp til tross for at kommunen, politikere og religi\u00f8se ledere jobba iherdig for \u00e5 lokke folk bort fra torvet med gratiskonsert, og delte ut matkuponger p\u00e5 demonstrasjonen for \u00e5 f\u00e5\u2026","rel":"","context":"i \"Demonstrasjon\"","block_context":{"text":"Demonstrasjon","link":"https:\/\/kampkomiteen.net\/?tag=demonstrasjon"},"img":{"alt_text":"","src":"https:\/\/i0.wp.com\/kampkomiteen.net\/wp-content\/uploads\/2021\/08\/Image_735670.jpg?fit=1200%2C900&ssl=1&resize=350%2C200","width":350,"height":200,"srcset":"https:\/\/i0.wp.com\/kampkomiteen.net\/wp-content\/uploads\/2021\/08\/Image_735670.jpg?fit=1200%2C900&ssl=1&resize=350%2C200 1x, https:\/\/i0.wp.com\/kampkomiteen.net\/wp-content\/uploads\/2021\/08\/Image_735670.jpg?fit=1200%2C900&ssl=1&resize=525%2C300 1.5x, https:\/\/i0.wp.com\/kampkomiteen.net\/wp-content\/uploads\/2021\/08\/Image_735670.jpg?fit=1200%2C900&ssl=1&resize=700%2C400 2x, https:\/\/i0.wp.com\/kampkomiteen.net\/wp-content\/uploads\/2021\/08\/Image_735670.jpg?fit=1200%2C900&ssl=1&resize=1050%2C600 3x"},"classes":[]},{"id":994,"url":"https:\/\/kampkomiteen.net\/?p=994","url_meta":{"origin":2405,"position":1},"title":"Klimaaksjon i Kristiansand","author":"Kampkomiteen","date":"29. mai 2020","format":false,"excerpt":"27. mai arrangerte Extinction Rebellion en demonstrasjon i Kristiansand, og sammen med Fridays for Future, Framtiden i v\u00e5re hender og World Saving Hustle tilslutta Kampkomiteen seg. Det blei holdt flere appeller, det var allsang, en opptreden av performancegruppa R\u00f8de Rebeller, og aksjonen blei avslutta med en die-in.","rel":"","context":"i \"Demonstrasjon\"","block_context":{"text":"Demonstrasjon","link":"https:\/\/kampkomiteen.net\/?tag=demonstrasjon"},"img":{"alt_text":"","src":"https:\/\/i0.wp.com\/kampkomiteen.net\/wp-content\/uploads\/2020\/05\/Klimaaksjon.jpg?fit=1200%2C622&ssl=1&resize=350%2C200","width":350,"height":200,"srcset":"https:\/\/i0.wp.com\/kampkomiteen.net\/wp-content\/uploads\/2020\/05\/Klimaaksjon.jpg?fit=1200%2C622&ssl=1&resize=350%2C200 1x, https:\/\/i0.wp.com\/kampkomiteen.net\/wp-content\/uploads\/2020\/05\/Klimaaksjon.jpg?fit=1200%2C622&ssl=1&resize=525%2C300 1.5x, https:\/\/i0.wp.com\/kampkomiteen.net\/wp-content\/uploads\/2020\/05\/Klimaaksjon.jpg?fit=1200%2C622&ssl=1&resize=700%2C400 2x, https:\/\/i0.wp.com\/kampkomiteen.net\/wp-content\/uploads\/2020\/05\/Klimaaksjon.jpg?fit=1200%2C622&ssl=1&resize=1050%2C600 3x"},"classes":[]},{"id":529,"url":"https:\/\/kampkomiteen.net\/?p=529","url_meta":{"origin":2405,"position":2},"title":"En seier for den antifascistiske bevegelsen i Kristiansand","author":"admin","date":"9. september 2019","format":false,"excerpt":"7. september hadde den fascistiske organisasjonen SIAN stand i Kristiansand sentrum. N\u00e6rmere 400 demonstranter stilte opp for \u00e5 markere sin avsky mot fremmedhatet, og overd\u00f8va sianistene med b\u00e5de slagord og sang.","rel":"","context":"i \"Demonstrasjon\"","block_context":{"text":"Demonstrasjon","link":"https:\/\/kampkomiteen.net\/?tag=demonstrasjon"},"img":{"alt_text":"","src":"https:\/\/i0.wp.com\/kampkomiteen.net\/wp-content\/uploads\/2019\/09\/DSC06834.jpg?fit=1200%2C803&ssl=1&resize=350%2C200","width":350,"height":200,"srcset":"https:\/\/i0.wp.com\/kampkomiteen.net\/wp-content\/uploads\/2019\/09\/DSC06834.jpg?fit=1200%2C803&ssl=1&resize=350%2C200 1x, https:\/\/i0.wp.com\/kampkomiteen.net\/wp-content\/uploads\/2019\/09\/DSC06834.jpg?fit=1200%2C803&ssl=1&resize=525%2C300 1.5x, https:\/\/i0.wp.com\/kampkomiteen.net\/wp-content\/uploads\/2019\/09\/DSC06834.jpg?fit=1200%2C803&ssl=1&resize=700%2C400 2x, https:\/\/i0.wp.com\/kampkomiteen.net\/wp-content\/uploads\/2019\/09\/DSC06834.jpg?fit=1200%2C803&ssl=1&resize=1050%2C600 3x"},"classes":[]},{"id":2461,"url":"https:\/\/kampkomiteen.net\/?p=2461","url_meta":{"origin":2405,"position":3},"title":"Markering av samefolkets dag","author":"Kampkomiteen","date":"7. februar 2022","format":false,"excerpt":"I Kristiansand har samefolkets dag blitt markert med tog, appeller og samisk mat.","rel":"","context":"i \"S\u00e1pmi \/ Samer \/ Samefolket\"","block_context":{"text":"S\u00e1pmi \/ Samer \/ Samefolket","link":"https:\/\/kampkomiteen.net\/?tag=sapmi-samer-samefolket"},"img":{"alt_text":"","src":"https:\/\/i0.wp.com\/kampkomiteen.net\/wp-content\/uploads\/2022\/02\/1.jpg?fit=575%2C227&ssl=1&resize=350%2C200","width":350,"height":200,"srcset":"https:\/\/i0.wp.com\/kampkomiteen.net\/wp-content\/uploads\/2022\/02\/1.jpg?fit=575%2C227&ssl=1&resize=350%2C200 1x, https:\/\/i0.wp.com\/kampkomiteen.net\/wp-content\/uploads\/2022\/02\/1.jpg?fit=575%2C227&ssl=1&resize=525%2C300 1.5x"},"classes":[]},{"id":6807,"url":"https:\/\/kampkomiteen.net\/?p=6807","url_meta":{"origin":2405,"position":4},"title":"Kristiansand: Markering av samefolkets dag","author":"Kampkomiteen","date":"7. februar 2024","format":false,"excerpt":"6. februar ble samefolkets dag markert i Kristiansand. \u00a0Deltakere hadde med mat og drikke til et fellesbord. Det ble holdt flere taler og appeller, blant annet om viktigheten av \u00e5 st\u00e5 sammen og kjempe sammen.\u00a0\u00a0","rel":"","context":"i \"S\u00e1pmi \/ Samer \/ Samefolket\"","block_context":{"text":"S\u00e1pmi \/ Samer \/ Samefolket","link":"https:\/\/kampkomiteen.net\/?tag=sapmi-samer-samefolket"},"img":{"alt_text":"","src":"https:\/\/i0.wp.com\/kampkomiteen.net\/wp-content\/uploads\/2024\/02\/Samefolkets-dag.jpg?fit=1024%2C681&ssl=1&resize=350%2C200","width":350,"height":200,"srcset":"https:\/\/i0.wp.com\/kampkomiteen.net\/wp-content\/uploads\/2024\/02\/Samefolkets-dag.jpg?fit=1024%2C681&ssl=1&resize=350%2C200 1x, https:\/\/i0.wp.com\/kampkomiteen.net\/wp-content\/uploads\/2024\/02\/Samefolkets-dag.jpg?fit=1024%2C681&ssl=1&resize=525%2C300 1.5x, https:\/\/i0.wp.com\/kampkomiteen.net\/wp-content\/uploads\/2024\/02\/Samefolkets-dag.jpg?fit=1024%2C681&ssl=1&resize=700%2C400 2x"},"classes":[]},{"id":1302,"url":"https:\/\/kampkomiteen.net\/?p=1302","url_meta":{"origin":2405,"position":5},"title":"Tre dager med motstand p\u00e5 S\u00f8rlandet","author":"Kampkomiteen","date":"9. august 2020","format":false,"excerpt":"I tre dager har det blitt demonstrert mot fascistene i SIAN i tre s\u00f8rlandsbyer, og alle stedene m\u00f8tte folk opp for \u00e5 vise motstand.","rel":"","context":"i \"Demonstrasjon\"","block_context":{"text":"Demonstrasjon","link":"https:\/\/kampkomiteen.net\/?tag=demonstrasjon"},"img":{"alt_text":"","src":"https:\/\/i0.wp.com\/kampkomiteen.net\/wp-content\/uploads\/2020\/08\/arendal-1.jpg?fit=1200%2C666&ssl=1&resize=350%2C200","width":350,"height":200,"srcset":"https:\/\/i0.wp.com\/kampkomiteen.net\/wp-content\/uploads\/2020\/08\/arendal-1.jpg?fit=1200%2C666&ssl=1&resize=350%2C200 1x, https:\/\/i0.wp.com\/kampkomiteen.net\/wp-content\/uploads\/2020\/08\/arendal-1.jpg?fit=1200%2C666&ssl=1&resize=525%2C300 1.5x, https:\/\/i0.wp.com\/kampkomiteen.net\/wp-content\/uploads\/2020\/08\/arendal-1.jpg?fit=1200%2C666&ssl=1&resize=700%2C400 2x, https:\/\/i0.wp.com\/kampkomiteen.net\/wp-content\/uploads\/2020\/08\/arendal-1.jpg?fit=1200%2C666&ssl=1&resize=1050%2C600 3x"},"classes":[]}],"jetpack_sharing_enabled":true,"_links":{"self":[{"href":"https:\/\/kampkomiteen.net\/index.php?rest_route=\/wp\/v2\/posts\/2405","targetHints":{"allow":["GET"]}}],"collection":[{"href":"https:\/\/kampkomiteen.net\/index.php?rest_route=\/wp\/v2\/posts"}],"about":[{"href":"https:\/\/kampkomiteen.net\/index.php?rest_route=\/wp\/v2\/types\/post"}],"author":[{"embeddable":true,"href":"https:\/\/kampkomiteen.net\/index.php?rest_route=\/wp\/v2\/users\/8"}],"replies":[{"embeddable":true,"href":"https:\/\/kampkomiteen.net\/index.php?rest_route=%2Fwp%2Fv2%2Fcomments&post=2405"}],"version-history":[{"count":0,"href":"https:\/\/kampkomiteen.net\/index.php?rest_route=\/wp\/v2\/posts\/2405\/revisions"}],"wp:featuredmedia":[{"embeddable":true,"href":"https:\/\/kampkomiteen.net\/index.php?rest_route=\/wp\/v2\/media\/2403"}],"wp:attachment":[{"href":"https:\/\/kampkomiteen.net\/index.php?rest_route=%2Fwp%2Fv2%2Fmedia&parent=2405"}],"wp:term":[{"taxonomy":"category","embeddable":true,"href":"https:\/\/kampkomiteen.net\/index.php?rest_route=%2Fwp%2Fv2%2Fcategories&post=2405"},{"taxonomy":"post_tag","embeddable":true,"href":"https:\/\/kampkomiteen.net\/index.php?rest_route=%2Fwp%2Fv2%2Ftags&post=2405"}],"curies":[{"name":"wp","href":"https:\/\/api.w.org\/{rel}","templated":true}]}}