{"id":2307,"date":"2021-11-22T23:47:14","date_gmt":"2021-11-22T22:47:14","guid":{"rendered":"https:\/\/kampkomiteen.org\/?p=2307"},"modified":"2021-11-22T23:47:17","modified_gmt":"2021-11-22T22:47:17","slug":"stottemarkeringer-for-fattigbondene-i-brasil","status":"publish","type":"post","link":"https:\/\/kampkomiteen.net\/?p=2307","title":{"rendered":"St\u00f8ttemarkeringer for fattigb\u00f8ndene i Brasil"},"content":{"rendered":"<div id=\"fb-root\"><\/div>\n\n<p><em>Av redaksjonen<\/em><\/p>\n\n\n\n<p>Aktivister fra Kampkomiteen\u00a0 i Bergen og Kristiansand har utf\u00f8rt aksjoner til st\u00f8tte for LCP og de brasilianske fattigb\u00f8ndenes kamp.  <\/p>\n\n\n\n<figure class=\"wp-block-image\"><img decoding=\"async\" src=\"https:\/\/lh5.googleusercontent.com\/SfnvGcv_VmT4dYZzFGuKl1ZPZl7lFoS3VJXWJhOHimwl4wuDNBmOb3mcP0kJ4rH2xsYuEdIJwYQy5iMZPtHbPLWJVugGCTQ13bRgmPT1uJh7f6_TsfKLAZ47x72NJ-f1YO4qc8j3\" alt=\"\"\/><figcaption>I Bergen er det hengt opp bannere p\u00e5 M\u00f8hlenpris til st\u00f8tte for fattigb\u00f8ndenes kamp i Brasil.<\/figcaption><\/figure>\n\n\n\n<p><\/p>\n\n\n\n<figure class=\"wp-block-image size-full is-resized\"><img data-recalc-dims=\"1\" loading=\"lazy\" decoding=\"async\" src=\"https:\/\/i0.wp.com\/kampkomiteen.org\/wp-content\/uploads\/2021\/11\/Untitled.jpg?resize=810%2C610&#038;ssl=1\" alt=\"\" class=\"wp-image-2308\" width=\"810\" height=\"610\"\/><figcaption>Aktivister i Kristiansand viser solidaritet med fattigb\u00f8ndene og LCP.<\/figcaption><\/figure>\n\n\n\n<p><\/p>\n\n\n\n<figure class=\"wp-block-image\"><img decoding=\"async\" src=\"https:\/\/lh3.googleusercontent.com\/e8xAnp-nG7FxLvbNo5zWoF-OZYTOEFbdrQJICGR3WWV0lc4OMrHttyJUipfMbgdH9NGZrrrHabS_wZiaQ8LcwhwTNmw4hTnz_OOot99WWx9O_TbgCogkVHGhqPg-uP1dZvYpHueD\" alt=\"\"\/><figcaption>I Kristiansand er det hengt opp plakater med st\u00f8tte til LCP og informasjon om situasjonen for fattigb\u00f8ndene i Brasil, i bydelen Grim og i sentrum.\u00a0\u00a0<\/figcaption><\/figure>\n\n\n\n<p><\/p>\n\n\n\n<hr class=\"wp-block-separator\"\/>\n\n\n\n<p>Les mer om fattigb\u00f8ndenes kamp i Brasil:&nbsp;<\/p>\n\n\n\n<p><a href=\"https:\/\/kampkomiteen.org\/index.php\/2021\/04\/18\/stott-fattigbondenes-bevegelse-i-brasil\/\">St\u00f8tt fattigb\u00f8ndenes bevegelse i Brasil<\/a><\/p>\n\n\n\n<p><a href=\"https:\/\/tjen-folket.no\/index.php\/2021\/11\/05\/brasil-politiet-trakasserer-tiago-dos-santos-leiren\/\">Brasil: Politiet trakasserer Tiago dos Santos-leiren<\/a><\/p>\n\n\n\n<p><a href=\"https:\/\/tjen-folket.no\/index.php\/2021\/11\/03\/brasil-lcp-aktivister-drept-i-tiago-dos-santos\/\">Brasil: LCP-aktivister drept i Tiago dos Santos<\/a><\/p>\n\n\n\n<p><a href=\"https:\/\/tjen-folket.no\/index.php\/2021\/11\/01\/brasil-video-fra-tiago-dos-santos\/\">Brasil: Video fra Tiago dos Santos<\/a><\/p>\n\n\n\n<p><a href=\"https:\/\/tjen-folket.no\/index.php\/2021\/11\/01\/brasil-fattigbonder-vinner-seier-i-retten-men-hindres-av-voldsmakta\/\">Brasil: Fattigb\u00f8nder vinner seier i retten, men hindres av voldsmakta<\/a><\/p>\n\n\n\n<p><a href=\"https:\/\/tjen-folket.no\/index.php\/2021\/10\/18\/brasil-3000-soldater-mobilisert-mot-bonder-moter-heroisk-motstand\/\">Brasil: 3000 soldater mobilisert mot b\u00f8nder \u2013 m\u00f8ter heroisk motstand!<\/a><\/p>\n","protected":false},"excerpt":{"rendered":"<p>Aktivister fra Kampkomiteen\u00a0 i Bergen og Kristiansand har utf\u00f8rt aksjoner til st\u00f8tte for LCP og de brasilianske fattigb\u00f8ndenes kamp.  <\/p>\n","protected":false},"author":8,"featured_media":2310,"comment_status":"closed","ping_status":"closed","sticky":false,"template":"","format":"standard","meta":{"advanced_seo_description":"","jetpack_seo_html_title":"","jetpack_seo_noindex":false,"_jetpack_memberships_contains_paid_content":false,"footnotes":""},"categories":[1],"tags":[40],"class_list":["post-2307","post","type-post","status-publish","format-standard","has-post-thumbnail","hentry","category-uncategorized","tag-brasil"],"jetpack_featured_media_url":"https:\/\/i0.wp.com\/kampkomiteen.net\/wp-content\/uploads\/2021\/11\/IMG_20211118_200805084-scaled.jpg?fit=2560%2C1920&ssl=1","jetpack_shortlink":"https:\/\/wp.me\/pchuPf-Bd","jetpack-related-posts":[{"id":1653,"url":"https:\/\/kampkomiteen.net\/?p=1653","url_meta":{"origin":2307,"position":0},"title":"Markering til st\u00f8tte for fattigb\u00f8ndenes kamp i Brasil","author":"Kampkomiteen","date":"4. februar 2021","format":false,"excerpt":"Laurdag 30. januar holdt aktvistar fr\u00e5 Kampkomiteen ei markering i Bergen til st\u00f8tte for fattigb\u00f8ndenes kamp i Brasil. Under markeringa blei det holdt ein appell og delt ut l\u00f8pesetlar. Slagordet for markeringa var \u201cSt\u00f8tt fattigb\u00f8ndenes kamp i Brasil.\u201d","rel":"","context":"i \"Antikapitalisme\"","block_context":{"text":"Antikapitalisme","link":"https:\/\/kampkomiteen.net\/?tag=antikapitalisme"},"img":{"alt_text":"","src":"https:\/\/i0.wp.com\/kampkomiteen.net\/wp-content\/uploads\/2021\/02\/1.jpg?fit=1200%2C900&ssl=1&resize=350%2C200","width":350,"height":200,"srcset":"https:\/\/i0.wp.com\/kampkomiteen.net\/wp-content\/uploads\/2021\/02\/1.jpg?fit=1200%2C900&ssl=1&resize=350%2C200 1x, https:\/\/i0.wp.com\/kampkomiteen.net\/wp-content\/uploads\/2021\/02\/1.jpg?fit=1200%2C900&ssl=1&resize=525%2C300 1.5x, https:\/\/i0.wp.com\/kampkomiteen.net\/wp-content\/uploads\/2021\/02\/1.jpg?fit=1200%2C900&ssl=1&resize=700%2C400 2x, https:\/\/i0.wp.com\/kampkomiteen.net\/wp-content\/uploads\/2021\/02\/1.jpg?fit=1200%2C900&ssl=1&resize=1050%2C600 3x"},"classes":[]},{"id":8263,"url":"https:\/\/kampkomiteen.net\/?p=8263","url_meta":{"origin":2307,"position":1},"title":"Kristiansand: Plakataksjon","author":"Kampkomiteen","date":"9. februar 2025","format":false,"excerpt":"Kampkomiteen har satt opp plakater i Kristiansand sentrum, til st\u00f8tte for fattigb\u00f8ndene i Brasil og for det palestinske folket.","rel":"","context":"i \"Brasil\"","block_context":{"text":"Brasil","link":"https:\/\/kampkomiteen.net\/?tag=brasil"},"img":{"alt_text":"","src":"https:\/\/i0.wp.com\/kampkomiteen.net\/wp-content\/uploads\/2025\/02\/plakat.jpg?fit=1200%2C760&ssl=1&resize=350%2C200","width":350,"height":200,"srcset":"https:\/\/i0.wp.com\/kampkomiteen.net\/wp-content\/uploads\/2025\/02\/plakat.jpg?fit=1200%2C760&ssl=1&resize=350%2C200 1x, https:\/\/i0.wp.com\/kampkomiteen.net\/wp-content\/uploads\/2025\/02\/plakat.jpg?fit=1200%2C760&ssl=1&resize=525%2C300 1.5x, https:\/\/i0.wp.com\/kampkomiteen.net\/wp-content\/uploads\/2025\/02\/plakat.jpg?fit=1200%2C760&ssl=1&resize=700%2C400 2x, https:\/\/i0.wp.com\/kampkomiteen.net\/wp-content\/uploads\/2025\/02\/plakat.jpg?fit=1200%2C760&ssl=1&resize=1050%2C600 3x"},"classes":[]},{"id":1761,"url":"https:\/\/kampkomiteen.net\/?p=1761","url_meta":{"origin":2307,"position":2},"title":"Solidaritetsmarkering for fattigb\u00f8ndenes kamp i Brasil","author":"Kampkomiteen","date":"22. april 2021","format":false,"excerpt":"Kampkomiteen i Bergen holdt onsdag en markering til st\u00f8tte for Fattigb\u00f8ndenes Forbund (LCP).","rel":"","context":"i \"Brasil\"","block_context":{"text":"Brasil","link":"https:\/\/kampkomiteen.net\/?tag=brasil"},"img":{"alt_text":"","src":"https:\/\/i0.wp.com\/kampkomiteen.net\/wp-content\/uploads\/2021\/04\/Bergen-brasilsolidaritet.jpg?fit=1160%2C870&ssl=1&resize=350%2C200","width":350,"height":200,"srcset":"https:\/\/i0.wp.com\/kampkomiteen.net\/wp-content\/uploads\/2021\/04\/Bergen-brasilsolidaritet.jpg?fit=1160%2C870&ssl=1&resize=350%2C200 1x, https:\/\/i0.wp.com\/kampkomiteen.net\/wp-content\/uploads\/2021\/04\/Bergen-brasilsolidaritet.jpg?fit=1160%2C870&ssl=1&resize=525%2C300 1.5x, https:\/\/i0.wp.com\/kampkomiteen.net\/wp-content\/uploads\/2021\/04\/Bergen-brasilsolidaritet.jpg?fit=1160%2C870&ssl=1&resize=700%2C400 2x, https:\/\/i0.wp.com\/kampkomiteen.net\/wp-content\/uploads\/2021\/04\/Bergen-brasilsolidaritet.jpg?fit=1160%2C870&ssl=1&resize=1050%2C600 3x"},"classes":[]},{"id":1771,"url":"https:\/\/kampkomiteen.net\/?p=1771","url_meta":{"origin":2307,"position":3},"title":"1.mai-markeringer","author":"Kampkomiteen","date":"3. mai 2021","format":false,"excerpt":"Til tross for at 1. mai-markeringene ogs\u00e5 i \u00e5r stort sett har v\u00e6rt digitale, har det ogs\u00e5 v\u00e6rt demonstrasjoner i gatene flere steder. Kampdagen er blitt markert som den b\u00f8r, med tog, appeller, slagord og sang. Aktivister fra Kampkomiteen har deltatt i Oslo, Bergen, Trondheim og Kristiansand, med parola \u201cKjemp\u2026","rel":"","context":"i \"1. mai\"","block_context":{"text":"1. mai","link":"https:\/\/kampkomiteen.net\/?tag=1-mai"},"img":{"alt_text":"","src":"https:\/\/i0.wp.com\/kampkomiteen.net\/wp-content\/uploads\/2021\/05\/1-1.jpg?fit=1200%2C900&ssl=1&resize=350%2C200","width":350,"height":200,"srcset":"https:\/\/i0.wp.com\/kampkomiteen.net\/wp-content\/uploads\/2021\/05\/1-1.jpg?fit=1200%2C900&ssl=1&resize=350%2C200 1x, https:\/\/i0.wp.com\/kampkomiteen.net\/wp-content\/uploads\/2021\/05\/1-1.jpg?fit=1200%2C900&ssl=1&resize=525%2C300 1.5x, https:\/\/i0.wp.com\/kampkomiteen.net\/wp-content\/uploads\/2021\/05\/1-1.jpg?fit=1200%2C900&ssl=1&resize=700%2C400 2x, https:\/\/i0.wp.com\/kampkomiteen.net\/wp-content\/uploads\/2021\/05\/1-1.jpg?fit=1200%2C900&ssl=1&resize=1050%2C600 3x"},"classes":[]},{"id":2416,"url":"https:\/\/kampkomiteen.net\/?p=2416","url_meta":{"origin":2307,"position":4},"title":"Kamp og motstand i 2021","author":"Kampkomiteen","date":"2. januar 2022","format":false,"excerpt":"Som 2020 har ogs\u00e5 2021 har v\u00e6rt prega av krise og represjon. Politi og myndigheter har brukte enorme ressurser til \u00e5 kvele kampen mot rasistene i SIAN, og pandemi-restriksjoner har lagt en demper p\u00e5 arrangementer som 8. mars og 1. mai. Men Kampkomiteens aktivister har trossa alle fors\u00f8k p\u00e5 \u00e5\u2026","rel":"","context":"Liknende innlegg","block_context":{"text":"Liknende innlegg","link":""},"img":{"alt_text":"","src":"https:\/\/i0.wp.com\/kampkomiteen.net\/wp-content\/uploads\/2021\/05\/1-1.jpg?fit=1200%2C900&ssl=1&resize=350%2C200","width":350,"height":200,"srcset":"https:\/\/i0.wp.com\/kampkomiteen.net\/wp-content\/uploads\/2021\/05\/1-1.jpg?fit=1200%2C900&ssl=1&resize=350%2C200 1x, https:\/\/i0.wp.com\/kampkomiteen.net\/wp-content\/uploads\/2021\/05\/1-1.jpg?fit=1200%2C900&ssl=1&resize=525%2C300 1.5x, https:\/\/i0.wp.com\/kampkomiteen.net\/wp-content\/uploads\/2021\/05\/1-1.jpg?fit=1200%2C900&ssl=1&resize=700%2C400 2x, https:\/\/i0.wp.com\/kampkomiteen.net\/wp-content\/uploads\/2021\/05\/1-1.jpg?fit=1200%2C900&ssl=1&resize=1050%2C600 3x"},"classes":[]},{"id":8409,"url":"https:\/\/kampkomiteen.net\/?p=8409","url_meta":{"origin":2307,"position":5},"title":"Bergen: Kom p\u00e5 \u00e5pent m\u00f8te om folkets kamp i Brasil","author":"Kampkomiteen","date":"26. februar 2025","format":false,"excerpt":"Kampkomiteen arrangerer l\u00f8rdag 1. mars m\u00f8te om folkets kamp i Brasil. Fattigb\u00f8ndene kjemper om jorden og organiserer seg i LCP under kravet om jorden til de som arbeider den.","rel":"","context":"i \"Bergen\"","block_context":{"text":"Bergen","link":"https:\/\/kampkomiteen.net\/?tag=bergen"},"img":{"alt_text":"","src":"https:\/\/i0.wp.com\/kampkomiteen.net\/wp-content\/uploads\/2025\/02\/feat-lcp-statement.jpg?fit=1024%2C478&ssl=1&resize=350%2C200","width":350,"height":200,"srcset":"https:\/\/i0.wp.com\/kampkomiteen.net\/wp-content\/uploads\/2025\/02\/feat-lcp-statement.jpg?fit=1024%2C478&ssl=1&resize=350%2C200 1x, https:\/\/i0.wp.com\/kampkomiteen.net\/wp-content\/uploads\/2025\/02\/feat-lcp-statement.jpg?fit=1024%2C478&ssl=1&resize=525%2C300 1.5x, https:\/\/i0.wp.com\/kampkomiteen.net\/wp-content\/uploads\/2025\/02\/feat-lcp-statement.jpg?fit=1024%2C478&ssl=1&resize=700%2C400 2x"},"classes":[]}],"jetpack_sharing_enabled":true,"_links":{"self":[{"href":"https:\/\/kampkomiteen.net\/index.php?rest_route=\/wp\/v2\/posts\/2307","targetHints":{"allow":["GET"]}}],"collection":[{"href":"https:\/\/kampkomiteen.net\/index.php?rest_route=\/wp\/v2\/posts"}],"about":[{"href":"https:\/\/kampkomiteen.net\/index.php?rest_route=\/wp\/v2\/types\/post"}],"author":[{"embeddable":true,"href":"https:\/\/kampkomiteen.net\/index.php?rest_route=\/wp\/v2\/users\/8"}],"replies":[{"embeddable":true,"href":"https:\/\/kampkomiteen.net\/index.php?rest_route=%2Fwp%2Fv2%2Fcomments&post=2307"}],"version-history":[{"count":0,"href":"https:\/\/kampkomiteen.net\/index.php?rest_route=\/wp\/v2\/posts\/2307\/revisions"}],"wp:featuredmedia":[{"embeddable":true,"href":"https:\/\/kampkomiteen.net\/index.php?rest_route=\/wp\/v2\/media\/2310"}],"wp:attachment":[{"href":"https:\/\/kampkomiteen.net\/index.php?rest_route=%2Fwp%2Fv2%2Fmedia&parent=2307"}],"wp:term":[{"taxonomy":"category","embeddable":true,"href":"https:\/\/kampkomiteen.net\/index.php?rest_route=%2Fwp%2Fv2%2Fcategories&post=2307"},{"taxonomy":"post_tag","embeddable":true,"href":"https:\/\/kampkomiteen.net\/index.php?rest_route=%2Fwp%2Fv2%2Ftags&post=2307"}],"curies":[{"name":"wp","href":"https:\/\/api.w.org\/{rel}","templated":true}]}}