{"id":1697,"date":"2021-02-16T13:47:32","date_gmt":"2021-02-16T12:47:32","guid":{"rendered":"https:\/\/kampkomiteen.org\/?p=1697"},"modified":"2021-02-16T13:52:51","modified_gmt":"2021-02-16T12:52:51","slug":"om-etterspillet-etter-motstanden-mot-sian-i-sommer","status":"publish","type":"post","link":"https:\/\/kampkomiteen.net\/?p=1697","title":{"rendered":"Om etterspillet etter motstanden mot SIAN i sommer"},"content":{"rendered":"<div id=\"fb-root\"><\/div>\n\n<p>Vi har mottatt det f\u00f8lgende av aktivister i Oslo, og redaksjonen for Kampkomiteen-nettsida stiller seg fullt ut bak budskapet og oppfordrer v\u00e5re lesere til \u00e5 spre denne viktige oppfordringen overalt. Ta kontakt med oss om du vil bidra, om du har informasjon, eller om du selv er rammet av politiets forf\u00f8lgelse som f\u00f8lge av kampene mot SIAN.<\/p>\n\n\n\n<h3 class=\"wp-block-heading\">Kampene mot SIAN 2020 \u2013 en for alle \u2013 alle for en!<\/h3>\n\n\n\n<p><em>Skrevet av aktivister i Oslo<\/em><\/p>\n\n\n\n<p>Sommeren 2020 vil ikke bli husket for fint v\u00e6r og festivalopplevelser. Sommeren 2020 i Norge vil bli husket fordi arbeiderklasseungdom skrev et lite stykke antifascistisk historie. Ikke med penn og papir, men med sine egne never, sine kropper og sitt energiske hat mot fascismen!<\/p>\n\n\n\n<p>Fascistenes provokasjoner ble ikke m\u00f8tt med politikernes s\u00e5kalte \u201cantirasisme\u201d: vendte rygger og pinlig taushet. Den ble ikke m\u00f8tt med ballonger og grillfest. Nei, SIAN og deres angrep p\u00e5 folket ble besvart med motstand. Hundrevis av ungdommer og antifascister bidro til \u00e5 gj\u00f8re SIANs fascistiske norgesturne 2020 til en total fiasko for dem.&nbsp;<\/p>\n\n\n\n<p>Mange av v\u00e5re venner, sommerens kjempere, m\u00e5 n\u00e5 betale en pris. En pris i form av b\u00f8ter og fengselsstraffer. La oss gj\u00f8re som vi gjorde i sommer: st\u00e5 skulder til skulder mot fascistene \u2013 en for alle \u2013 alle for en!<\/p>\n\n\n\n<h3 class=\"wp-block-heading\">St\u00f8tte til de som m\u00e5 sone fengselsstraffer<\/h3>\n\n\n\n<p>I vinter har det blitt gjennomf\u00f8rt en rekke rettssaker mot antifascister som deltok i demonstrasjonene mot SIAN. Noen har f\u00e5tt skyh\u00f8ye b\u00f8ter, andre fengselsstraffer, p\u00e5 alt fra 20 dager til 4 m\u00e5neder. B\u00f8tene og fengselstraffene brukes som et verkt\u00f8y for \u00e5 kneble oss og demotivere oss. Derfor er det spesielt viktig \u00e5 sl\u00e5 ring rundt v\u00e5re rammede venner og \u00e5 ikke la noen st\u00e5 alene mot statens represjon og straff.&nbsp;<\/p>\n\n\n\n<p>Vi vet hvem som st\u00e5r p\u00e5 riktig side i historien. Vi vet hvem som kan g\u00e5 med hevede hoder! Vi kjenner noen av de rammede antifascistene, men langt fra alle. Vi vet at mange av de straffede er uorganiserte. Derfor oppfordrer vi dere som st\u00e5r ovenfor b\u00f8ter og fengselsstraffer til \u00e5 ta kontakt med oss. Sommerens kamper var v\u00e5rt felles verk, dermed er ogs\u00e5 solidaritet med de som n\u00e5 m\u00e5 betale prisen v\u00e5rt felles ansvar!<\/p>\n\n\n\n<p>LEVE KAMPENE MOT SIAN 2020!<\/p>\n\n\n\n<p>SOLIDARITET MED DE STRAFFEDE ANTIFASCISTENE!<\/p>\n\n\n\n<p>FRIHET FOR ALLE POLITISKE FANGER!<\/p>\n","protected":false},"excerpt":{"rendered":"<p>Vi har mottatt det f\u00f8lgende av aktivister i Oslo, og stiller oss fullt ut bak budskapet og oppfordrer v\u00e5re lesere til \u00e5 spre denne viktige oppfordringen overalt. Ta kontakt om du vil bidra, om du har informasjon, eller om du selv er rammet av politiets forf\u00f8lgelse som f\u00f8lge av kampene mot SIAN.<\/p>\n","protected":false},"author":8,"featured_media":1698,"comment_status":"closed","ping_status":"closed","sticky":false,"template":"","format":"standard","meta":{"advanced_seo_description":"","jetpack_seo_html_title":"","jetpack_seo_noindex":false,"_jetpack_memberships_contains_paid_content":false,"footnotes":""},"categories":[1],"tags":[14,15,8],"class_list":["post-1697","post","type-post","status-publish","format-standard","has-post-thumbnail","hentry","category-uncategorized","tag-fascisme-og-antifascisme","tag-politiet","tag-sian"],"jetpack_featured_media_url":"https:\/\/i0.wp.com\/kampkomiteen.net\/wp-content\/uploads\/2021\/02\/pasted-image-0.png?fit=1160%2C522&ssl=1","jetpack_shortlink":"https:\/\/wp.me\/pchuPf-rn","jetpack-related-posts":[{"id":1555,"url":"https:\/\/kampkomiteen.net\/?p=1555","url_meta":{"origin":1697,"position":0},"title":"Kamp og motstand i 2020","author":"Kampkomiteen","date":"31. desember 2020","format":false,"excerpt":"2020 har st\u00e5tt i kampens tegn. Vi tar her et tilbakeblikk p\u00e5 kampene lokallaga v\u00e5re har kjempa for i \u00e5r, og lar innsatsen som er lagt ned inspirere til videre og intensivert kamp i 2021. Den r\u00f8de fana vil heises igjen og igjen blant kjempende folk i Norge og i\u2026","rel":"","context":"Liknende innlegg","block_context":{"text":"Liknende innlegg","link":""},"img":{"alt_text":"","src":"https:\/\/i0.wp.com\/kampkomiteen.net\/wp-content\/uploads\/2020\/12\/BlurImage_5-6-2020-7-49-17-1.jpg?fit=1200%2C900&ssl=1&resize=350%2C200","width":350,"height":200,"srcset":"https:\/\/i0.wp.com\/kampkomiteen.net\/wp-content\/uploads\/2020\/12\/BlurImage_5-6-2020-7-49-17-1.jpg?fit=1200%2C900&ssl=1&resize=350%2C200 1x, https:\/\/i0.wp.com\/kampkomiteen.net\/wp-content\/uploads\/2020\/12\/BlurImage_5-6-2020-7-49-17-1.jpg?fit=1200%2C900&ssl=1&resize=525%2C300 1.5x, https:\/\/i0.wp.com\/kampkomiteen.net\/wp-content\/uploads\/2020\/12\/BlurImage_5-6-2020-7-49-17-1.jpg?fit=1200%2C900&ssl=1&resize=700%2C400 2x, https:\/\/i0.wp.com\/kampkomiteen.net\/wp-content\/uploads\/2020\/12\/BlurImage_5-6-2020-7-49-17-1.jpg?fit=1200%2C900&ssl=1&resize=1050%2C600 3x"},"classes":[]},{"id":1347,"url":"https:\/\/kampkomiteen.net\/?p=1347","url_meta":{"origin":1697,"position":1},"title":"Heltemodige kamper p\u00e5 Furuset","author":"Kampkomiteen","date":"17. august 2020","format":false,"excerpt":"L\u00f8rdag 15. august kom fascistene fra SIAN til den prolet\u00e6re bydelen Furuset i Oslo. Her ble de m\u00f8tt av hundrevis av motdemonstranter som ved hjelp av slagord, flasker og stein beskyttet bydelen mot fascisme og politi p\u00e5 heltemodig vis!","rel":"","context":"i \"Demonstrasjon\"","block_context":{"text":"Demonstrasjon","link":"https:\/\/kampkomiteen.net\/?tag=demonstrasjon"},"img":{"alt_text":"","src":"https:\/\/i0.wp.com\/kampkomiteen.net\/wp-content\/uploads\/2020\/08\/BlurImage_16-8-2020-11-52-16.jpg?fit=1058%2C604&ssl=1&resize=350%2C200","width":350,"height":200,"srcset":"https:\/\/i0.wp.com\/kampkomiteen.net\/wp-content\/uploads\/2020\/08\/BlurImage_16-8-2020-11-52-16.jpg?fit=1058%2C604&ssl=1&resize=350%2C200 1x, https:\/\/i0.wp.com\/kampkomiteen.net\/wp-content\/uploads\/2020\/08\/BlurImage_16-8-2020-11-52-16.jpg?fit=1058%2C604&ssl=1&resize=525%2C300 1.5x, https:\/\/i0.wp.com\/kampkomiteen.net\/wp-content\/uploads\/2020\/08\/BlurImage_16-8-2020-11-52-16.jpg?fit=1058%2C604&ssl=1&resize=700%2C400 2x, https:\/\/i0.wp.com\/kampkomiteen.net\/wp-content\/uploads\/2020\/08\/BlurImage_16-8-2020-11-52-16.jpg?fit=1058%2C604&ssl=1&resize=1050%2C600 3x"},"classes":[]},{"id":2629,"url":"https:\/\/kampkomiteen.net\/?p=2629","url_meta":{"origin":1697,"position":2},"title":"Ut p\u00e5 gata 1. mai!","author":"Kampkomiteen","date":"22. april 2022","format":false,"excerpt":"Kampkomiteen vil delta i markeringer av 1. mai i Oslo, Bergen, Trondheim og Kristiansand. Aktivister vil ogs\u00e5 reise fra andre steder for \u00e5 delta. Vi oppfordrer alle andre til \u00e5 markere dagen overalt hvor man kan. Ta kontakt med oss om du vil bli med eller bidra p\u00e5 annet vis,\u2026","rel":"","context":"i \"1. mai\"","block_context":{"text":"1. mai","link":"https:\/\/kampkomiteen.net\/?tag=1-mai"},"img":{"alt_text":"","src":"https:\/\/i0.wp.com\/kampkomiteen.net\/wp-content\/uploads\/2022\/03\/2022-plakat-8-mars-kampkomiteen-nettside-bilde-2-scaled.jpg?fit=1200%2C750&ssl=1&resize=350%2C200","width":350,"height":200,"srcset":"https:\/\/i0.wp.com\/kampkomiteen.net\/wp-content\/uploads\/2022\/03\/2022-plakat-8-mars-kampkomiteen-nettside-bilde-2-scaled.jpg?fit=1200%2C750&ssl=1&resize=350%2C200 1x, https:\/\/i0.wp.com\/kampkomiteen.net\/wp-content\/uploads\/2022\/03\/2022-plakat-8-mars-kampkomiteen-nettside-bilde-2-scaled.jpg?fit=1200%2C750&ssl=1&resize=525%2C300 1.5x, https:\/\/i0.wp.com\/kampkomiteen.net\/wp-content\/uploads\/2022\/03\/2022-plakat-8-mars-kampkomiteen-nettside-bilde-2-scaled.jpg?fit=1200%2C750&ssl=1&resize=700%2C400 2x, https:\/\/i0.wp.com\/kampkomiteen.net\/wp-content\/uploads\/2022\/03\/2022-plakat-8-mars-kampkomiteen-nettside-bilde-2-scaled.jpg?fit=1200%2C750&ssl=1&resize=1050%2C600 3x"},"classes":[]},{"id":2416,"url":"https:\/\/kampkomiteen.net\/?p=2416","url_meta":{"origin":1697,"position":3},"title":"Kamp og motstand i 2021","author":"Kampkomiteen","date":"2. januar 2022","format":false,"excerpt":"Som 2020 har ogs\u00e5 2021 har v\u00e6rt prega av krise og represjon. Politi og myndigheter har brukte enorme ressurser til \u00e5 kvele kampen mot rasistene i SIAN, og pandemi-restriksjoner har lagt en demper p\u00e5 arrangementer som 8. mars og 1. mai. Men Kampkomiteens aktivister har trossa alle fors\u00f8k p\u00e5 \u00e5\u2026","rel":"","context":"Liknende innlegg","block_context":{"text":"Liknende innlegg","link":""},"img":{"alt_text":"","src":"https:\/\/i0.wp.com\/kampkomiteen.net\/wp-content\/uploads\/2021\/05\/1-1.jpg?fit=1200%2C900&ssl=1&resize=350%2C200","width":350,"height":200,"srcset":"https:\/\/i0.wp.com\/kampkomiteen.net\/wp-content\/uploads\/2021\/05\/1-1.jpg?fit=1200%2C900&ssl=1&resize=350%2C200 1x, https:\/\/i0.wp.com\/kampkomiteen.net\/wp-content\/uploads\/2021\/05\/1-1.jpg?fit=1200%2C900&ssl=1&resize=525%2C300 1.5x, https:\/\/i0.wp.com\/kampkomiteen.net\/wp-content\/uploads\/2021\/05\/1-1.jpg?fit=1200%2C900&ssl=1&resize=700%2C400 2x, https:\/\/i0.wp.com\/kampkomiteen.net\/wp-content\/uploads\/2021\/05\/1-1.jpg?fit=1200%2C900&ssl=1&resize=1050%2C600 3x"},"classes":[]},{"id":2264,"url":"https:\/\/kampkomiteen.net\/?p=2264","url_meta":{"origin":1697,"position":4},"title":"Demonstrasjon mot SIAN p\u00e5 Furuset","author":"Kampkomiteen","date":"4. oktober 2021","format":false,"excerpt":"L\u00f8rdag 2. Oktober deltok Kampkomiteen p\u00e5 demonstrasjon p\u00e5 Furuset i Oslo, mot muslimhaterne og rasistene i SIAN. Aktivistene fra Kampkomiteen ropte slagord med andre antirasister, og s\u00f8rget for at rasistene igjen ble totalt isolert.","rel":"","context":"i \"Demonstrasjon\"","block_context":{"text":"Demonstrasjon","link":"https:\/\/kampkomiteen.net\/?tag=demonstrasjon"},"img":{"alt_text":"","src":"https:\/\/i0.wp.com\/kampkomiteen.net\/wp-content\/uploads\/2021\/10\/HPIM2419-scaled.jpg?fit=1200%2C894&ssl=1&resize=350%2C200","width":350,"height":200,"srcset":"https:\/\/i0.wp.com\/kampkomiteen.net\/wp-content\/uploads\/2021\/10\/HPIM2419-scaled.jpg?fit=1200%2C894&ssl=1&resize=350%2C200 1x, https:\/\/i0.wp.com\/kampkomiteen.net\/wp-content\/uploads\/2021\/10\/HPIM2419-scaled.jpg?fit=1200%2C894&ssl=1&resize=525%2C300 1.5x, https:\/\/i0.wp.com\/kampkomiteen.net\/wp-content\/uploads\/2021\/10\/HPIM2419-scaled.jpg?fit=1200%2C894&ssl=1&resize=700%2C400 2x, https:\/\/i0.wp.com\/kampkomiteen.net\/wp-content\/uploads\/2021\/10\/HPIM2419-scaled.jpg?fit=1200%2C894&ssl=1&resize=1050%2C600 3x"},"classes":[]},{"id":2138,"url":"https:\/\/kampkomiteen.net\/?p=2138","url_meta":{"origin":1697,"position":5},"title":"Demonstrasjon mot SIAN i Kristiansand","author":"Kampkomiteen","date":"6. august 2021","format":false,"excerpt":"Aktivister fra Kampkomiteen, IMT, RU, R\u00f8dt, NKP og Antirasistisk Agder holdt en demonstrasjon mot SIAN 5. august. Mange kristiansandere m\u00f8tte opp til tross for at kommunen, politikere og religi\u00f8se ledere jobba iherdig for \u00e5 lokke folk bort fra torvet med gratiskonsert, og delte ut matkuponger p\u00e5 demonstrasjonen for \u00e5 f\u00e5\u2026","rel":"","context":"i \"Demonstrasjon\"","block_context":{"text":"Demonstrasjon","link":"https:\/\/kampkomiteen.net\/?tag=demonstrasjon"},"img":{"alt_text":"","src":"https:\/\/i0.wp.com\/kampkomiteen.net\/wp-content\/uploads\/2021\/08\/Image_735670.jpg?fit=1200%2C900&ssl=1&resize=350%2C200","width":350,"height":200,"srcset":"https:\/\/i0.wp.com\/kampkomiteen.net\/wp-content\/uploads\/2021\/08\/Image_735670.jpg?fit=1200%2C900&ssl=1&resize=350%2C200 1x, https:\/\/i0.wp.com\/kampkomiteen.net\/wp-content\/uploads\/2021\/08\/Image_735670.jpg?fit=1200%2C900&ssl=1&resize=525%2C300 1.5x, https:\/\/i0.wp.com\/kampkomiteen.net\/wp-content\/uploads\/2021\/08\/Image_735670.jpg?fit=1200%2C900&ssl=1&resize=700%2C400 2x, https:\/\/i0.wp.com\/kampkomiteen.net\/wp-content\/uploads\/2021\/08\/Image_735670.jpg?fit=1200%2C900&ssl=1&resize=1050%2C600 3x"},"classes":[]}],"jetpack_sharing_enabled":true,"_links":{"self":[{"href":"https:\/\/kampkomiteen.net\/index.php?rest_route=\/wp\/v2\/posts\/1697","targetHints":{"allow":["GET"]}}],"collection":[{"href":"https:\/\/kampkomiteen.net\/index.php?rest_route=\/wp\/v2\/posts"}],"about":[{"href":"https:\/\/kampkomiteen.net\/index.php?rest_route=\/wp\/v2\/types\/post"}],"author":[{"embeddable":true,"href":"https:\/\/kampkomiteen.net\/index.php?rest_route=\/wp\/v2\/users\/8"}],"replies":[{"embeddable":true,"href":"https:\/\/kampkomiteen.net\/index.php?rest_route=%2Fwp%2Fv2%2Fcomments&post=1697"}],"version-history":[{"count":0,"href":"https:\/\/kampkomiteen.net\/index.php?rest_route=\/wp\/v2\/posts\/1697\/revisions"}],"wp:featuredmedia":[{"embeddable":true,"href":"https:\/\/kampkomiteen.net\/index.php?rest_route=\/wp\/v2\/media\/1698"}],"wp:attachment":[{"href":"https:\/\/kampkomiteen.net\/index.php?rest_route=%2Fwp%2Fv2%2Fmedia&parent=1697"}],"wp:term":[{"taxonomy":"category","embeddable":true,"href":"https:\/\/kampkomiteen.net\/index.php?rest_route=%2Fwp%2Fv2%2Fcategories&post=1697"},{"taxonomy":"post_tag","embeddable":true,"href":"https:\/\/kampkomiteen.net\/index.php?rest_route=%2Fwp%2Fv2%2Ftags&post=1697"}],"curies":[{"name":"wp","href":"https:\/\/api.w.org\/{rel}","templated":true}]}}