{"id":11669,"date":"2026-09-04T10:42:34","date_gmt":"2026-09-04T08:42:34","guid":{"rendered":"https:\/\/kampkomiteen.net\/?p=11669"},"modified":"2026-09-04T10:43:31","modified_gmt":"2026-09-04T08:43:31","slug":"bergen-bli-med-pa-apent-mote-om-politivold-represjon-og-rasisme","status":"publish","type":"post","link":"https:\/\/kampkomiteen.net\/?p=11669","title":{"rendered":"Bergen: Bli med p\u00e5 \u00e5pent m\u00f8te om politivold, represjon og rasisme"},"content":{"rendered":"<div id=\"fb-root\"><\/div>\n\n<p class=\"wp-block-paragraph\"><em>Skrevet av aktivister i Bergen.<\/em><\/p>\n\n\n\n<p class=\"wp-block-paragraph\">For 20 \u00e5r siden ble Eugene Obiora drept i Trondheim. Obiora ble kvelt av 4 politibetjenter. Ingen av de 4 politibetjentene har f\u00e5tt noe straff.<\/p>\n\n\n\n<p class=\"wp-block-paragraph\">For 20 \u00e5r siden ble det beg\u00e5tt et brutalt og rasistisk drap. Drapsmennene ble forsvart, og drapet ble godkjent av den imperialistiske norske stat. 20 \u00e5r har g\u00e5tt, og flere drap og voldsepisoder ut\u00f8vd av politi har blitt henlagt.<\/p>\n\n\n\n<p class=\"wp-block-paragraph\">Norsk politi f\u00f8lger ikke bare tendensen vi ser i andre land n\u00e5r rasismen blir omfavna, men ogs\u00e5 n\u00e5r det gjelder \u00e5 trampe p\u00e5 folkets demokratiske rettigheter. Siden 7. oktober 2023 har politiet angrepet flere pro-palestinske demonstrasjoner, der det st\u00f8rste angrepet p\u00e5 ytringsfrihet og Palestinasolidaritet skjedde 11. oktober 2025 da politiet arresterte 22 palestinaaktivister.<\/p>\n\n\n\n<p class=\"wp-block-paragraph\">7. september er Obioras d\u00f8dsdag. Vi i Kampkomiteen og Bergen4Palestine inviterer derfor alle interesserte for \u00e5 diskutere og l\u00e6re, og markere Obioras liv og minne.<\/p>\n\n\n\n<p class=\"wp-block-paragraph\">M\u00f8te vil bli holdt mandag 7. september p\u00e5 Kulturhuset Danckert Krohn, Kong Oscars gate 54. <br>Klokken 18.00<\/p>\n\n\n\n<figure class=\"wp-block-image size-full\"><img data-recalc-dims=\"1\" loading=\"lazy\" decoding=\"async\" width=\"810\" height=\"810\" src=\"https:\/\/i0.wp.com\/kampkomiteen.net\/wp-content\/uploads\/2026\/09\/Plakat.jpg?resize=810%2C810&#038;ssl=1\" alt=\"\" class=\"wp-image-11670\" srcset=\"https:\/\/i0.wp.com\/kampkomiteen.net\/wp-content\/uploads\/2026\/09\/Plakat.jpg?w=2048&amp;ssl=1 2048w, https:\/\/i0.wp.com\/kampkomiteen.net\/wp-content\/uploads\/2026\/09\/Plakat.jpg?resize=150%2C150&amp;ssl=1 150w, https:\/\/i0.wp.com\/kampkomiteen.net\/wp-content\/uploads\/2026\/09\/Plakat.jpg?resize=1000%2C1000&amp;ssl=1 1000w, https:\/\/i0.wp.com\/kampkomiteen.net\/wp-content\/uploads\/2026\/09\/Plakat.jpg?resize=768%2C768&amp;ssl=1 768w, https:\/\/i0.wp.com\/kampkomiteen.net\/wp-content\/uploads\/2026\/09\/Plakat.jpg?resize=1536%2C1536&amp;ssl=1 1536w, https:\/\/i0.wp.com\/kampkomiteen.net\/wp-content\/uploads\/2026\/09\/Plakat.jpg?w=1620&amp;ssl=1 1620w\" sizes=\"auto, (max-width: 810px) 100vw, 810px\" \/><\/figure>\n","protected":false},"excerpt":{"rendered":"<p>Kampkomiteen og Bergen4Palestine inviterer til \u00e5pent m\u00f8te mandag 7. september med tema politivold, represjon og rasisme som tema og for \u00e5 markere Obioras liv og minne.<\/p>\n","protected":false},"author":8,"featured_media":7685,"comment_status":"closed","ping_status":"closed","sticky":false,"template":"","format":"standard","meta":{"advanced_seo_description":"","jetpack_seo_html_title":"","jetpack_seo_noindex":false,"jetpack_seo_schema_type":"","_jetpack_newsletter_access":"","_jetpack_dont_email_post_to_subs":false,"_jetpack_newsletter_tier_id":0,"_jetpack_memberships_contains_paywalled_content":false,"_jetpack_feature_clip_id":0,"_jetpack_memberships_contains_paid_content":false,"footnotes":"","jetpack_post_was_ever_published":false},"categories":[1],"tags":[25,17,114,115,82,47],"class_list":["post-11669","post","type-post","status-publish","format-standard","has-post-thumbnail","hentry","category-uncategorized","tag-bergen","tag-imperialisme","tag-politivold","tag-rasisme","tag-represjon","tag-solidaritet"],"jetpack_shortlink":"https:\/\/wp.me\/pchuPf-32d","jetpack-related-posts":[{"id":6344,"url":"https:\/\/kampkomiteen.net\/?p=6344","url_meta":{"origin":11669,"position":0},"title":"Demonstrasjoner mot politivold og rasisme","author":"Kampkomiteen","date":"9. september 2023","format":false,"excerpt":"7. september var det 17 \u00e5r siden politiet drepte Eugene Ejike Obiora. Kampkomiteen har markert dagen i Oslo, Trondheim, Bergen og Kristiansand.","rel":"","context":"i \"Antirasisme\"","block_context":{"text":"Antirasisme","link":"https:\/\/kampkomiteen.net\/?tag=antirasisme"},"img":{"alt_text":"","src":"https:\/\/i0.wp.com\/kampkomiteen.net\/wp-content\/uploads\/2023\/09\/Tog1.jpg?fit=1200%2C800&ssl=1&resize=350%2C200","width":350,"height":200,"srcset":"https:\/\/i0.wp.com\/kampkomiteen.net\/wp-content\/uploads\/2023\/09\/Tog1.jpg?fit=1200%2C800&ssl=1&resize=350%2C200 1x, https:\/\/i0.wp.com\/kampkomiteen.net\/wp-content\/uploads\/2023\/09\/Tog1.jpg?fit=1200%2C800&ssl=1&resize=525%2C300 1.5x, https:\/\/i0.wp.com\/kampkomiteen.net\/wp-content\/uploads\/2023\/09\/Tog1.jpg?fit=1200%2C800&ssl=1&resize=700%2C400 2x, https:\/\/i0.wp.com\/kampkomiteen.net\/wp-content\/uploads\/2023\/09\/Tog1.jpg?fit=1200%2C800&ssl=1&resize=1050%2C600 3x"},"classes":[]},{"id":3026,"url":"https:\/\/kampkomiteen.net\/?p=3026","url_meta":{"origin":11669,"position":1},"title":"Markeringer p\u00e5 Eugene Obioras d\u00f8dsdag","author":"Kampkomiteen","date":"8. september 2022","format":false,"excerpt":"7. september var det 16 \u00e5r siden Eugene Obiora ble drept av politiet i Trondheim. Dagen ble markert i Trondheim, Oslo, Bergen og Kristiansand og vi deler her rapporter og bilder som er sendt inn fra aktivister i disse byene.","rel":"","context":"i \"Antirasisme\"","block_context":{"text":"Antirasisme","link":"https:\/\/kampkomiteen.net\/?tag=antirasisme"},"img":{"alt_text":"","src":"https:\/\/i0.wp.com\/kampkomiteen.net\/wp-content\/uploads\/2022\/09\/Untitled-1.jpg?fit=1200%2C770&ssl=1&resize=350%2C200","width":350,"height":200,"srcset":"https:\/\/i0.wp.com\/kampkomiteen.net\/wp-content\/uploads\/2022\/09\/Untitled-1.jpg?fit=1200%2C770&ssl=1&resize=350%2C200 1x, https:\/\/i0.wp.com\/kampkomiteen.net\/wp-content\/uploads\/2022\/09\/Untitled-1.jpg?fit=1200%2C770&ssl=1&resize=525%2C300 1.5x, https:\/\/i0.wp.com\/kampkomiteen.net\/wp-content\/uploads\/2022\/09\/Untitled-1.jpg?fit=1200%2C770&ssl=1&resize=700%2C400 2x, https:\/\/i0.wp.com\/kampkomiteen.net\/wp-content\/uploads\/2022\/09\/Untitled-1.jpg?fit=1200%2C770&ssl=1&resize=1050%2C600 3x"},"classes":[]},{"id":2193,"url":"https:\/\/kampkomiteen.net\/?p=2193","url_meta":{"origin":11669,"position":2},"title":"Markeringer mot politivold og rasisme 7. september.","author":"Kampkomiteen","date":"3. september 2021","format":false,"excerpt":"M\u00f8t opp p\u00e5 tirsdag, st\u00e5 opp mot politivold og rasisme! Kristiansand: Kl.17 p\u00e5 \u00d8vre torv. Oslo: Kl.18 ved Gr\u00f8nland politistasjon. Trondheim: Kl.18 p\u00e5 torget. Bergen: Kl.18.00 p\u00e5 V\u00e5gsalmenningen, ved Holberg-statuen.","rel":"","context":"i \"BLM\"","block_context":{"text":"BLM","link":"https:\/\/kampkomiteen.net\/?tag=blm"},"img":{"alt_text":"","src":"https:\/\/i0.wp.com\/kampkomiteen.net\/wp-content\/uploads\/2021\/09\/IMG_1358.jpg?fit=1200%2C900&ssl=1&resize=350%2C200","width":350,"height":200,"srcset":"https:\/\/i0.wp.com\/kampkomiteen.net\/wp-content\/uploads\/2021\/09\/IMG_1358.jpg?fit=1200%2C900&ssl=1&resize=350%2C200 1x, https:\/\/i0.wp.com\/kampkomiteen.net\/wp-content\/uploads\/2021\/09\/IMG_1358.jpg?fit=1200%2C900&ssl=1&resize=525%2C300 1.5x, https:\/\/i0.wp.com\/kampkomiteen.net\/wp-content\/uploads\/2021\/09\/IMG_1358.jpg?fit=1200%2C900&ssl=1&resize=700%2C400 2x, https:\/\/i0.wp.com\/kampkomiteen.net\/wp-content\/uploads\/2021\/09\/IMG_1358.jpg?fit=1200%2C900&ssl=1&resize=1050%2C600 3x"},"classes":[]},{"id":11643,"url":"https:\/\/kampkomiteen.net\/?p=11643","url_meta":{"origin":11669,"position":3},"title":"Trondheim: Flere plakater for Obiora-markering","author":"Kampkomiteen","date":"3. september 2026","format":false,"excerpt":"Den siste uka har aktivister satt opp flere plakater og veggaviser for \u00e5 mobilisere til Obiora-markering.","rel":"","context":"i \"Demonstrasjon\"","block_context":{"text":"Demonstrasjon","link":"https:\/\/kampkomiteen.net\/?tag=demonstrasjon"},"img":{"alt_text":"","src":"https:\/\/i0.wp.com\/kampkomiteen.net\/wp-content\/uploads\/2026\/09\/Forsidebilde2.jpg?fit=1200%2C780&ssl=1&resize=350%2C200","width":350,"height":200,"srcset":"https:\/\/i0.wp.com\/kampkomiteen.net\/wp-content\/uploads\/2026\/09\/Forsidebilde2.jpg?fit=1200%2C780&ssl=1&resize=350%2C200 1x, https:\/\/i0.wp.com\/kampkomiteen.net\/wp-content\/uploads\/2026\/09\/Forsidebilde2.jpg?fit=1200%2C780&ssl=1&resize=525%2C300 1.5x, https:\/\/i0.wp.com\/kampkomiteen.net\/wp-content\/uploads\/2026\/09\/Forsidebilde2.jpg?fit=1200%2C780&ssl=1&resize=700%2C400 2x, https:\/\/i0.wp.com\/kampkomiteen.net\/wp-content\/uploads\/2026\/09\/Forsidebilde2.jpg?fit=1200%2C780&ssl=1&resize=1050%2C600 3x"},"classes":[]},{"id":11659,"url":"https:\/\/kampkomiteen.net\/?p=11659","url_meta":{"origin":11669,"position":4},"title":"Trondheim: Bli med p\u00e5 demonstrasjon mot politivold, represjon og rasisme!","author":"Kampkomiteen","date":"3. september 2026","format":false,"excerpt":"Kampkomiteen i Trondheim oppfordrer til \u00e5 bli med p\u00e5 demonstrasjon l\u00f8rdag 5. september.","rel":"","context":"i \"Demonstrasjon\"","block_context":{"text":"Demonstrasjon","link":"https:\/\/kampkomiteen.net\/?tag=demonstrasjon"},"img":{"alt_text":"","src":"https:\/\/i0.wp.com\/kampkomiteen.net\/wp-content\/uploads\/2025\/09\/1-2.jpg?fit=831%2C600&ssl=1&resize=350%2C200","width":350,"height":200,"srcset":"https:\/\/i0.wp.com\/kampkomiteen.net\/wp-content\/uploads\/2025\/09\/1-2.jpg?fit=831%2C600&ssl=1&resize=350%2C200 1x, https:\/\/i0.wp.com\/kampkomiteen.net\/wp-content\/uploads\/2025\/09\/1-2.jpg?fit=831%2C600&ssl=1&resize=525%2C300 1.5x, https:\/\/i0.wp.com\/kampkomiteen.net\/wp-content\/uploads\/2025\/09\/1-2.jpg?fit=831%2C600&ssl=1&resize=700%2C400 2x"},"classes":[]},{"id":7663,"url":"https:\/\/kampkomiteen.net\/?p=7663","url_meta":{"origin":11669,"position":5},"title":"Trondheim: Demonstrasjon mot politivold og represjon","author":"Kampkomiteen","date":"8. september 2024","format":false,"excerpt":"Fredag 6. september arrangerte Kampkomiteen i Trondheim en demonstrasjon mot politivold, represjon og rasisme. Demonstrasjonen ble avholdt i anledning \u00e5rsdagen for da politiet i Trondheim drepte Eugene Obiora i 2006.","rel":"","context":"i \"Demonstrasjon\"","block_context":{"text":"Demonstrasjon","link":"https:\/\/kampkomiteen.net\/?tag=demonstrasjon"},"img":{"alt_text":"","src":"https:\/\/i0.wp.com\/kampkomiteen.net\/wp-content\/uploads\/2024\/09\/Obiora.jpg?fit=1200%2C800&ssl=1&resize=350%2C200","width":350,"height":200,"srcset":"https:\/\/i0.wp.com\/kampkomiteen.net\/wp-content\/uploads\/2024\/09\/Obiora.jpg?fit=1200%2C800&ssl=1&resize=350%2C200 1x, https:\/\/i0.wp.com\/kampkomiteen.net\/wp-content\/uploads\/2024\/09\/Obiora.jpg?fit=1200%2C800&ssl=1&resize=525%2C300 1.5x, https:\/\/i0.wp.com\/kampkomiteen.net\/wp-content\/uploads\/2024\/09\/Obiora.jpg?fit=1200%2C800&ssl=1&resize=700%2C400 2x, https:\/\/i0.wp.com\/kampkomiteen.net\/wp-content\/uploads\/2024\/09\/Obiora.jpg?fit=1200%2C800&ssl=1&resize=1050%2C600 3x"},"classes":[]}],"jetpack_sharing_enabled":true,"jetpack_featured_media_url":"https:\/\/i0.wp.com\/kampkomiteen.net\/wp-content\/uploads\/2024\/09\/Obiora-1-scaled.jpg?fit=2560%2C1707&ssl=1","_links":{"self":[{"href":"https:\/\/kampkomiteen.net\/index.php?rest_route=\/wp\/v2\/posts\/11669","targetHints":{"allow":["GET"]}}],"collection":[{"href":"https:\/\/kampkomiteen.net\/index.php?rest_route=\/wp\/v2\/posts"}],"about":[{"href":"https:\/\/kampkomiteen.net\/index.php?rest_route=\/wp\/v2\/types\/post"}],"author":[{"embeddable":true,"href":"https:\/\/kampkomiteen.net\/index.php?rest_route=\/wp\/v2\/users\/8"}],"replies":[{"embeddable":true,"href":"https:\/\/kampkomiteen.net\/index.php?rest_route=%2Fwp%2Fv2%2Fcomments&post=11669"}],"version-history":[{"count":2,"href":"https:\/\/kampkomiteen.net\/index.php?rest_route=\/wp\/v2\/posts\/11669\/revisions"}],"predecessor-version":[{"id":11672,"href":"https:\/\/kampkomiteen.net\/index.php?rest_route=\/wp\/v2\/posts\/11669\/revisions\/11672"}],"wp:featuredmedia":[{"embeddable":true,"href":"https:\/\/kampkomiteen.net\/index.php?rest_route=\/wp\/v2\/media\/7685"}],"wp:attachment":[{"href":"https:\/\/kampkomiteen.net\/index.php?rest_route=%2Fwp%2Fv2%2Fmedia&parent=11669"}],"wp:term":[{"taxonomy":"category","embeddable":true,"href":"https:\/\/kampkomiteen.net\/index.php?rest_route=%2Fwp%2Fv2%2Fcategories&post=11669"},{"taxonomy":"post_tag","embeddable":true,"href":"https:\/\/kampkomiteen.net\/index.php?rest_route=%2Fwp%2Fv2%2Ftags&post=11669"}],"curies":[{"name":"wp","href":"https:\/\/api.w.org\/{rel}","templated":true}]}}