{"id":11659,"date":"2026-09-03T15:05:17","date_gmt":"2026-09-03T13:05:17","guid":{"rendered":"https:\/\/kampkomiteen.net\/?p=11659"},"modified":"2026-09-03T15:05:17","modified_gmt":"2026-09-03T13:05:17","slug":"trondheim-bli-med-pa-demonstrasjon-mot-politivold-represjon-og-rasisme-2","status":"publish","type":"post","link":"https:\/\/kampkomiteen.net\/?p=11659","title":{"rendered":"Trondheim: Bli med p\u00e5 demonstrasjon mot politivold, represjon og rasisme!"},"content":{"rendered":"<div id=\"fb-root\"><\/div>\n\n<p class=\"wp-block-paragraph\"><em>Skrevet av aktivister i Trondheim.<\/em><\/p>\n\n\n\n<p class=\"wp-block-paragraph\"><strong> I \u00e5r er det 20 \u00e5r siden Eugene Obiora ble drept av politiet i Trondheim, og Kampkomiteen sammen med flere organisasjoner skal ha en demonstrasjon mot politivold, represjon og rasisme i forbindelse med dette.<\/strong><br><\/p>\n\n\n\n<p class=\"wp-block-paragraph\"><strong>Bli med!<\/strong><br><strong>L\u00f8rdag 5. september kl. 13:00, i krysset mellom Nordre gate og Thomas Angells gate.<\/strong><\/p>\n\n\n\n<p class=\"wp-block-paragraph\"><strong>20 \u00c5R SIDEN POLITIET DREPTE OBIORA!<\/strong><br>Den 7. september 2006 gikk Eugene Ejike Obiora inn p\u00e5 et NAV-kontor i Trondheim for \u00e5 klage p\u00e5 avslag om sosialhjelp. En av Obioras s\u00f8nner fylte 12 \u00e5r og han hadde ikke r\u00e5d til \u00e5 kj\u00f8pe ham en gave. Vekterne ble tilkalt n\u00e5r Obiora, forst\u00e5elig nok, ble sint over systemet som sviktet ham. Vekterselskapet valgte \u00e5 tilkalle politiet n\u00e5r de ikke hadde noen ansatte tilgjengelige. Til tross for at sosialarbeiderne selv sa de ikke f\u00f8lte seg truet, valgte de fire politimennene \u00e5 legge ham i mageleie og presse livet ut av ham med et halsgrep. Ingen av dem ble noen gang straffet. Mannen som kvalte ham, Trond Volden, ble senere forfremmet til tross for \u00e5 ha brukt kvelertak tidligere. <br><strong>20 \u00e5r uten rettferdighet. 20 \u00e5r hvor staten beskytter sine voldsmenn og lar ofrene bli glemt. <\/strong><br><strong>Vi glemmer ikke Obiora! <\/strong><\/p>\n\n\n\n<p class=\"wp-block-paragraph\"><strong>MOT POLITIVOLD, REPRESJON OG RASISME<\/strong> &#8211; <strong>FORSVAR FOLKETS DEMOKRATISKE RETTIGHETER!<\/strong><br>Undertrykking er en forutsetning for det imperialistiske systemet. Den norske staten tjener p\u00e5 undertrykking b\u00e5de innenlands og utenlands &#8211; vi ser det i politiets behandling av fattige og innvandrere i Norge, og vi ser det i den norske statens rolle i Palestina og andre undertrykte land hvor staten tjener p\u00e5 undertrykkingen av det palestinske folket gjennom blant annet v\u00e5peneksport til Israel og det n\u00e6re samarbeidet med USA. Imperialismens plyndring og kriger tvinger folk p\u00e5 flukt for \u00e5 br\u00f8df\u00f8 sine familier. Eugene Obiora kom til Norge for \u00e5 fors\u00f8rge sin familie. <\/p>\n\n\n\n<p class=\"wp-block-paragraph\">I Norge kommer represjon og politivold til uttrykk blant annet i forf\u00f8lgelsen av Palestina-aktivister. Dette ser vi i saken hvor tre aktivister ble rettsforfulgt for \u00e5 ha ropt sp\u00f8rsm\u00e5l til Sylvi Listhaug, og ved <a href=\"https:\/\/kampkomiteen.net\/?p=9834\" data-type=\"link\" data-id=\"https:\/\/kampkomiteen.net\/?p=9834\">demonstrasjonen under fotballkampen mellom Norge-Israel i Oslo 11. oktober<\/a>, som ble angrepet av politiet og hvor 22 aktivister ble arrestert. Politiet angrep en lovlig demonstrasjon og viste igjen at de ikke er der for \u00e5 forsvare loven, men for \u00e5 forsvare interessene til norsk imperialisme. <\/p>\n\n\n\n<p class=\"wp-block-paragraph\">Vi m\u00e5 forsvare folkets demokratiske rettigheter og retten til \u00e5 protestere! Politiet viser at de ikke er p\u00e5 folkets side n\u00e5r de overv\u00e5ker og angriper demonstrasjoner, og n\u00e5r de dreper og trakasserer fattige og innvandrere. <br><br><strong>Rettferdighet for Obiora! <br>Forsvar folkets demokratiske rettigheter! <br>Stopp politiets forf\u00f8lgelse av Palestina-aktivister! <br>Fritt Palestina!<\/strong><\/p>\n","protected":false},"excerpt":{"rendered":"<p>Kampkomiteen i Trondheim oppfordrer til \u00e5 bli med p\u00e5 demonstrasjon l\u00f8rdag 5. september.<\/p>\n","protected":false},"author":8,"featured_media":9509,"comment_status":"closed","ping_status":"","sticky":false,"template":"","format":"standard","meta":{"advanced_seo_description":"","jetpack_seo_html_title":"","jetpack_seo_noindex":false,"jetpack_seo_schema_type":"","_jetpack_newsletter_access":"","_jetpack_dont_email_post_to_subs":false,"_jetpack_newsletter_tier_id":0,"_jetpack_memberships_contains_paywalled_content":false,"_jetpack_feature_clip_id":0,"_jetpack_memberships_contains_paid_content":false,"footnotes":"","jetpack_post_was_ever_published":false},"categories":[1],"tags":[4,31,21,114,12],"class_list":["post-11659","post","type-post","status-publish","format-standard","has-post-thumbnail","hentry","category-uncategorized","tag-demonstrasjon","tag-obiora","tag-palestina","tag-politivold","tag-trondheim"],"jetpack_shortlink":"https:\/\/wp.me\/pchuPf-323","jetpack-related-posts":[{"id":9396,"url":"https:\/\/kampkomiteen.net\/?p=9396","url_meta":{"origin":11659,"position":0},"title":"Trondheim: Bli med p\u00e5 demonstrasjon mot politivold, represjon og rasisme!","author":"Kampkomiteen","date":"27. august 2025","format":false,"excerpt":"Kampkomiteen i Trondheim oppfordrer til \u00e5 bli med \u00e5 demonstrere mot politivold, represjon og rasisme.\u00a0","rel":"","context":"i \"Antirasisme\"","block_context":{"text":"Antirasisme","link":"https:\/\/kampkomiteen.net\/?tag=antirasisme"},"img":{"alt_text":"","src":"https:\/\/i0.wp.com\/kampkomiteen.net\/wp-content\/uploads\/2024\/09\/Obiora-1-scaled.jpg?fit=1200%2C800&ssl=1&resize=350%2C200","width":350,"height":200,"srcset":"https:\/\/i0.wp.com\/kampkomiteen.net\/wp-content\/uploads\/2024\/09\/Obiora-1-scaled.jpg?fit=1200%2C800&ssl=1&resize=350%2C200 1x, https:\/\/i0.wp.com\/kampkomiteen.net\/wp-content\/uploads\/2024\/09\/Obiora-1-scaled.jpg?fit=1200%2C800&ssl=1&resize=525%2C300 1.5x, https:\/\/i0.wp.com\/kampkomiteen.net\/wp-content\/uploads\/2024\/09\/Obiora-1-scaled.jpg?fit=1200%2C800&ssl=1&resize=700%2C400 2x, https:\/\/i0.wp.com\/kampkomiteen.net\/wp-content\/uploads\/2024\/09\/Obiora-1-scaled.jpg?fit=1200%2C800&ssl=1&resize=1050%2C600 3x"},"classes":[]},{"id":11643,"url":"https:\/\/kampkomiteen.net\/?p=11643","url_meta":{"origin":11659,"position":1},"title":"Trondheim: Flere plakater for Obiora-markering","author":"Kampkomiteen","date":"3. september 2026","format":false,"excerpt":"Den siste uka har aktivister satt opp flere plakater og veggaviser for \u00e5 mobilisere til Obiora-markering.","rel":"","context":"i \"Demonstrasjon\"","block_context":{"text":"Demonstrasjon","link":"https:\/\/kampkomiteen.net\/?tag=demonstrasjon"},"img":{"alt_text":"","src":"https:\/\/i0.wp.com\/kampkomiteen.net\/wp-content\/uploads\/2026\/09\/Forsidebilde2.jpg?fit=1200%2C780&ssl=1&resize=350%2C200","width":350,"height":200,"srcset":"https:\/\/i0.wp.com\/kampkomiteen.net\/wp-content\/uploads\/2026\/09\/Forsidebilde2.jpg?fit=1200%2C780&ssl=1&resize=350%2C200 1x, https:\/\/i0.wp.com\/kampkomiteen.net\/wp-content\/uploads\/2026\/09\/Forsidebilde2.jpg?fit=1200%2C780&ssl=1&resize=525%2C300 1.5x, https:\/\/i0.wp.com\/kampkomiteen.net\/wp-content\/uploads\/2026\/09\/Forsidebilde2.jpg?fit=1200%2C780&ssl=1&resize=700%2C400 2x, https:\/\/i0.wp.com\/kampkomiteen.net\/wp-content\/uploads\/2026\/09\/Forsidebilde2.jpg?fit=1200%2C780&ssl=1&resize=1050%2C600 3x"},"classes":[]},{"id":11623,"url":"https:\/\/kampkomiteen.net\/?p=11623","url_meta":{"origin":11659,"position":2},"title":"Trondheim: Mobilisering til Obiora-markering","author":"Kampkomiteen","date":"27. august 2026","format":false,"excerpt":"De siste to ukene har aktivister fra Kampkomiteen delt ut l\u00f8pesedler og satt opp plakater for \u00e5 mobilisere til Obiora-markering.","rel":"","context":"i \"Antirasisme\"","block_context":{"text":"Antirasisme","link":"https:\/\/kampkomiteen.net\/?tag=antirasisme"},"img":{"alt_text":"","src":"https:\/\/i0.wp.com\/kampkomiteen.net\/wp-content\/uploads\/2026\/08\/IMG_20260818_115856_627.jpg?fit=1000%2C750&ssl=1&resize=350%2C200","width":350,"height":200,"srcset":"https:\/\/i0.wp.com\/kampkomiteen.net\/wp-content\/uploads\/2026\/08\/IMG_20260818_115856_627.jpg?fit=1000%2C750&ssl=1&resize=350%2C200 1x, https:\/\/i0.wp.com\/kampkomiteen.net\/wp-content\/uploads\/2026\/08\/IMG_20260818_115856_627.jpg?fit=1000%2C750&ssl=1&resize=525%2C300 1.5x, https:\/\/i0.wp.com\/kampkomiteen.net\/wp-content\/uploads\/2026\/08\/IMG_20260818_115856_627.jpg?fit=1000%2C750&ssl=1&resize=700%2C400 2x"},"classes":[]},{"id":9501,"url":"https:\/\/kampkomiteen.net\/?p=9501","url_meta":{"origin":11659,"position":3},"title":"Trondheim: Rettferdighet for Eugene Obiora!","author":"Kampkomiteen","date":"10. september 2025","format":false,"excerpt":"L\u00f8rdag 6. september arrangerte Kampkomiteen, med flere, demonstrasjon mot politivold, represjon og rasisme.","rel":"","context":"i \"Demonstrasjon\"","block_context":{"text":"Demonstrasjon","link":"https:\/\/kampkomiteen.net\/?tag=demonstrasjon"},"img":{"alt_text":"","src":"https:\/\/i0.wp.com\/kampkomiteen.net\/wp-content\/uploads\/2025\/09\/1-2.jpg?fit=831%2C600&ssl=1&resize=350%2C200","width":350,"height":200,"srcset":"https:\/\/i0.wp.com\/kampkomiteen.net\/wp-content\/uploads\/2025\/09\/1-2.jpg?fit=831%2C600&ssl=1&resize=350%2C200 1x, https:\/\/i0.wp.com\/kampkomiteen.net\/wp-content\/uploads\/2025\/09\/1-2.jpg?fit=831%2C600&ssl=1&resize=525%2C300 1.5x, https:\/\/i0.wp.com\/kampkomiteen.net\/wp-content\/uploads\/2025\/09\/1-2.jpg?fit=831%2C600&ssl=1&resize=700%2C400 2x"},"classes":[]},{"id":7663,"url":"https:\/\/kampkomiteen.net\/?p=7663","url_meta":{"origin":11659,"position":4},"title":"Trondheim: Demonstrasjon mot politivold og represjon","author":"Kampkomiteen","date":"8. september 2024","format":false,"excerpt":"Fredag 6. september arrangerte Kampkomiteen i Trondheim en demonstrasjon mot politivold, represjon og rasisme. Demonstrasjonen ble avholdt i anledning \u00e5rsdagen for da politiet i Trondheim drepte Eugene Obiora i 2006.","rel":"","context":"i \"Demonstrasjon\"","block_context":{"text":"Demonstrasjon","link":"https:\/\/kampkomiteen.net\/?tag=demonstrasjon"},"img":{"alt_text":"","src":"https:\/\/i0.wp.com\/kampkomiteen.net\/wp-content\/uploads\/2024\/09\/Obiora.jpg?fit=1200%2C800&ssl=1&resize=350%2C200","width":350,"height":200,"srcset":"https:\/\/i0.wp.com\/kampkomiteen.net\/wp-content\/uploads\/2024\/09\/Obiora.jpg?fit=1200%2C800&ssl=1&resize=350%2C200 1x, https:\/\/i0.wp.com\/kampkomiteen.net\/wp-content\/uploads\/2024\/09\/Obiora.jpg?fit=1200%2C800&ssl=1&resize=525%2C300 1.5x, https:\/\/i0.wp.com\/kampkomiteen.net\/wp-content\/uploads\/2024\/09\/Obiora.jpg?fit=1200%2C800&ssl=1&resize=700%2C400 2x, https:\/\/i0.wp.com\/kampkomiteen.net\/wp-content\/uploads\/2024\/09\/Obiora.jpg?fit=1200%2C800&ssl=1&resize=1050%2C600 3x"},"classes":[]},{"id":7640,"url":"https:\/\/kampkomiteen.net\/?p=7640","url_meta":{"origin":11659,"position":5},"title":"Tr\u00f8ndelag: Bli med p\u00e5 demonstrasjon mot politivold!","author":"Kampkomiteen","date":"3. september 2024","format":false,"excerpt":"Aktivister fra Kampkomiteen har satt opp plakater i Tr\u00f8ndelag for \u00e5 mobilisere til demonstrasjon mot politivold og represjon.","rel":"","context":"i \"Demonstrasjon\"","block_context":{"text":"Demonstrasjon","link":"https:\/\/kampkomiteen.net\/?tag=demonstrasjon"},"img":{"alt_text":"","src":"https:\/\/i0.wp.com\/kampkomiteen.net\/wp-content\/uploads\/2024\/09\/Plakat-scaled.jpg?fit=1200%2C800&ssl=1&resize=350%2C200","width":350,"height":200,"srcset":"https:\/\/i0.wp.com\/kampkomiteen.net\/wp-content\/uploads\/2024\/09\/Plakat-scaled.jpg?fit=1200%2C800&ssl=1&resize=350%2C200 1x, https:\/\/i0.wp.com\/kampkomiteen.net\/wp-content\/uploads\/2024\/09\/Plakat-scaled.jpg?fit=1200%2C800&ssl=1&resize=525%2C300 1.5x, https:\/\/i0.wp.com\/kampkomiteen.net\/wp-content\/uploads\/2024\/09\/Plakat-scaled.jpg?fit=1200%2C800&ssl=1&resize=700%2C400 2x, https:\/\/i0.wp.com\/kampkomiteen.net\/wp-content\/uploads\/2024\/09\/Plakat-scaled.jpg?fit=1200%2C800&ssl=1&resize=1050%2C600 3x"},"classes":[]}],"jetpack_sharing_enabled":true,"jetpack_featured_media_url":"https:\/\/i0.wp.com\/kampkomiteen.net\/wp-content\/uploads\/2025\/09\/1-2.jpg?fit=831%2C600&ssl=1","_links":{"self":[{"href":"https:\/\/kampkomiteen.net\/index.php?rest_route=\/wp\/v2\/posts\/11659","targetHints":{"allow":["GET"]}}],"collection":[{"href":"https:\/\/kampkomiteen.net\/index.php?rest_route=\/wp\/v2\/posts"}],"about":[{"href":"https:\/\/kampkomiteen.net\/index.php?rest_route=\/wp\/v2\/types\/post"}],"author":[{"embeddable":true,"href":"https:\/\/kampkomiteen.net\/index.php?rest_route=\/wp\/v2\/users\/8"}],"replies":[{"embeddable":true,"href":"https:\/\/kampkomiteen.net\/index.php?rest_route=%2Fwp%2Fv2%2Fcomments&post=11659"}],"version-history":[{"count":6,"href":"https:\/\/kampkomiteen.net\/index.php?rest_route=\/wp\/v2\/posts\/11659\/revisions"}],"predecessor-version":[{"id":11665,"href":"https:\/\/kampkomiteen.net\/index.php?rest_route=\/wp\/v2\/posts\/11659\/revisions\/11665"}],"wp:featuredmedia":[{"embeddable":true,"href":"https:\/\/kampkomiteen.net\/index.php?rest_route=\/wp\/v2\/media\/9509"}],"wp:attachment":[{"href":"https:\/\/kampkomiteen.net\/index.php?rest_route=%2Fwp%2Fv2%2Fmedia&parent=11659"}],"wp:term":[{"taxonomy":"category","embeddable":true,"href":"https:\/\/kampkomiteen.net\/index.php?rest_route=%2Fwp%2Fv2%2Fcategories&post=11659"},{"taxonomy":"post_tag","embeddable":true,"href":"https:\/\/kampkomiteen.net\/index.php?rest_route=%2Fwp%2Fv2%2Ftags&post=11659"}],"curies":[{"name":"wp","href":"https:\/\/api.w.org\/{rel}","templated":true}]}}