{"id":11643,"date":"2026-09-03T13:42:43","date_gmt":"2026-09-03T11:42:43","guid":{"rendered":"https:\/\/kampkomiteen.net\/?p=11643"},"modified":"2026-09-03T13:47:27","modified_gmt":"2026-09-03T11:47:27","slug":"trondheim-flere-plakater-for-obiora-markering","status":"publish","type":"post","link":"https:\/\/kampkomiteen.net\/?p=11643","title":{"rendered":"Trondheim: Flere plakater for Obiora-markering"},"content":{"rendered":"<div id=\"fb-root\"><\/div>\n\n<p class=\"wp-block-paragraph\"><em>Skrevet av aktivister i Trondheim.<\/em><\/p>\n\n\n\n<p class=\"wp-block-paragraph\"><strong>Den siste uka har aktivister satt opp flere plakater og veggaviser for \u00e5 mobilisere til Obiora-markering.<\/strong><\/p>\n\n\n\n<p class=\"wp-block-paragraph\">I \u00e5r er det 20 \u00e5r siden Eugene Obiora ble drept av politiet i Trondheim, og aktivister fra Kampkomiteen i Trondheim mobiliserer til demonstrasjon mot politivold, represjon og rasisme i forbindelse med dette. Den siste uka har aktivistene satt opp plakater og veggaviser flere steder i Midtbyen, Solsiden og \u00d8stbyen i Trondheim. I tillegg har det blitt satt opp plakater i Stj\u00f8rdal for Obiora-markeringa og til st\u00f8tte for de <a href=\"https:\/\/kampkomiteen.net\/?p=9834\" data-type=\"link\" data-id=\"https:\/\/kampkomiteen.net\/?p=9834\">22 arresterte etter demonstrasjonen 11. oktober i Oslo<\/a>.<\/p>\n\n\n\n<p class=\"wp-block-paragraph\"><strong>Bli med p\u00e5 demonstrasjon mot politivold, represjon og rasisme! <\/strong><br>L\u00f8rdag 5. september kl. 13:00, i krysset mellom Nordre gate og Thomas Angells gate.<\/p>\n\n\n\n<p class=\"wp-block-paragraph\">Bilder fra Trondheim:<\/p>\n\n\n\n<figure class=\"wp-block-image size-full\"><img data-recalc-dims=\"1\" loading=\"lazy\" decoding=\"async\" width=\"810\" height=\"608\" src=\"https:\/\/i0.wp.com\/kampkomiteen.net\/wp-content\/uploads\/2026\/09\/ObioraMidtbyen1.jpg?resize=810%2C608&#038;ssl=1\" alt=\"\" class=\"wp-image-11644\" srcset=\"https:\/\/i0.wp.com\/kampkomiteen.net\/wp-content\/uploads\/2026\/09\/ObioraMidtbyen1.jpg?w=1000&amp;ssl=1 1000w, https:\/\/i0.wp.com\/kampkomiteen.net\/wp-content\/uploads\/2026\/09\/ObioraMidtbyen1.jpg?resize=768%2C576&amp;ssl=1 768w\" sizes=\"auto, (max-width: 810px) 100vw, 810px\" \/><\/figure>\n\n\n\n<figure class=\"wp-block-image size-full\"><img data-recalc-dims=\"1\" loading=\"lazy\" decoding=\"async\" width=\"810\" height=\"608\" src=\"https:\/\/i0.wp.com\/kampkomiteen.net\/wp-content\/uploads\/2026\/09\/ObioraMidtbyen2.jpg?resize=810%2C608&#038;ssl=1\" alt=\"\" class=\"wp-image-11645\" srcset=\"https:\/\/i0.wp.com\/kampkomiteen.net\/wp-content\/uploads\/2026\/09\/ObioraMidtbyen2.jpg?w=1000&amp;ssl=1 1000w, https:\/\/i0.wp.com\/kampkomiteen.net\/wp-content\/uploads\/2026\/09\/ObioraMidtbyen2.jpg?resize=768%2C576&amp;ssl=1 768w\" sizes=\"auto, (max-width: 810px) 100vw, 810px\" \/><\/figure>\n\n\n\n<figure class=\"wp-block-image size-full\"><img data-recalc-dims=\"1\" loading=\"lazy\" decoding=\"async\" width=\"810\" height=\"608\" src=\"https:\/\/i0.wp.com\/kampkomiteen.net\/wp-content\/uploads\/2026\/09\/ObioraMidtbyen3.jpg?resize=810%2C608&#038;ssl=1\" alt=\"\" class=\"wp-image-11646\" srcset=\"https:\/\/i0.wp.com\/kampkomiteen.net\/wp-content\/uploads\/2026\/09\/ObioraMidtbyen3.jpg?w=1000&amp;ssl=1 1000w, https:\/\/i0.wp.com\/kampkomiteen.net\/wp-content\/uploads\/2026\/09\/ObioraMidtbyen3.jpg?resize=768%2C576&amp;ssl=1 768w\" sizes=\"auto, (max-width: 810px) 100vw, 810px\" \/><\/figure>\n\n\n\n<figure class=\"wp-block-image size-full\"><img data-recalc-dims=\"1\" loading=\"lazy\" decoding=\"async\" width=\"810\" height=\"608\" src=\"https:\/\/i0.wp.com\/kampkomiteen.net\/wp-content\/uploads\/2026\/09\/ObioraBuran1.jpg?resize=810%2C608&#038;ssl=1\" alt=\"\" class=\"wp-image-11647\" srcset=\"https:\/\/i0.wp.com\/kampkomiteen.net\/wp-content\/uploads\/2026\/09\/ObioraBuran1.jpg?w=1000&amp;ssl=1 1000w, https:\/\/i0.wp.com\/kampkomiteen.net\/wp-content\/uploads\/2026\/09\/ObioraBuran1.jpg?resize=768%2C576&amp;ssl=1 768w\" sizes=\"auto, (max-width: 810px) 100vw, 810px\" \/><\/figure>\n\n\n\n<figure class=\"wp-block-image size-full\"><img data-recalc-dims=\"1\" loading=\"lazy\" decoding=\"async\" width=\"810\" height=\"608\" src=\"https:\/\/i0.wp.com\/kampkomiteen.net\/wp-content\/uploads\/2026\/09\/ObioraBuran2.jpg?resize=810%2C608&#038;ssl=1\" alt=\"\" class=\"wp-image-11648\" srcset=\"https:\/\/i0.wp.com\/kampkomiteen.net\/wp-content\/uploads\/2026\/09\/ObioraBuran2.jpg?w=1000&amp;ssl=1 1000w, https:\/\/i0.wp.com\/kampkomiteen.net\/wp-content\/uploads\/2026\/09\/ObioraBuran2.jpg?resize=768%2C576&amp;ssl=1 768w\" sizes=\"auto, (max-width: 810px) 100vw, 810px\" \/><\/figure>\n\n\n\n<figure class=\"wp-block-image size-full\"><img data-recalc-dims=\"1\" loading=\"lazy\" decoding=\"async\" width=\"810\" height=\"608\" src=\"https:\/\/i0.wp.com\/kampkomiteen.net\/wp-content\/uploads\/2026\/09\/ObioraLade.jpg?resize=810%2C608&#038;ssl=1\" alt=\"\" class=\"wp-image-11649\" srcset=\"https:\/\/i0.wp.com\/kampkomiteen.net\/wp-content\/uploads\/2026\/09\/ObioraLade.jpg?w=1000&amp;ssl=1 1000w, https:\/\/i0.wp.com\/kampkomiteen.net\/wp-content\/uploads\/2026\/09\/ObioraLade.jpg?resize=768%2C576&amp;ssl=1 768w\" sizes=\"auto, (max-width: 810px) 100vw, 810px\" \/><\/figure>\n\n\n\n<figure class=\"wp-block-image size-full\"><img data-recalc-dims=\"1\" loading=\"lazy\" decoding=\"async\" width=\"810\" height=\"608\" src=\"https:\/\/i0.wp.com\/kampkomiteen.net\/wp-content\/uploads\/2026\/09\/ObioraSirkus.jpg?resize=810%2C608&#038;ssl=1\" alt=\"\" class=\"wp-image-11650\" srcset=\"https:\/\/i0.wp.com\/kampkomiteen.net\/wp-content\/uploads\/2026\/09\/ObioraSirkus.jpg?w=1000&amp;ssl=1 1000w, https:\/\/i0.wp.com\/kampkomiteen.net\/wp-content\/uploads\/2026\/09\/ObioraSirkus.jpg?resize=768%2C576&amp;ssl=1 768w\" sizes=\"auto, (max-width: 810px) 100vw, 810px\" \/><\/figure>\n\n\n\n<p class=\"wp-block-paragraph\">Bilder fra Stj\u00f8rdal:<\/p>\n\n\n\n<figure class=\"wp-block-image size-full\"><img data-recalc-dims=\"1\" loading=\"lazy\" decoding=\"async\" width=\"810\" height=\"540\" src=\"https:\/\/i0.wp.com\/kampkomiteen.net\/wp-content\/uploads\/2026\/09\/Obiora6.jpg?resize=810%2C540&#038;ssl=1\" alt=\"\" class=\"wp-image-11651\" srcset=\"https:\/\/i0.wp.com\/kampkomiteen.net\/wp-content\/uploads\/2026\/09\/Obiora6.jpg?w=1125&amp;ssl=1 1125w, https:\/\/i0.wp.com\/kampkomiteen.net\/wp-content\/uploads\/2026\/09\/Obiora6.jpg?resize=1000%2C667&amp;ssl=1 1000w, https:\/\/i0.wp.com\/kampkomiteen.net\/wp-content\/uploads\/2026\/09\/Obiora6.jpg?resize=768%2C512&amp;ssl=1 768w, https:\/\/i0.wp.com\/kampkomiteen.net\/wp-content\/uploads\/2026\/09\/Obiora6.jpg?resize=120%2C80&amp;ssl=1 120w\" sizes=\"auto, (max-width: 810px) 100vw, 810px\" \/><\/figure>\n\n\n\n<figure class=\"wp-block-image size-full\"><img data-recalc-dims=\"1\" loading=\"lazy\" decoding=\"async\" width=\"810\" height=\"540\" src=\"https:\/\/i0.wp.com\/kampkomiteen.net\/wp-content\/uploads\/2026\/09\/ObioraStjordal5.jpg?resize=810%2C540&#038;ssl=1\" alt=\"\" class=\"wp-image-11652\" srcset=\"https:\/\/i0.wp.com\/kampkomiteen.net\/wp-content\/uploads\/2026\/09\/ObioraStjordal5.jpg?w=1125&amp;ssl=1 1125w, https:\/\/i0.wp.com\/kampkomiteen.net\/wp-content\/uploads\/2026\/09\/ObioraStjordal5.jpg?resize=1000%2C667&amp;ssl=1 1000w, https:\/\/i0.wp.com\/kampkomiteen.net\/wp-content\/uploads\/2026\/09\/ObioraStjordal5.jpg?resize=768%2C512&amp;ssl=1 768w, https:\/\/i0.wp.com\/kampkomiteen.net\/wp-content\/uploads\/2026\/09\/ObioraStjordal5.jpg?resize=120%2C80&amp;ssl=1 120w\" sizes=\"auto, (max-width: 810px) 100vw, 810px\" \/><\/figure>\n\n\n\n<figure class=\"wp-block-gallery has-nested-images columns-default is-cropped wp-block-gallery-1 is-layout-flex wp-block-gallery-is-layout-flex\">\n<figure class=\"wp-block-image size-large\"><img data-recalc-dims=\"1\" loading=\"lazy\" decoding=\"async\" width=\"810\" height=\"540\" data-id=\"11655\" src=\"https:\/\/i0.wp.com\/kampkomiteen.net\/wp-content\/uploads\/2026\/09\/ObioraStjordal3.jpg?resize=810%2C540&#038;ssl=1\" alt=\"\" class=\"wp-image-11655\" srcset=\"https:\/\/i0.wp.com\/kampkomiteen.net\/wp-content\/uploads\/2026\/09\/ObioraStjordal3.jpg?w=1125&amp;ssl=1 1125w, https:\/\/i0.wp.com\/kampkomiteen.net\/wp-content\/uploads\/2026\/09\/ObioraStjordal3.jpg?resize=1000%2C667&amp;ssl=1 1000w, https:\/\/i0.wp.com\/kampkomiteen.net\/wp-content\/uploads\/2026\/09\/ObioraStjordal3.jpg?resize=768%2C512&amp;ssl=1 768w, https:\/\/i0.wp.com\/kampkomiteen.net\/wp-content\/uploads\/2026\/09\/ObioraStjordal3.jpg?resize=120%2C80&amp;ssl=1 120w\" sizes=\"auto, (max-width: 810px) 100vw, 810px\" \/><\/figure>\n\n\n\n<figure class=\"wp-block-image size-large\"><img data-recalc-dims=\"1\" loading=\"lazy\" decoding=\"async\" width=\"810\" height=\"540\" data-id=\"11653\" src=\"https:\/\/i0.wp.com\/kampkomiteen.net\/wp-content\/uploads\/2026\/09\/ObioraStjordal1.jpg?resize=810%2C540&#038;ssl=1\" alt=\"\" class=\"wp-image-11653\" srcset=\"https:\/\/i0.wp.com\/kampkomiteen.net\/wp-content\/uploads\/2026\/09\/ObioraStjordal1.jpg?w=1125&amp;ssl=1 1125w, https:\/\/i0.wp.com\/kampkomiteen.net\/wp-content\/uploads\/2026\/09\/ObioraStjordal1.jpg?resize=1000%2C667&amp;ssl=1 1000w, https:\/\/i0.wp.com\/kampkomiteen.net\/wp-content\/uploads\/2026\/09\/ObioraStjordal1.jpg?resize=768%2C512&amp;ssl=1 768w, https:\/\/i0.wp.com\/kampkomiteen.net\/wp-content\/uploads\/2026\/09\/ObioraStjordal1.jpg?resize=120%2C80&amp;ssl=1 120w\" sizes=\"auto, (max-width: 810px) 100vw, 810px\" \/><\/figure>\n<\/figure>\n\n\n\n<figure class=\"wp-block-image size-full\"><img data-recalc-dims=\"1\" loading=\"lazy\" decoding=\"async\" width=\"810\" height=\"540\" src=\"https:\/\/i0.wp.com\/kampkomiteen.net\/wp-content\/uploads\/2026\/09\/ObioraStjordal2.jpg?resize=810%2C540&#038;ssl=1\" alt=\"\" class=\"wp-image-11654\" srcset=\"https:\/\/i0.wp.com\/kampkomiteen.net\/wp-content\/uploads\/2026\/09\/ObioraStjordal2.jpg?w=1125&amp;ssl=1 1125w, https:\/\/i0.wp.com\/kampkomiteen.net\/wp-content\/uploads\/2026\/09\/ObioraStjordal2.jpg?resize=1000%2C667&amp;ssl=1 1000w, https:\/\/i0.wp.com\/kampkomiteen.net\/wp-content\/uploads\/2026\/09\/ObioraStjordal2.jpg?resize=768%2C512&amp;ssl=1 768w, https:\/\/i0.wp.com\/kampkomiteen.net\/wp-content\/uploads\/2026\/09\/ObioraStjordal2.jpg?resize=120%2C80&amp;ssl=1 120w\" sizes=\"auto, (max-width: 810px) 100vw, 810px\" \/><\/figure>\n","protected":false},"excerpt":{"rendered":"<p>Den siste uka har aktivister satt opp flere plakater og veggaviser for \u00e5 mobilisere til Obiora-markering.<\/p>\n","protected":false},"author":8,"featured_media":11658,"comment_status":"closed","ping_status":"","sticky":false,"template":"","format":"standard","meta":{"advanced_seo_description":"","jetpack_seo_html_title":"","jetpack_seo_noindex":false,"jetpack_seo_schema_type":"","_jetpack_newsletter_access":"","_jetpack_dont_email_post_to_subs":false,"_jetpack_newsletter_tier_id":0,"_jetpack_memberships_contains_paywalled_content":false,"_jetpack_feature_clip_id":0,"_jetpack_memberships_contains_paid_content":false,"footnotes":"","jetpack_post_was_ever_published":false},"categories":[1],"tags":[4,31,21,89,15,114,82,12],"class_list":["post-11643","post","type-post","status-publish","format-standard","has-post-thumbnail","hentry","category-uncategorized","tag-demonstrasjon","tag-obiora","tag-palestina","tag-plakater","tag-politiet","tag-politivold","tag-represjon","tag-trondheim"],"jetpack_shortlink":"https:\/\/wp.me\/pchuPf-31N","jetpack-related-posts":[{"id":11623,"url":"https:\/\/kampkomiteen.net\/?p=11623","url_meta":{"origin":11643,"position":0},"title":"Trondheim: Mobilisering til Obiora-markering","author":"Kampkomiteen","date":"27. august 2026","format":false,"excerpt":"De siste to ukene har aktivister fra Kampkomiteen delt ut l\u00f8pesedler og satt opp plakater for \u00e5 mobilisere til Obiora-markering.","rel":"","context":"i \"Antirasisme\"","block_context":{"text":"Antirasisme","link":"https:\/\/kampkomiteen.net\/?tag=antirasisme"},"img":{"alt_text":"","src":"https:\/\/i0.wp.com\/kampkomiteen.net\/wp-content\/uploads\/2026\/08\/IMG_20260818_115856_627.jpg?fit=1000%2C750&ssl=1&resize=350%2C200","width":350,"height":200,"srcset":"https:\/\/i0.wp.com\/kampkomiteen.net\/wp-content\/uploads\/2026\/08\/IMG_20260818_115856_627.jpg?fit=1000%2C750&ssl=1&resize=350%2C200 1x, https:\/\/i0.wp.com\/kampkomiteen.net\/wp-content\/uploads\/2026\/08\/IMG_20260818_115856_627.jpg?fit=1000%2C750&ssl=1&resize=525%2C300 1.5x, https:\/\/i0.wp.com\/kampkomiteen.net\/wp-content\/uploads\/2026\/08\/IMG_20260818_115856_627.jpg?fit=1000%2C750&ssl=1&resize=700%2C400 2x"},"classes":[]},{"id":7640,"url":"https:\/\/kampkomiteen.net\/?p=7640","url_meta":{"origin":11643,"position":1},"title":"Tr\u00f8ndelag: Bli med p\u00e5 demonstrasjon mot politivold!","author":"Kampkomiteen","date":"3. september 2024","format":false,"excerpt":"Aktivister fra Kampkomiteen har satt opp plakater i Tr\u00f8ndelag for \u00e5 mobilisere til demonstrasjon mot politivold og represjon.","rel":"","context":"i \"Demonstrasjon\"","block_context":{"text":"Demonstrasjon","link":"https:\/\/kampkomiteen.net\/?tag=demonstrasjon"},"img":{"alt_text":"","src":"https:\/\/i0.wp.com\/kampkomiteen.net\/wp-content\/uploads\/2024\/09\/Plakat-scaled.jpg?fit=1200%2C800&ssl=1&resize=350%2C200","width":350,"height":200,"srcset":"https:\/\/i0.wp.com\/kampkomiteen.net\/wp-content\/uploads\/2024\/09\/Plakat-scaled.jpg?fit=1200%2C800&ssl=1&resize=350%2C200 1x, https:\/\/i0.wp.com\/kampkomiteen.net\/wp-content\/uploads\/2024\/09\/Plakat-scaled.jpg?fit=1200%2C800&ssl=1&resize=525%2C300 1.5x, https:\/\/i0.wp.com\/kampkomiteen.net\/wp-content\/uploads\/2024\/09\/Plakat-scaled.jpg?fit=1200%2C800&ssl=1&resize=700%2C400 2x, https:\/\/i0.wp.com\/kampkomiteen.net\/wp-content\/uploads\/2024\/09\/Plakat-scaled.jpg?fit=1200%2C800&ssl=1&resize=1050%2C600 3x"},"classes":[]},{"id":6298,"url":"https:\/\/kampkomiteen.net\/?p=6298","url_meta":{"origin":11643,"position":2},"title":"Bli med p\u00e5 demonstrasjon mot politivold og rasisme!","author":"Kampkomiteen","date":"26. august 2023","format":false,"excerpt":"Den 7. september i 2006 ble Eugene Ejike Obiora drept i Trondheim, av \ufb01re politifolk som presset livet ut av ham. Ingen av de \ufb01re \ufb01kk noen stra\ufb00. Hovedmannen er forfremmet og han er n\u00e5 ofte innsatsleder i politiet.","rel":"","context":"i \"Antirasisme\"","block_context":{"text":"Antirasisme","link":"https:\/\/kampkomiteen.net\/?tag=antirasisme"},"img":{"alt_text":"","src":"https:\/\/i0.wp.com\/kampkomiteen.net\/wp-content\/uploads\/2023\/08\/foto.png?fit=1160%2C653&ssl=1&resize=350%2C200","width":350,"height":200,"srcset":"https:\/\/i0.wp.com\/kampkomiteen.net\/wp-content\/uploads\/2023\/08\/foto.png?fit=1160%2C653&ssl=1&resize=350%2C200 1x, https:\/\/i0.wp.com\/kampkomiteen.net\/wp-content\/uploads\/2023\/08\/foto.png?fit=1160%2C653&ssl=1&resize=525%2C300 1.5x, https:\/\/i0.wp.com\/kampkomiteen.net\/wp-content\/uploads\/2023\/08\/foto.png?fit=1160%2C653&ssl=1&resize=700%2C400 2x, https:\/\/i0.wp.com\/kampkomiteen.net\/wp-content\/uploads\/2023\/08\/foto.png?fit=1160%2C653&ssl=1&resize=1050%2C600 3x"},"classes":[]},{"id":7219,"url":"https:\/\/kampkomiteen.net\/?p=7219","url_meta":{"origin":11643,"position":3},"title":"Trondheim og Stj\u00f8rdal: Plakater for 1. mai","author":"Kampkomiteen","date":"28. april 2024","format":false,"excerpt":"Den siste uka har det blitt satt opp plakater fleire steder i Trondheim og i Stj\u00f8rdal sentrum for \u00e5 mobilisere til antiimperialistisk 1. mai.","rel":"","context":"i \"1. mai\"","block_context":{"text":"1. mai","link":"https:\/\/kampkomiteen.net\/?tag=1-mai"},"img":{"alt_text":"","src":"https:\/\/i0.wp.com\/kampkomiteen.net\/wp-content\/uploads\/2024\/04\/Trheim-scaled.jpg?fit=1200%2C900&ssl=1&resize=350%2C200","width":350,"height":200,"srcset":"https:\/\/i0.wp.com\/kampkomiteen.net\/wp-content\/uploads\/2024\/04\/Trheim-scaled.jpg?fit=1200%2C900&ssl=1&resize=350%2C200 1x, https:\/\/i0.wp.com\/kampkomiteen.net\/wp-content\/uploads\/2024\/04\/Trheim-scaled.jpg?fit=1200%2C900&ssl=1&resize=525%2C300 1.5x, https:\/\/i0.wp.com\/kampkomiteen.net\/wp-content\/uploads\/2024\/04\/Trheim-scaled.jpg?fit=1200%2C900&ssl=1&resize=700%2C400 2x, https:\/\/i0.wp.com\/kampkomiteen.net\/wp-content\/uploads\/2024\/04\/Trheim-scaled.jpg?fit=1200%2C900&ssl=1&resize=1050%2C600 3x"},"classes":[]},{"id":9457,"url":"https:\/\/kampkomiteen.net\/?p=9457","url_meta":{"origin":11643,"position":4},"title":"Tr\u00f8ndelag: Mobilisering til Obiora-markering","author":"Kampkomiteen","date":"3. september 2025","format":false,"excerpt":"Det er satt opp mobiliseringsplakater for demonstrasjon mjot politivold, represjon og rasisme..","rel":"","context":"i \"Antirasisme\"","block_context":{"text":"Antirasisme","link":"https:\/\/kampkomiteen.net\/?tag=antirasisme"},"img":{"alt_text":"","src":"https:\/\/i0.wp.com\/kampkomiteen.net\/wp-content\/uploads\/2025\/09\/Obioraplakat2.jpg?fit=816%2C544&ssl=1&resize=350%2C200","width":350,"height":200,"srcset":"https:\/\/i0.wp.com\/kampkomiteen.net\/wp-content\/uploads\/2025\/09\/Obioraplakat2.jpg?fit=816%2C544&ssl=1&resize=350%2C200 1x, https:\/\/i0.wp.com\/kampkomiteen.net\/wp-content\/uploads\/2025\/09\/Obioraplakat2.jpg?fit=816%2C544&ssl=1&resize=525%2C300 1.5x, https:\/\/i0.wp.com\/kampkomiteen.net\/wp-content\/uploads\/2025\/09\/Obioraplakat2.jpg?fit=816%2C544&ssl=1&resize=700%2C400 2x"},"classes":[]},{"id":10231,"url":"https:\/\/kampkomiteen.net\/?p=10231","url_meta":{"origin":11643,"position":5},"title":"Trondheim: Plakater for \u00e5pent m\u00f8te","author":"Kampkomiteen","date":"9. januar 2026","format":false,"excerpt":"Den siste uka har aktivister satt opp plakater flere steder i byen for \u00e5 mobilisere til \u00e5pent m\u00f8te om Antiimperialistisk Forbund.","rel":"","context":"i \"Antiimperialisme\"","block_context":{"text":"Antiimperialisme","link":"https:\/\/kampkomiteen.net\/?tag=antiimperialisme"},"img":{"alt_text":"","src":"https:\/\/i0.wp.com\/kampkomiteen.net\/wp-content\/uploads\/2026\/01\/plakat2.jpg?fit=956%2C700&ssl=1&resize=350%2C200","width":350,"height":200,"srcset":"https:\/\/i0.wp.com\/kampkomiteen.net\/wp-content\/uploads\/2026\/01\/plakat2.jpg?fit=956%2C700&ssl=1&resize=350%2C200 1x, https:\/\/i0.wp.com\/kampkomiteen.net\/wp-content\/uploads\/2026\/01\/plakat2.jpg?fit=956%2C700&ssl=1&resize=525%2C300 1.5x, https:\/\/i0.wp.com\/kampkomiteen.net\/wp-content\/uploads\/2026\/01\/plakat2.jpg?fit=956%2C700&ssl=1&resize=700%2C400 2x"},"classes":[]}],"jetpack_sharing_enabled":true,"jetpack_featured_media_url":"https:\/\/i0.wp.com\/kampkomiteen.net\/wp-content\/uploads\/2026\/09\/Forsidebilde2.jpg?fit=1230%2C800&ssl=1","_links":{"self":[{"href":"https:\/\/kampkomiteen.net\/index.php?rest_route=\/wp\/v2\/posts\/11643","targetHints":{"allow":["GET"]}}],"collection":[{"href":"https:\/\/kampkomiteen.net\/index.php?rest_route=\/wp\/v2\/posts"}],"about":[{"href":"https:\/\/kampkomiteen.net\/index.php?rest_route=\/wp\/v2\/types\/post"}],"author":[{"embeddable":true,"href":"https:\/\/kampkomiteen.net\/index.php?rest_route=\/wp\/v2\/users\/8"}],"replies":[{"embeddable":true,"href":"https:\/\/kampkomiteen.net\/index.php?rest_route=%2Fwp%2Fv2%2Fcomments&post=11643"}],"version-history":[{"count":1,"href":"https:\/\/kampkomiteen.net\/index.php?rest_route=\/wp\/v2\/posts\/11643\/revisions"}],"predecessor-version":[{"id":11656,"href":"https:\/\/kampkomiteen.net\/index.php?rest_route=\/wp\/v2\/posts\/11643\/revisions\/11656"}],"wp:featuredmedia":[{"embeddable":true,"href":"https:\/\/kampkomiteen.net\/index.php?rest_route=\/wp\/v2\/media\/11658"}],"wp:attachment":[{"href":"https:\/\/kampkomiteen.net\/index.php?rest_route=%2Fwp%2Fv2%2Fmedia&parent=11643"}],"wp:term":[{"taxonomy":"category","embeddable":true,"href":"https:\/\/kampkomiteen.net\/index.php?rest_route=%2Fwp%2Fv2%2Fcategories&post=11643"},{"taxonomy":"post_tag","embeddable":true,"href":"https:\/\/kampkomiteen.net\/index.php?rest_route=%2Fwp%2Fv2%2Ftags&post=11643"}],"curies":[{"name":"wp","href":"https:\/\/api.w.org\/{rel}","templated":true}]}}