{"id":11179,"date":"2026-05-02T13:03:36","date_gmt":"2026-05-02T11:03:36","guid":{"rendered":"https:\/\/kampkomiteen.net\/?p=11179"},"modified":"2026-05-02T13:12:18","modified_gmt":"2026-05-02T11:12:18","slug":"bergen-antiimperialistisk-1-mai-2","status":"publish","type":"post","link":"https:\/\/kampkomiteen.net\/?p=11179","title":{"rendered":"Bergen: Antiimperialistisk 1. mai"},"content":{"rendered":"<div id=\"fb-root\"><\/div>\n\n<p><strong>I uvant flott solv\u00e6r deltok flere hundre i Den antiimperialistiske blokken med &laquo;St\u00f8tt folkets kamp i India og Palestina! USA &#8211; Henda vekk fra Iran!&raquo; som hovedparole for blokken og den antiimperialistiske 1. mai markeringen. <\/strong><\/p>\n\n\n\n<h3 class=\"wp-block-heading\"><strong>1. mai &#8211; Arbeiderenes internasjonale kampdag<\/strong><\/h3>\n\n\n\n<figure class=\"wp-block-image size-full\"><img data-recalc-dims=\"1\" loading=\"lazy\" decoding=\"async\" width=\"810\" height=\"584\" src=\"https:\/\/i0.wp.com\/kampkomiteen.net\/wp-content\/uploads\/2026\/05\/1-frokost.jpg?resize=810%2C584&#038;ssl=1\" alt=\"\" class=\"wp-image-11180\" srcset=\"https:\/\/i0.wp.com\/kampkomiteen.net\/wp-content\/uploads\/2026\/05\/1-frokost.jpg?w=1160&amp;ssl=1 1160w, https:\/\/i0.wp.com\/kampkomiteen.net\/wp-content\/uploads\/2026\/05\/1-frokost.jpg?resize=1000%2C722&amp;ssl=1 1000w, https:\/\/i0.wp.com\/kampkomiteen.net\/wp-content\/uploads\/2026\/05\/1-frokost.jpg?resize=768%2C554&amp;ssl=1 768w\" sizes=\"auto, (max-width: 810px) 100vw, 810px\" \/><\/figure>\n\n\n\n<p>Aktivister fra Touki, Kampkomiteen, Bergen4Palestine og Revolusjon\u00e6rt Kommunistisk Forbund samla seg tidlig p\u00e5 dagen for en felles antiimperialistisk 1. mai frokost. Lokalet var pynta med hovedbanneret til Den Antiimperialistiske Blokken: \u201cSt\u00f8tt folkets kamp i India og Palestina! USA &#8211; henda vekk fra Iran\u201d, og et portrett av den tidligere generalsekret\u00e6ren av Indias Kommunistiske Parti (Maoistene) som ble myrda av den gamle indiske staten &#8211; Kamerat Basavaraj. Det ble holdt appeller fra Touki, Bergen4Palestine og Kampkomiteen &#8211; der det ble sl\u00e5tt fast at p\u00e5 1. mai s\u00e5 handler vi alle som en felles enhet. Frokosten ble avsluttet med Internasjonalen og slagord som \u201cStyrk den internasjonale solidaritet!\u201d. Etterp\u00e5 gikk deltakerne i tog til Nonneseter.<\/p>\n\n\n\n<figure class=\"wp-block-image size-full\"><img data-recalc-dims=\"1\" loading=\"lazy\" decoding=\"async\" width=\"810\" height=\"537\" src=\"https:\/\/i0.wp.com\/kampkomiteen.net\/wp-content\/uploads\/2026\/05\/2-marsj-til-nonneseter.jpg?resize=810%2C537&#038;ssl=1\" alt=\"\" class=\"wp-image-11181\" srcset=\"https:\/\/i0.wp.com\/kampkomiteen.net\/wp-content\/uploads\/2026\/05\/2-marsj-til-nonneseter.jpg?w=1160&amp;ssl=1 1160w, https:\/\/i0.wp.com\/kampkomiteen.net\/wp-content\/uploads\/2026\/05\/2-marsj-til-nonneseter.jpg?resize=1000%2C663&amp;ssl=1 1000w, https:\/\/i0.wp.com\/kampkomiteen.net\/wp-content\/uploads\/2026\/05\/2-marsj-til-nonneseter.jpg?resize=768%2C509&amp;ssl=1 768w, https:\/\/i0.wp.com\/kampkomiteen.net\/wp-content\/uploads\/2026\/05\/2-marsj-til-nonneseter.jpg?resize=120%2C80&amp;ssl=1 120w\" sizes=\"auto, (max-width: 810px) 100vw, 810px\" \/><\/figure>\n\n\n\n<p>Kl. 11.00 starta den antiimperialistiske markeringa. Blant arrang\u00f8rene og tilslutta organisasjoner var Antiimperialistisk Forbund, Kampkomiteen, Bergen4Palestine, Revolusjon\u00e6rt Kommunistisk Forbund, Folk mot fossilmakta, Sosialistisk Ungdom, Scientist Rebellion, Worker-Communist Part of Iran &#8211; Hekmatist (Official Line), R\u00f8d Ungdom og R\u00f8d Student- og Arbeiderfront.<\/p>\n\n\n\n<figure class=\"wp-block-image size-full\"><img data-recalc-dims=\"1\" loading=\"lazy\" decoding=\"async\" width=\"810\" height=\"494\" src=\"https:\/\/i0.wp.com\/kampkomiteen.net\/wp-content\/uploads\/2026\/05\/3-nonneseter.jpg?resize=810%2C494&#038;ssl=1\" alt=\"\" class=\"wp-image-11182\" srcset=\"https:\/\/i0.wp.com\/kampkomiteen.net\/wp-content\/uploads\/2026\/05\/3-nonneseter.jpg?w=1160&amp;ssl=1 1160w, https:\/\/i0.wp.com\/kampkomiteen.net\/wp-content\/uploads\/2026\/05\/3-nonneseter.jpg?resize=1000%2C609&amp;ssl=1 1000w, https:\/\/i0.wp.com\/kampkomiteen.net\/wp-content\/uploads\/2026\/05\/3-nonneseter.jpg?resize=768%2C468&amp;ssl=1 768w\" sizes=\"auto, (max-width: 810px) 100vw, 810px\" \/><\/figure>\n\n\n\n<figure class=\"wp-block-image size-full\"><img data-recalc-dims=\"1\" loading=\"lazy\" decoding=\"async\" width=\"810\" height=\"503\" src=\"https:\/\/i0.wp.com\/kampkomiteen.net\/wp-content\/uploads\/2026\/05\/3.1-nonneseter.jpg?resize=810%2C503&#038;ssl=1\" alt=\"\" class=\"wp-image-11183\" srcset=\"https:\/\/i0.wp.com\/kampkomiteen.net\/wp-content\/uploads\/2026\/05\/3.1-nonneseter.jpg?w=1160&amp;ssl=1 1160w, https:\/\/i0.wp.com\/kampkomiteen.net\/wp-content\/uploads\/2026\/05\/3.1-nonneseter.jpg?resize=1000%2C621&amp;ssl=1 1000w, https:\/\/i0.wp.com\/kampkomiteen.net\/wp-content\/uploads\/2026\/05\/3.1-nonneseter.jpg?resize=768%2C477&amp;ssl=1 768w\" sizes=\"auto, (max-width: 810px) 100vw, 810px\" \/><\/figure>\n\n\n\n<p>Markeringa starta med appell fra Antiimperialistisk Forbund. Deretter ble holdt appeller fra Bergen4Palestine, Revolusjon\u00e6rt Kommunistisk Forbund, Sosialistisk Ungdom og Kampkomiteen. Appellanten fra Kampkomiteen slo fast at \u201cAlle med \u00f8yne og \u00f8rer kan se og h\u00f8re at dagens verden preges mer av krig og krise enn noen gang etter andre verdenskrig. \u00c5 forene verdens antiimperialister, \u00e5 smi den antiimperialistiske fronten p\u00e5 verdensbasis, er et konkret og materielt bidrag til de kampene som verdens undertrykte klasse, folk og nasjoner f\u00f8rer hver dag p\u00e5 alle kontinenter.\u201d<\/p>\n\n\n\n<p>(Saken fortsetter under bilda.)<\/p>\n\n\n\n<figure class=\"wp-block-image size-full\"><img data-recalc-dims=\"1\" loading=\"lazy\" decoding=\"async\" width=\"810\" height=\"530\" src=\"https:\/\/i0.wp.com\/kampkomiteen.net\/wp-content\/uploads\/2026\/05\/4-greighallen.jpg?resize=810%2C530&#038;ssl=1\" alt=\"\" class=\"wp-image-11184\" srcset=\"https:\/\/i0.wp.com\/kampkomiteen.net\/wp-content\/uploads\/2026\/05\/4-greighallen.jpg?w=1160&amp;ssl=1 1160w, https:\/\/i0.wp.com\/kampkomiteen.net\/wp-content\/uploads\/2026\/05\/4-greighallen.jpg?resize=1000%2C654&amp;ssl=1 1000w, https:\/\/i0.wp.com\/kampkomiteen.net\/wp-content\/uploads\/2026\/05\/4-greighallen.jpg?resize=768%2C503&amp;ssl=1 768w, https:\/\/i0.wp.com\/kampkomiteen.net\/wp-content\/uploads\/2026\/05\/4-greighallen.jpg?resize=120%2C80&amp;ssl=1 120w\" sizes=\"auto, (max-width: 810px) 100vw, 810px\" \/><\/figure>\n\n\n\n<figure class=\"wp-block-image size-full\"><img data-recalc-dims=\"1\" loading=\"lazy\" decoding=\"async\" width=\"810\" height=\"553\" src=\"https:\/\/i0.wp.com\/kampkomiteen.net\/wp-content\/uploads\/2026\/05\/4.1-greighallen.jpg?resize=810%2C553&#038;ssl=1\" alt=\"\" class=\"wp-image-11185\" srcset=\"https:\/\/i0.wp.com\/kampkomiteen.net\/wp-content\/uploads\/2026\/05\/4.1-greighallen.jpg?w=1160&amp;ssl=1 1160w, https:\/\/i0.wp.com\/kampkomiteen.net\/wp-content\/uploads\/2026\/05\/4.1-greighallen.jpg?resize=1000%2C683&amp;ssl=1 1000w, https:\/\/i0.wp.com\/kampkomiteen.net\/wp-content\/uploads\/2026\/05\/4.1-greighallen.jpg?resize=768%2C524&amp;ssl=1 768w\" sizes=\"auto, (max-width: 810px) 100vw, 810px\" \/><\/figure>\n\n\n\n<p>Fra Nonneseter gikk blokken i tog til Grieghallen for faneoppstillinga, og derfra til LO-markeringa p\u00e5 Torgallmenningen. Etter at appellene p\u00e5 LO-markeringa ble ferdig, starta LO-toget \u00e5 g\u00e5. I Den Antiimperialistiske Blokken var det bannere der det sto \u201cAntiimperialister i alle land, foren dere!\u201d flankert av fanene til Antiimperialistisk Forbund, \u201cNed med Operasjon Kagaar! &#8211; Leve den nydemokratiske revolusjonen i India!\u201d og \u201cSt\u00f8tt den palestinske motstandskampen!\u201d. I Den Antiimperialistiske Blokken ble det kraftig ropt slagord som \u201cStyrk den internasjonale solidaritet\u201d, \u201cLal salam!\u201d, \u201cEvig \u00e6re til kamerat Basavaraj!\u201d, \u201cFrom the river to the sea &#8211; Palestine will be free!\u201d og \u201cInternasjonal solidaritet &#8211; arbeiderklassens kampenhet!\u201d. Blokken var fylt med r\u00f8de og palestinske flagg, og deltakerne i blokken markerte dagen i en tydelig antiimperialistisk og klassebevisst holdning.&nbsp;<\/p>\n\n\n\n<p>(Saken fortsetter under bilda.)<\/p>\n\n\n\n<figure class=\"wp-block-image size-full\"><img data-recalc-dims=\"1\" loading=\"lazy\" decoding=\"async\" width=\"810\" height=\"479\" src=\"https:\/\/i0.wp.com\/kampkomiteen.net\/wp-content\/uploads\/2026\/05\/5-marsj-til-torgallmeningen.jpg?resize=810%2C479&#038;ssl=1\" alt=\"\" class=\"wp-image-11186\" srcset=\"https:\/\/i0.wp.com\/kampkomiteen.net\/wp-content\/uploads\/2026\/05\/5-marsj-til-torgallmeningen.jpg?w=1160&amp;ssl=1 1160w, https:\/\/i0.wp.com\/kampkomiteen.net\/wp-content\/uploads\/2026\/05\/5-marsj-til-torgallmeningen.jpg?resize=1000%2C591&amp;ssl=1 1000w, https:\/\/i0.wp.com\/kampkomiteen.net\/wp-content\/uploads\/2026\/05\/5-marsj-til-torgallmeningen.jpg?resize=768%2C454&amp;ssl=1 768w\" sizes=\"auto, (max-width: 810px) 100vw, 810px\" \/><\/figure>\n\n\n\n<figure class=\"wp-block-image size-full\"><img data-recalc-dims=\"1\" loading=\"lazy\" decoding=\"async\" width=\"810\" height=\"559\" src=\"https:\/\/i0.wp.com\/kampkomiteen.net\/wp-content\/uploads\/2026\/05\/6-hovudtog.jpg?resize=810%2C559&#038;ssl=1\" alt=\"\" class=\"wp-image-11187\" srcset=\"https:\/\/i0.wp.com\/kampkomiteen.net\/wp-content\/uploads\/2026\/05\/6-hovudtog.jpg?w=1160&amp;ssl=1 1160w, https:\/\/i0.wp.com\/kampkomiteen.net\/wp-content\/uploads\/2026\/05\/6-hovudtog.jpg?resize=1000%2C691&amp;ssl=1 1000w, https:\/\/i0.wp.com\/kampkomiteen.net\/wp-content\/uploads\/2026\/05\/6-hovudtog.jpg?resize=768%2C530&amp;ssl=1 768w\" sizes=\"auto, (max-width: 810px) 100vw, 810px\" \/><\/figure>\n\n\n\n<figure class=\"wp-block-image size-full\"><img data-recalc-dims=\"1\" loading=\"lazy\" decoding=\"async\" width=\"810\" height=\"455\" src=\"https:\/\/i0.wp.com\/kampkomiteen.net\/wp-content\/uploads\/2026\/05\/6.1-hovudtog.jpg?resize=810%2C455&#038;ssl=1\" alt=\"\" class=\"wp-image-11188\" srcset=\"https:\/\/i0.wp.com\/kampkomiteen.net\/wp-content\/uploads\/2026\/05\/6.1-hovudtog.jpg?w=1160&amp;ssl=1 1160w, https:\/\/i0.wp.com\/kampkomiteen.net\/wp-content\/uploads\/2026\/05\/6.1-hovudtog.jpg?resize=1000%2C561&amp;ssl=1 1000w, https:\/\/i0.wp.com\/kampkomiteen.net\/wp-content\/uploads\/2026\/05\/6.1-hovudtog.jpg?resize=768%2C431&amp;ssl=1 768w\" sizes=\"auto, (max-width: 810px) 100vw, 810px\" \/><\/figure>\n\n\n\n<p>Etter LO-toget var ferdig, samla blokken seg p\u00e5 Den Bl\u00e5 Stein, der det ble fortsatt ropt opp slagord mot den norske stat, USA og Israel, og for Palestina, antiimperialistisk enhet og folkelig organisering. Det ble agitert for at den antiimperialistiske fronten m\u00e5 styrkes lokalt, nasjonalt og internasjonalt i tjeneste for kampen om \u00e5 veie imperialismen vekk fra jordklodens overflate.<\/p>\n\n\n\n<figure class=\"wp-block-image size-full\"><img data-recalc-dims=\"1\" loading=\"lazy\" decoding=\"async\" width=\"810\" height=\"463\" src=\"https:\/\/i0.wp.com\/kampkomiteen.net\/wp-content\/uploads\/2026\/05\/7-bla-steinen.jpg?resize=810%2C463&#038;ssl=1\" alt=\"\" class=\"wp-image-11189\" srcset=\"https:\/\/i0.wp.com\/kampkomiteen.net\/wp-content\/uploads\/2026\/05\/7-bla-steinen.jpg?w=1160&amp;ssl=1 1160w, https:\/\/i0.wp.com\/kampkomiteen.net\/wp-content\/uploads\/2026\/05\/7-bla-steinen.jpg?resize=1000%2C572&amp;ssl=1 1000w, https:\/\/i0.wp.com\/kampkomiteen.net\/wp-content\/uploads\/2026\/05\/7-bla-steinen.jpg?resize=768%2C439&amp;ssl=1 768w\" sizes=\"auto, (max-width: 810px) 100vw, 810px\" \/><\/figure>\n\n\n\n<p>Antiimperialister fra forskjellige organisasjoner samla seg etter toget for en antiimperialistisk kulturkveld. Det ble livlige diskusjoner, gledesfull sosialisering blant deltakerne, og en godt verdsatt matservering. I l\u00f8pet av kulturkvelden var det allsang av blant annet \u201cAvanti Popolo\u201d. Det ble framf\u00f8rt sanger, blant annet en original sang laget av aktivister fra Kampkomiteen.<\/p>\n\n\n\n<p>Antiimperialistisk 1. mai samla 10 organisasjoner, titalls av aktivister og hundretalls av antiimperialister under arbeiderklassens r\u00f8de flagg og fanene til Antiimperialistisk Forbund. Tross kraftig vind ble blokkens paroler l\u00f8ftet h\u00f8yt, for alle i Bergens gater \u00e5 se.<\/p>\n\n\n\n<p>(Saken fortsetter under bilda)<\/p>\n\n\n\n<figure class=\"wp-block-image size-full\"><img data-recalc-dims=\"1\" loading=\"lazy\" decoding=\"async\" width=\"810\" height=\"608\" src=\"https:\/\/i0.wp.com\/kampkomiteen.net\/wp-content\/uploads\/2026\/05\/8-kulturkveld.jpg?resize=810%2C608&#038;ssl=1\" alt=\"\" class=\"wp-image-11190\" srcset=\"https:\/\/i0.wp.com\/kampkomiteen.net\/wp-content\/uploads\/2026\/05\/8-kulturkveld.jpg?w=1160&amp;ssl=1 1160w, https:\/\/i0.wp.com\/kampkomiteen.net\/wp-content\/uploads\/2026\/05\/8-kulturkveld.jpg?resize=1000%2C750&amp;ssl=1 1000w, https:\/\/i0.wp.com\/kampkomiteen.net\/wp-content\/uploads\/2026\/05\/8-kulturkveld.jpg?resize=768%2C576&amp;ssl=1 768w\" sizes=\"auto, (max-width: 810px) 100vw, 810px\" \/><\/figure>\n\n\n\n<figure class=\"wp-block-image size-full\"><img data-recalc-dims=\"1\" loading=\"lazy\" decoding=\"async\" width=\"810\" height=\"608\" src=\"https:\/\/i0.wp.com\/kampkomiteen.net\/wp-content\/uploads\/2026\/05\/8.1-kulturkveld-musikk.jpg?resize=810%2C608&#038;ssl=1\" alt=\"\" class=\"wp-image-11191\" srcset=\"https:\/\/i0.wp.com\/kampkomiteen.net\/wp-content\/uploads\/2026\/05\/8.1-kulturkveld-musikk.jpg?w=1160&amp;ssl=1 1160w, https:\/\/i0.wp.com\/kampkomiteen.net\/wp-content\/uploads\/2026\/05\/8.1-kulturkveld-musikk.jpg?resize=1000%2C750&amp;ssl=1 1000w, https:\/\/i0.wp.com\/kampkomiteen.net\/wp-content\/uploads\/2026\/05\/8.1-kulturkveld-musikk.jpg?resize=768%2C576&amp;ssl=1 768w\" sizes=\"auto, (max-width: 810px) 100vw, 810px\" \/><\/figure>\n\n\n\n<p>Tidlig p\u00e5 morgenen ble det ogs\u00e5 hengt opp plakater til st\u00f8tte for den palestinske motstandskampen og for et fritt Palestina som var lett synlig langs hele ruta til LO-toget.&nbsp;<\/p>\n\n\n\n<figure class=\"wp-block-image size-full\"><img data-recalc-dims=\"1\" loading=\"lazy\" decoding=\"async\" width=\"810\" height=\"508\" src=\"https:\/\/i0.wp.com\/kampkomiteen.net\/wp-content\/uploads\/2026\/05\/bryggen-2.jpg?resize=810%2C508&#038;ssl=1\" alt=\"\" class=\"wp-image-11193\" srcset=\"https:\/\/i0.wp.com\/kampkomiteen.net\/wp-content\/uploads\/2026\/05\/bryggen-2.jpg?w=1160&amp;ssl=1 1160w, https:\/\/i0.wp.com\/kampkomiteen.net\/wp-content\/uploads\/2026\/05\/bryggen-2.jpg?resize=1000%2C628&amp;ssl=1 1000w, https:\/\/i0.wp.com\/kampkomiteen.net\/wp-content\/uploads\/2026\/05\/bryggen-2.jpg?resize=768%2C482&amp;ssl=1 768w\" sizes=\"auto, (max-width: 810px) 100vw, 810px\" \/><\/figure>\n\n\n\n<figure class=\"wp-block-image size-full\"><img data-recalc-dims=\"1\" loading=\"lazy\" decoding=\"async\" width=\"810\" height=\"456\" src=\"https:\/\/i0.wp.com\/kampkomiteen.net\/wp-content\/uploads\/2026\/05\/bryggen-1.jpg?resize=810%2C456&#038;ssl=1\" alt=\"\" class=\"wp-image-11192\" srcset=\"https:\/\/i0.wp.com\/kampkomiteen.net\/wp-content\/uploads\/2026\/05\/bryggen-1.jpg?w=1160&amp;ssl=1 1160w, https:\/\/i0.wp.com\/kampkomiteen.net\/wp-content\/uploads\/2026\/05\/bryggen-1.jpg?resize=1000%2C563&amp;ssl=1 1000w, https:\/\/i0.wp.com\/kampkomiteen.net\/wp-content\/uploads\/2026\/05\/bryggen-1.jpg?resize=768%2C432&amp;ssl=1 768w\" sizes=\"auto, (max-width: 810px) 100vw, 810px\" \/><\/figure>\n\n\n\n<h3 class=\"wp-block-heading\"><strong>Mobilisering for antiimperialistisk 1. mai<\/strong><\/h3>\n\n\n\n<p>Aktivister delte ut l\u00f8pesedler for 1. mai ved Universitetet i Bergen, Bergen sentrum og ved \u00c5rstad videreg\u00e5ende skole. Videre har plakater blitt hengt opp i sentrum, p\u00e5 Danmarks plass, Sletten, H\u00f8yden, M\u00f8hlenpris, og inne p\u00e5 Universitetet i Bergen og H\u00f8gskulen p\u00e5 Vestlandet.<\/p>\n\n\n\n<p><strong>L\u00f8peseddel utdeling p\u00e5 \u00c5rstad VGS. <\/strong><\/p>\n\n\n\n<figure class=\"wp-block-image size-full\"><img data-recalc-dims=\"1\" loading=\"lazy\" decoding=\"async\" width=\"810\" height=\"552\" src=\"https:\/\/i0.wp.com\/kampkomiteen.net\/wp-content\/uploads\/2026\/05\/20260429_115644.jpg?resize=810%2C552&#038;ssl=1\" alt=\"\" class=\"wp-image-11194\" srcset=\"https:\/\/i0.wp.com\/kampkomiteen.net\/wp-content\/uploads\/2026\/05\/20260429_115644.jpg?w=1160&amp;ssl=1 1160w, https:\/\/i0.wp.com\/kampkomiteen.net\/wp-content\/uploads\/2026\/05\/20260429_115644.jpg?resize=1000%2C682&amp;ssl=1 1000w, https:\/\/i0.wp.com\/kampkomiteen.net\/wp-content\/uploads\/2026\/05\/20260429_115644.jpg?resize=768%2C524&amp;ssl=1 768w\" sizes=\"auto, (max-width: 810px) 100vw, 810px\" \/><\/figure>\n\n\n\n<p><strong>Bergen Sentrum<\/strong><\/p>\n\n\n\n<figure class=\"wp-block-gallery has-nested-images columns-default is-cropped wp-block-gallery-1 is-layout-flex wp-block-gallery-is-layout-flex\">\n<figure class=\"wp-block-image size-large\"><img data-recalc-dims=\"1\" loading=\"lazy\" decoding=\"async\" width=\"810\" height=\"610\" data-id=\"11197\" src=\"https:\/\/i0.wp.com\/kampkomiteen.net\/wp-content\/uploads\/2026\/05\/Sentrum-3.jpg?resize=810%2C610&#038;ssl=1\" alt=\"\" class=\"wp-image-11197\" srcset=\"https:\/\/i0.wp.com\/kampkomiteen.net\/wp-content\/uploads\/2026\/05\/Sentrum-3.jpg?w=1160&amp;ssl=1 1160w, https:\/\/i0.wp.com\/kampkomiteen.net\/wp-content\/uploads\/2026\/05\/Sentrum-3.jpg?resize=1000%2C753&amp;ssl=1 1000w, https:\/\/i0.wp.com\/kampkomiteen.net\/wp-content\/uploads\/2026\/05\/Sentrum-3.jpg?resize=768%2C578&amp;ssl=1 768w\" sizes=\"auto, (max-width: 810px) 100vw, 810px\" \/><\/figure>\n\n\n\n<figure class=\"wp-block-image size-large\"><img data-recalc-dims=\"1\" loading=\"lazy\" decoding=\"async\" width=\"810\" height=\"610\" data-id=\"11196\" src=\"https:\/\/i0.wp.com\/kampkomiteen.net\/wp-content\/uploads\/2026\/05\/Sentrum-2.jpg?resize=810%2C610&#038;ssl=1\" alt=\"\" class=\"wp-image-11196\" srcset=\"https:\/\/i0.wp.com\/kampkomiteen.net\/wp-content\/uploads\/2026\/05\/Sentrum-2.jpg?w=1160&amp;ssl=1 1160w, https:\/\/i0.wp.com\/kampkomiteen.net\/wp-content\/uploads\/2026\/05\/Sentrum-2.jpg?resize=1000%2C753&amp;ssl=1 1000w, https:\/\/i0.wp.com\/kampkomiteen.net\/wp-content\/uploads\/2026\/05\/Sentrum-2.jpg?resize=768%2C578&amp;ssl=1 768w\" sizes=\"auto, (max-width: 810px) 100vw, 810px\" \/><\/figure>\n\n\n\n<figure class=\"wp-block-image size-large\"><img data-recalc-dims=\"1\" loading=\"lazy\" decoding=\"async\" width=\"810\" height=\"610\" data-id=\"11198\" src=\"https:\/\/i0.wp.com\/kampkomiteen.net\/wp-content\/uploads\/2026\/05\/Sentrum-1.jpg?resize=810%2C610&#038;ssl=1\" alt=\"\" class=\"wp-image-11198\" srcset=\"https:\/\/i0.wp.com\/kampkomiteen.net\/wp-content\/uploads\/2026\/05\/Sentrum-1.jpg?w=1160&amp;ssl=1 1160w, https:\/\/i0.wp.com\/kampkomiteen.net\/wp-content\/uploads\/2026\/05\/Sentrum-1.jpg?resize=1000%2C753&amp;ssl=1 1000w, https:\/\/i0.wp.com\/kampkomiteen.net\/wp-content\/uploads\/2026\/05\/Sentrum-1.jpg?resize=768%2C578&amp;ssl=1 768w\" sizes=\"auto, (max-width: 810px) 100vw, 810px\" \/><\/figure>\n<\/figure>\n\n\n\n<p><strong>H\u00f8yden<\/strong><\/p>\n\n\n\n<figure class=\"wp-block-image size-full\"><img data-recalc-dims=\"1\" loading=\"lazy\" decoding=\"async\" width=\"810\" height=\"610\" src=\"https:\/\/i0.wp.com\/kampkomiteen.net\/wp-content\/uploads\/2026\/05\/Hoyden-plakat.jpg?resize=810%2C610&#038;ssl=1\" alt=\"\" class=\"wp-image-11199\" srcset=\"https:\/\/i0.wp.com\/kampkomiteen.net\/wp-content\/uploads\/2026\/05\/Hoyden-plakat.jpg?w=1160&amp;ssl=1 1160w, https:\/\/i0.wp.com\/kampkomiteen.net\/wp-content\/uploads\/2026\/05\/Hoyden-plakat.jpg?resize=1000%2C753&amp;ssl=1 1000w, https:\/\/i0.wp.com\/kampkomiteen.net\/wp-content\/uploads\/2026\/05\/Hoyden-plakat.jpg?resize=768%2C578&amp;ssl=1 768w\" sizes=\"auto, (max-width: 810px) 100vw, 810px\" \/><\/figure>\n\n\n\n<p><strong>Kronstad<\/strong><\/p>\n\n\n\n<figure class=\"wp-block-image size-full\"><img data-recalc-dims=\"1\" loading=\"lazy\" decoding=\"async\" width=\"810\" height=\"610\" src=\"https:\/\/i0.wp.com\/kampkomiteen.net\/wp-content\/uploads\/2026\/05\/Kronstad-1.jpg?resize=810%2C610&#038;ssl=1\" alt=\"\" class=\"wp-image-11200\" srcset=\"https:\/\/i0.wp.com\/kampkomiteen.net\/wp-content\/uploads\/2026\/05\/Kronstad-1.jpg?w=1160&amp;ssl=1 1160w, https:\/\/i0.wp.com\/kampkomiteen.net\/wp-content\/uploads\/2026\/05\/Kronstad-1.jpg?resize=1000%2C753&amp;ssl=1 1000w, https:\/\/i0.wp.com\/kampkomiteen.net\/wp-content\/uploads\/2026\/05\/Kronstad-1.jpg?resize=768%2C578&amp;ssl=1 768w\" sizes=\"auto, (max-width: 810px) 100vw, 810px\" \/><\/figure>\n\n\n\n<p><strong>M\u00f8hlenpris<\/strong><\/p>\n\n\n\n<figure class=\"wp-block-gallery has-nested-images columns-default is-cropped wp-block-gallery-2 is-layout-flex wp-block-gallery-is-layout-flex\">\n<figure class=\"wp-block-image size-large\"><img data-recalc-dims=\"1\" loading=\"lazy\" decoding=\"async\" width=\"810\" height=\"610\" data-id=\"11201\" src=\"https:\/\/i0.wp.com\/kampkomiteen.net\/wp-content\/uploads\/2026\/05\/Mohlenpris-1.jpg?resize=810%2C610&#038;ssl=1\" alt=\"\" class=\"wp-image-11201\" srcset=\"https:\/\/i0.wp.com\/kampkomiteen.net\/wp-content\/uploads\/2026\/05\/Mohlenpris-1.jpg?w=1160&amp;ssl=1 1160w, https:\/\/i0.wp.com\/kampkomiteen.net\/wp-content\/uploads\/2026\/05\/Mohlenpris-1.jpg?resize=1000%2C753&amp;ssl=1 1000w, https:\/\/i0.wp.com\/kampkomiteen.net\/wp-content\/uploads\/2026\/05\/Mohlenpris-1.jpg?resize=768%2C578&amp;ssl=1 768w\" sizes=\"auto, (max-width: 810px) 100vw, 810px\" \/><\/figure>\n\n\n\n<figure class=\"wp-block-image size-large\"><img data-recalc-dims=\"1\" loading=\"lazy\" decoding=\"async\" width=\"810\" height=\"610\" data-id=\"11204\" src=\"https:\/\/i0.wp.com\/kampkomiteen.net\/wp-content\/uploads\/2026\/05\/Mohlenpris-2.jpg?resize=810%2C610&#038;ssl=1\" alt=\"\" class=\"wp-image-11204\" srcset=\"https:\/\/i0.wp.com\/kampkomiteen.net\/wp-content\/uploads\/2026\/05\/Mohlenpris-2.jpg?w=1160&amp;ssl=1 1160w, https:\/\/i0.wp.com\/kampkomiteen.net\/wp-content\/uploads\/2026\/05\/Mohlenpris-2.jpg?resize=1000%2C753&amp;ssl=1 1000w, https:\/\/i0.wp.com\/kampkomiteen.net\/wp-content\/uploads\/2026\/05\/Mohlenpris-2.jpg?resize=768%2C578&amp;ssl=1 768w\" sizes=\"auto, (max-width: 810px) 100vw, 810px\" \/><\/figure>\n\n\n\n<figure class=\"wp-block-image size-large\"><img data-recalc-dims=\"1\" loading=\"lazy\" decoding=\"async\" width=\"810\" height=\"610\" data-id=\"11202\" src=\"https:\/\/i0.wp.com\/kampkomiteen.net\/wp-content\/uploads\/2026\/05\/Mohlenpris-3.jpg?resize=810%2C610&#038;ssl=1\" alt=\"\" class=\"wp-image-11202\" srcset=\"https:\/\/i0.wp.com\/kampkomiteen.net\/wp-content\/uploads\/2026\/05\/Mohlenpris-3.jpg?w=1160&amp;ssl=1 1160w, https:\/\/i0.wp.com\/kampkomiteen.net\/wp-content\/uploads\/2026\/05\/Mohlenpris-3.jpg?resize=1000%2C753&amp;ssl=1 1000w, https:\/\/i0.wp.com\/kampkomiteen.net\/wp-content\/uploads\/2026\/05\/Mohlenpris-3.jpg?resize=768%2C578&amp;ssl=1 768w\" sizes=\"auto, (max-width: 810px) 100vw, 810px\" \/><\/figure>\n\n\n\n<figure class=\"wp-block-image size-large\"><img data-recalc-dims=\"1\" loading=\"lazy\" decoding=\"async\" width=\"810\" height=\"610\" data-id=\"11203\" src=\"https:\/\/i0.wp.com\/kampkomiteen.net\/wp-content\/uploads\/2026\/05\/Mohlenpris-4.jpg?resize=810%2C610&#038;ssl=1\" alt=\"\" class=\"wp-image-11203\" srcset=\"https:\/\/i0.wp.com\/kampkomiteen.net\/wp-content\/uploads\/2026\/05\/Mohlenpris-4.jpg?w=1160&amp;ssl=1 1160w, https:\/\/i0.wp.com\/kampkomiteen.net\/wp-content\/uploads\/2026\/05\/Mohlenpris-4.jpg?resize=1000%2C753&amp;ssl=1 1000w, https:\/\/i0.wp.com\/kampkomiteen.net\/wp-content\/uploads\/2026\/05\/Mohlenpris-4.jpg?resize=768%2C578&amp;ssl=1 768w\" sizes=\"auto, (max-width: 810px) 100vw, 810px\" \/><\/figure>\n<\/figure>\n\n\n\n<p><strong>Sletten <\/strong><\/p>\n\n\n\n<figure class=\"wp-block-gallery has-nested-images columns-default is-cropped wp-block-gallery-3 is-layout-flex wp-block-gallery-is-layout-flex\">\n<figure class=\"wp-block-image size-large\"><img data-recalc-dims=\"1\" loading=\"lazy\" decoding=\"async\" width=\"810\" height=\"610\" data-id=\"11205\" src=\"https:\/\/i0.wp.com\/kampkomiteen.net\/wp-content\/uploads\/2026\/05\/Sletten-plakat-1.jpg?resize=810%2C610&#038;ssl=1\" alt=\"\" class=\"wp-image-11205\" srcset=\"https:\/\/i0.wp.com\/kampkomiteen.net\/wp-content\/uploads\/2026\/05\/Sletten-plakat-1.jpg?w=1160&amp;ssl=1 1160w, https:\/\/i0.wp.com\/kampkomiteen.net\/wp-content\/uploads\/2026\/05\/Sletten-plakat-1.jpg?resize=1000%2C753&amp;ssl=1 1000w, https:\/\/i0.wp.com\/kampkomiteen.net\/wp-content\/uploads\/2026\/05\/Sletten-plakat-1.jpg?resize=768%2C578&amp;ssl=1 768w\" sizes=\"auto, (max-width: 810px) 100vw, 810px\" \/><\/figure>\n\n\n\n<figure class=\"wp-block-image size-large\"><img data-recalc-dims=\"1\" loading=\"lazy\" decoding=\"async\" width=\"810\" height=\"610\" data-id=\"11206\" src=\"https:\/\/i0.wp.com\/kampkomiteen.net\/wp-content\/uploads\/2026\/05\/Sletten-plakat-2.jpg?resize=810%2C610&#038;ssl=1\" alt=\"\" class=\"wp-image-11206\" srcset=\"https:\/\/i0.wp.com\/kampkomiteen.net\/wp-content\/uploads\/2026\/05\/Sletten-plakat-2.jpg?w=1160&amp;ssl=1 1160w, https:\/\/i0.wp.com\/kampkomiteen.net\/wp-content\/uploads\/2026\/05\/Sletten-plakat-2.jpg?resize=1000%2C753&amp;ssl=1 1000w, https:\/\/i0.wp.com\/kampkomiteen.net\/wp-content\/uploads\/2026\/05\/Sletten-plakat-2.jpg?resize=768%2C578&amp;ssl=1 768w\" sizes=\"auto, (max-width: 810px) 100vw, 810px\" \/><\/figure>\n<\/figure>\n\n\n\n<p><strong>Universitetet i Bergen<\/strong><\/p>\n\n\n\n<figure class=\"wp-block-image size-full\"><img data-recalc-dims=\"1\" loading=\"lazy\" decoding=\"async\" width=\"810\" height=\"610\" src=\"https:\/\/i0.wp.com\/kampkomiteen.net\/wp-content\/uploads\/2026\/05\/UIB.jpg?resize=810%2C610&#038;ssl=1\" alt=\"\" class=\"wp-image-11207\" srcset=\"https:\/\/i0.wp.com\/kampkomiteen.net\/wp-content\/uploads\/2026\/05\/UIB.jpg?w=1160&amp;ssl=1 1160w, https:\/\/i0.wp.com\/kampkomiteen.net\/wp-content\/uploads\/2026\/05\/UIB.jpg?resize=1000%2C753&amp;ssl=1 1000w, https:\/\/i0.wp.com\/kampkomiteen.net\/wp-content\/uploads\/2026\/05\/UIB.jpg?resize=768%2C578&amp;ssl=1 768w\" sizes=\"auto, (max-width: 810px) 100vw, 810px\" \/><\/figure>\n\n\n\n<figure class=\"wp-block-image size-full\"><img data-recalc-dims=\"1\" loading=\"lazy\" decoding=\"async\" width=\"810\" height=\"610\" src=\"https:\/\/i0.wp.com\/kampkomiteen.net\/wp-content\/uploads\/2026\/05\/UIB-2.jpg?resize=810%2C610&#038;ssl=1\" alt=\"\" class=\"wp-image-11208\" srcset=\"https:\/\/i0.wp.com\/kampkomiteen.net\/wp-content\/uploads\/2026\/05\/UIB-2.jpg?w=1160&amp;ssl=1 1160w, https:\/\/i0.wp.com\/kampkomiteen.net\/wp-content\/uploads\/2026\/05\/UIB-2.jpg?resize=1000%2C753&amp;ssl=1 1000w, https:\/\/i0.wp.com\/kampkomiteen.net\/wp-content\/uploads\/2026\/05\/UIB-2.jpg?resize=768%2C578&amp;ssl=1 768w\" sizes=\"auto, (max-width: 810px) 100vw, 810px\" \/><\/figure>\n\n\n\n<p><\/p>\n","protected":false},"excerpt":{"rendered":"<p>I uvant flott solv\u00e6r deltok flere hundre i Den antiimperialistiske blokken med &laquo;St\u00f8tt folkets kamp i India og Palestina! USA &#8211; Henda vekk fra Iran!&raquo; som hovedparole for blokken og den antiimperialistiske 1. mai markeringen. <\/p>\n","protected":false},"author":8,"featured_media":11181,"comment_status":"closed","ping_status":"closed","sticky":false,"template":"","format":"standard","meta":{"advanced_seo_description":"","jetpack_seo_html_title":"","jetpack_seo_noindex":false,"_jetpack_memberships_contains_paid_content":false,"footnotes":""},"categories":[1],"tags":[26,48,25,21],"class_list":["post-11179","post","type-post","status-publish","format-standard","has-post-thumbnail","hentry","category-uncategorized","tag-1-mai","tag-antiimperialisme","tag-bergen","tag-palestina"],"jetpack_featured_media_url":"https:\/\/i0.wp.com\/kampkomiteen.net\/wp-content\/uploads\/2026\/05\/2-marsj-til-nonneseter.jpg?fit=1160%2C769&ssl=1","jetpack_shortlink":"https:\/\/wp.me\/pchuPf-2Uj","jetpack-related-posts":[{"id":8555,"url":"https:\/\/kampkomiteen.net\/?p=8555","url_meta":{"origin":11179,"position":0},"title":"Bergen: 8. mars mot imperialisme","author":"Kampkomiteen","date":"9. mars 2025","format":false,"excerpt":"Kampkomiteen i Bergen markerte 8. mars mot imperialisme. F\u00f8rst deltok Kampkomiteen i Bergen p\u00e5 en anti-imperialistisk markering p\u00e5 biblioteksplassen sammen med Bergen4Palestine, Revolusjon\u00e6rt Kommunistisk Forbund, Touki og Aktivister for Palestina.","rel":"","context":"Liknende innlegg","block_context":{"text":"Liknende innlegg","link":""},"img":{"alt_text":"","src":"https:\/\/i0.wp.com\/kampkomiteen.net\/wp-content\/uploads\/2025\/03\/20250308_1608360-scaled.jpg?fit=1200%2C667&ssl=1&resize=350%2C200","width":350,"height":200,"srcset":"https:\/\/i0.wp.com\/kampkomiteen.net\/wp-content\/uploads\/2025\/03\/20250308_1608360-scaled.jpg?fit=1200%2C667&ssl=1&resize=350%2C200 1x, https:\/\/i0.wp.com\/kampkomiteen.net\/wp-content\/uploads\/2025\/03\/20250308_1608360-scaled.jpg?fit=1200%2C667&ssl=1&resize=525%2C300 1.5x, https:\/\/i0.wp.com\/kampkomiteen.net\/wp-content\/uploads\/2025\/03\/20250308_1608360-scaled.jpg?fit=1200%2C667&ssl=1&resize=700%2C400 2x, https:\/\/i0.wp.com\/kampkomiteen.net\/wp-content\/uploads\/2025\/03\/20250308_1608360-scaled.jpg?fit=1200%2C667&ssl=1&resize=1050%2C600 3x"},"classes":[]},{"id":2653,"url":"https:\/\/kampkomiteen.net\/?p=2653","url_meta":{"origin":11179,"position":1},"title":"Rapporter fra 1. mai","author":"Kampkomiteen","date":"4. mai 2022","format":false,"excerpt":"Kampkomiteen har gjennomf\u00f8rt markeringer og g\u00e5tt i demonstrasjonstog p\u00e5 arbeidernes internasjonale kampdag i Oslo, Bergen, Trondheim og Kristiansand. Vi deler rapporter og bilder fra lokale aktivister.","rel":"","context":"i \"1. mai\"","block_context":{"text":"1. mai","link":"https:\/\/kampkomiteen.net\/?tag=1-mai"},"img":{"alt_text":"","src":"https:\/\/i0.wp.com\/kampkomiteen.net\/wp-content\/uploads\/2022\/05\/pasted-image-0-17.png?fit=1200%2C677&ssl=1&resize=350%2C200","width":350,"height":200,"srcset":"https:\/\/i0.wp.com\/kampkomiteen.net\/wp-content\/uploads\/2022\/05\/pasted-image-0-17.png?fit=1200%2C677&ssl=1&resize=350%2C200 1x, https:\/\/i0.wp.com\/kampkomiteen.net\/wp-content\/uploads\/2022\/05\/pasted-image-0-17.png?fit=1200%2C677&ssl=1&resize=525%2C300 1.5x, https:\/\/i0.wp.com\/kampkomiteen.net\/wp-content\/uploads\/2022\/05\/pasted-image-0-17.png?fit=1200%2C677&ssl=1&resize=700%2C400 2x, https:\/\/i0.wp.com\/kampkomiteen.net\/wp-content\/uploads\/2022\/05\/pasted-image-0-17.png?fit=1200%2C677&ssl=1&resize=1050%2C600 3x"},"classes":[]},{"id":8061,"url":"https:\/\/kampkomiteen.net\/?p=8061","url_meta":{"origin":11179,"position":2},"title":"Bergen: 25. november demonstrasjon","author":"Kampkomiteen","date":"25. november 2024","format":false,"excerpt":"Skrevet av aktivister i Bergen. Mandag 25. november samlet aktivister fra forskjellige organisasjoner seg til en markering for den internasjonale dagen mot vold mot kvinner.","rel":"","context":"Liknende innlegg","block_context":{"text":"Liknende innlegg","link":""},"img":{"alt_text":"","src":"https:\/\/i0.wp.com\/kampkomiteen.net\/wp-content\/uploads\/2024\/11\/20241125_181255-scaled.jpg?fit=1200%2C873&ssl=1&resize=350%2C200","width":350,"height":200,"srcset":"https:\/\/i0.wp.com\/kampkomiteen.net\/wp-content\/uploads\/2024\/11\/20241125_181255-scaled.jpg?fit=1200%2C873&ssl=1&resize=350%2C200 1x, https:\/\/i0.wp.com\/kampkomiteen.net\/wp-content\/uploads\/2024\/11\/20241125_181255-scaled.jpg?fit=1200%2C873&ssl=1&resize=525%2C300 1.5x, https:\/\/i0.wp.com\/kampkomiteen.net\/wp-content\/uploads\/2024\/11\/20241125_181255-scaled.jpg?fit=1200%2C873&ssl=1&resize=700%2C400 2x, https:\/\/i0.wp.com\/kampkomiteen.net\/wp-content\/uploads\/2024\/11\/20241125_181255-scaled.jpg?fit=1200%2C873&ssl=1&resize=1050%2C600 3x"},"classes":[]},{"id":8800,"url":"https:\/\/kampkomiteen.net\/?p=8800","url_meta":{"origin":11179,"position":3},"title":"Bergen: Antiimperialistisk 1. mai","author":"Kampkomiteen","date":"1. mai 2025","format":false,"excerpt":"Tross regn og vind markerte Kampkomiteen i Bergen 1. mai sammen med flere antiimperialistiske organisasjoner. Under \u00e5rets 1. mai ble palestinasolidariteten og arbeidet for stiftelsen av Antiimperialistisk Forbund (AIL) fremmet. Antiimperialister i Bergen deltok p\u00e5 2 markeringer under \u00e5rets 1. mai.","rel":"","context":"Liknende innlegg","block_context":{"text":"Liknende innlegg","link":""},"img":{"alt_text":"","src":"https:\/\/i0.wp.com\/kampkomiteen.net\/wp-content\/uploads\/2025\/05\/P1080246-1-scaled.jpg?fit=1200%2C606&ssl=1&resize=350%2C200","width":350,"height":200,"srcset":"https:\/\/i0.wp.com\/kampkomiteen.net\/wp-content\/uploads\/2025\/05\/P1080246-1-scaled.jpg?fit=1200%2C606&ssl=1&resize=350%2C200 1x, https:\/\/i0.wp.com\/kampkomiteen.net\/wp-content\/uploads\/2025\/05\/P1080246-1-scaled.jpg?fit=1200%2C606&ssl=1&resize=525%2C300 1.5x, https:\/\/i0.wp.com\/kampkomiteen.net\/wp-content\/uploads\/2025\/05\/P1080246-1-scaled.jpg?fit=1200%2C606&ssl=1&resize=700%2C400 2x, https:\/\/i0.wp.com\/kampkomiteen.net\/wp-content\/uploads\/2025\/05\/P1080246-1-scaled.jpg?fit=1200%2C606&ssl=1&resize=1050%2C600 3x"},"classes":[]},{"id":7249,"url":"https:\/\/kampkomiteen.net\/?p=7249","url_meta":{"origin":11179,"position":4},"title":"1. mai 2024: Kraftfulle antiimperialistiske markeringer","author":"Viktor Karlsen","date":"1. mai 2024","format":false,"excerpt":"\u00c5rets 1. mai var preget av store demonstrasjonstog og sterk st\u00f8tte til Palestina.","rel":"","context":"Liknende innlegg","block_context":{"text":"Liknende innlegg","link":""},"img":{"alt_text":"","src":"https:\/\/i0.wp.com\/kampkomiteen.net\/wp-content\/uploads\/2024\/05\/Forsidebilde1mai.jpg?fit=1200%2C741&ssl=1&resize=350%2C200","width":350,"height":200,"srcset":"https:\/\/i0.wp.com\/kampkomiteen.net\/wp-content\/uploads\/2024\/05\/Forsidebilde1mai.jpg?fit=1200%2C741&ssl=1&resize=350%2C200 1x, https:\/\/i0.wp.com\/kampkomiteen.net\/wp-content\/uploads\/2024\/05\/Forsidebilde1mai.jpg?fit=1200%2C741&ssl=1&resize=525%2C300 1.5x, https:\/\/i0.wp.com\/kampkomiteen.net\/wp-content\/uploads\/2024\/05\/Forsidebilde1mai.jpg?fit=1200%2C741&ssl=1&resize=700%2C400 2x, https:\/\/i0.wp.com\/kampkomiteen.net\/wp-content\/uploads\/2024\/05\/Forsidebilde1mai.jpg?fit=1200%2C741&ssl=1&resize=1050%2C600 3x"},"classes":[]},{"id":11117,"url":"https:\/\/kampkomiteen.net\/?p=11117","url_meta":{"origin":11179,"position":5},"title":"Oslo: Antiimperialistisk 1. mai","author":"Kampkomiteen","date":"1. mai 2026","format":false,"excerpt":"Kampkomiteen i Oslo markerte arbeiderklassen internasjonale kampdag 1. mai internasjonalistisk og antiimperialistisk, med egen markering sammen i samarbeid med andre organisasjoner og i deltakelse i LOs arrangement p\u00e5 Youngstorget.","rel":"","context":"i \"1. mai\"","block_context":{"text":"1. mai","link":"https:\/\/kampkomiteen.net\/?tag=1-mai"},"img":{"alt_text":"","src":"https:\/\/i0.wp.com\/kampkomiteen.net\/wp-content\/uploads\/2026\/05\/2026-05-01_1-mai_bilde-10_ferdig.jpg?fit=1200%2C800&ssl=1&resize=350%2C200","width":350,"height":200,"srcset":"https:\/\/i0.wp.com\/kampkomiteen.net\/wp-content\/uploads\/2026\/05\/2026-05-01_1-mai_bilde-10_ferdig.jpg?fit=1200%2C800&ssl=1&resize=350%2C200 1x, https:\/\/i0.wp.com\/kampkomiteen.net\/wp-content\/uploads\/2026\/05\/2026-05-01_1-mai_bilde-10_ferdig.jpg?fit=1200%2C800&ssl=1&resize=525%2C300 1.5x, https:\/\/i0.wp.com\/kampkomiteen.net\/wp-content\/uploads\/2026\/05\/2026-05-01_1-mai_bilde-10_ferdig.jpg?fit=1200%2C800&ssl=1&resize=700%2C400 2x, https:\/\/i0.wp.com\/kampkomiteen.net\/wp-content\/uploads\/2026\/05\/2026-05-01_1-mai_bilde-10_ferdig.jpg?fit=1200%2C800&ssl=1&resize=1050%2C600 3x"},"classes":[]}],"jetpack_sharing_enabled":true,"_links":{"self":[{"href":"https:\/\/kampkomiteen.net\/index.php?rest_route=\/wp\/v2\/posts\/11179","targetHints":{"allow":["GET"]}}],"collection":[{"href":"https:\/\/kampkomiteen.net\/index.php?rest_route=\/wp\/v2\/posts"}],"about":[{"href":"https:\/\/kampkomiteen.net\/index.php?rest_route=\/wp\/v2\/types\/post"}],"author":[{"embeddable":true,"href":"https:\/\/kampkomiteen.net\/index.php?rest_route=\/wp\/v2\/users\/8"}],"replies":[{"embeddable":true,"href":"https:\/\/kampkomiteen.net\/index.php?rest_route=%2Fwp%2Fv2%2Fcomments&post=11179"}],"version-history":[{"count":8,"href":"https:\/\/kampkomiteen.net\/index.php?rest_route=\/wp\/v2\/posts\/11179\/revisions"}],"predecessor-version":[{"id":11217,"href":"https:\/\/kampkomiteen.net\/index.php?rest_route=\/wp\/v2\/posts\/11179\/revisions\/11217"}],"wp:featuredmedia":[{"embeddable":true,"href":"https:\/\/kampkomiteen.net\/index.php?rest_route=\/wp\/v2\/media\/11181"}],"wp:attachment":[{"href":"https:\/\/kampkomiteen.net\/index.php?rest_route=%2Fwp%2Fv2%2Fmedia&parent=11179"}],"wp:term":[{"taxonomy":"category","embeddable":true,"href":"https:\/\/kampkomiteen.net\/index.php?rest_route=%2Fwp%2Fv2%2Fcategories&post=11179"},{"taxonomy":"post_tag","embeddable":true,"href":"https:\/\/kampkomiteen.net\/index.php?rest_route=%2Fwp%2Fv2%2Ftags&post=11179"}],"curies":[{"name":"wp","href":"https:\/\/api.w.org\/{rel}","templated":true}]}}