{"id":11118,"date":"2026-05-01T21:39:46","date_gmt":"2026-05-01T19:39:46","guid":{"rendered":"https:\/\/kampkomiteen.net\/?p=11118"},"modified":"2026-05-01T21:39:46","modified_gmt":"2026-05-01T19:39:46","slug":"trondheim-antiimperialistisk-1-mai-2","status":"publish","type":"post","link":"https:\/\/kampkomiteen.net\/?p=11118","title":{"rendered":"Trondheim: Antiimperialistisk 1. mai"},"content":{"rendered":"<div id=\"fb-root\"><\/div>\n\n<p><em>Skrevet av aktivister i Trondheim.<\/em><\/p>\n\n\n\n<p><strong>I Trondheim har Kampkomiteen markert arbeidernes internasjonale kampdag til st\u00f8tte for folkets kamp i Palestina og India.<\/strong><\/p>\n\n\n\n<p>Aktivistene startet dagen med ei antiimperialistisk og internasjonalistisk markering i Nordre gate sammen med flere organisasjoner. Kampkomiteen deltok med parolene \u201cSt\u00f8tt den palestinske motstandskampen \u2013 fritt Palestina!\u201d og \u201cSt\u00f8tt folkets kamp i India!,\u201d samt h\u00e5ndplakater med Antiimperialistisk Forbunds logo. Aktivistene stilte opp i g\u00e5gata med bannere og Palestina-flagg. Det ble spilt av musikk, framf\u00f8rt selvskrevne dikt og holdt tre appeller. Appellene ble holdt av representanter fra Akademisk Nettverk for Palestina ved NTNU, Sosialistisk Forum og Kampkomiteen, og Kampkomiteens appell var basert p\u00e5 uttalelsen <a href=\"https:\/\/kampkomiteen.net\/?p=11083\" data-type=\"link\" data-id=\"https:\/\/kampkomiteen.net\/?p=11083\">&laquo;Fremad for en antiimperialistisk 1. mai!&raquo;<\/a> Mellom appellene ble det taktfast ropt slagord til st\u00f8tte for palestinernes motstandskamp og folkets kamp i India, og for \u00e5 styrke den internasjonale solidariteten. Det ble ogs\u00e5 delt ut mange l\u00f8pesedler til forbipasserende, og flere stoppet opp for \u00e5 lytte til appellene. <\/p>\n\n\n\n<p>Etter den antiimperialistiske markeringa gikk demonstrantene videre for \u00e5 delta i internasjonal seksjon i 1. mai-toget, som var sv\u00e6rt stor i \u00e5rets tog. Ogs\u00e5 her ble det ropt slagord mot imperialisme og til st\u00f8tte for folkets kamp i Palestina og India, som \u201cst\u00f8tt folkets kamp i India,&raquo; \u201cfrom the river to the sea, Palestine will be free,\u201d \u201cingen fred uten frihet, ingen frihet uten kamp, knus imperialismen,\u201d &laquo;leve kampen for nydemokrati, Indias folk vil sl\u00e5 seg fri\u201d og \u201cmotstand mot stat og kapital, kampen for frigj\u00f8ring er internasjonal!\u201d Underveis i toget ble det ogs\u00e5 delt ut l\u00f8pesedler til deltakere og tilskuere, som sv\u00e6rt mange tok i mot. Arrang\u00f8rene av toget estimerte at hele 3200 personer deltok i 1. mai-toget i \u00e5r.<\/p>\n\n\n\n<p class=\"has-text-align-center\">Bilder fra antiimperialistisk 1. mai-markering: <\/p>\n\n\n\n<figure class=\"wp-block-image size-full\"><img data-recalc-dims=\"1\" loading=\"lazy\" decoding=\"async\" width=\"810\" height=\"418\" src=\"https:\/\/i0.wp.com\/kampkomiteen.net\/wp-content\/uploads\/2026\/05\/Nordre1.jpg?resize=810%2C418&#038;ssl=1\" alt=\"\" class=\"wp-image-11142\" srcset=\"https:\/\/i0.wp.com\/kampkomiteen.net\/wp-content\/uploads\/2026\/05\/Nordre1.jpg?w=1355&amp;ssl=1 1355w, https:\/\/i0.wp.com\/kampkomiteen.net\/wp-content\/uploads\/2026\/05\/Nordre1.jpg?resize=1000%2C517&amp;ssl=1 1000w, https:\/\/i0.wp.com\/kampkomiteen.net\/wp-content\/uploads\/2026\/05\/Nordre1.jpg?resize=768%2C397&amp;ssl=1 768w\" sizes=\"auto, (max-width: 810px) 100vw, 810px\" \/><\/figure>\n\n\n\n<figure class=\"wp-block-gallery has-nested-images columns-default is-cropped wp-block-gallery-1 is-layout-flex wp-block-gallery-is-layout-flex\">\n<figure class=\"wp-block-image size-large\"><img data-recalc-dims=\"1\" loading=\"lazy\" decoding=\"async\" width=\"810\" height=\"540\" data-id=\"11135\" src=\"https:\/\/i0.wp.com\/kampkomiteen.net\/wp-content\/uploads\/2026\/05\/Nordre3.jpg?resize=810%2C540&#038;ssl=1\" alt=\"\" class=\"wp-image-11135\" srcset=\"https:\/\/i0.wp.com\/kampkomiteen.net\/wp-content\/uploads\/2026\/05\/Nordre3.jpg?w=1050&amp;ssl=1 1050w, https:\/\/i0.wp.com\/kampkomiteen.net\/wp-content\/uploads\/2026\/05\/Nordre3.jpg?resize=1000%2C667&amp;ssl=1 1000w, https:\/\/i0.wp.com\/kampkomiteen.net\/wp-content\/uploads\/2026\/05\/Nordre3.jpg?resize=768%2C512&amp;ssl=1 768w, https:\/\/i0.wp.com\/kampkomiteen.net\/wp-content\/uploads\/2026\/05\/Nordre3.jpg?resize=120%2C80&amp;ssl=1 120w\" sizes=\"auto, (max-width: 810px) 100vw, 810px\" \/><\/figure>\n\n\n\n<figure class=\"wp-block-image size-large\"><img data-recalc-dims=\"1\" loading=\"lazy\" decoding=\"async\" width=\"810\" height=\"540\" data-id=\"11136\" src=\"https:\/\/i0.wp.com\/kampkomiteen.net\/wp-content\/uploads\/2026\/05\/Nordre4.jpg?resize=810%2C540&#038;ssl=1\" alt=\"\" class=\"wp-image-11136\" srcset=\"https:\/\/i0.wp.com\/kampkomiteen.net\/wp-content\/uploads\/2026\/05\/Nordre4.jpg?w=1050&amp;ssl=1 1050w, https:\/\/i0.wp.com\/kampkomiteen.net\/wp-content\/uploads\/2026\/05\/Nordre4.jpg?resize=1000%2C667&amp;ssl=1 1000w, https:\/\/i0.wp.com\/kampkomiteen.net\/wp-content\/uploads\/2026\/05\/Nordre4.jpg?resize=768%2C512&amp;ssl=1 768w, https:\/\/i0.wp.com\/kampkomiteen.net\/wp-content\/uploads\/2026\/05\/Nordre4.jpg?resize=120%2C80&amp;ssl=1 120w\" sizes=\"auto, (max-width: 810px) 100vw, 810px\" \/><\/figure>\n<\/figure>\n\n\n\n<figure class=\"wp-block-image size-full\"><img data-recalc-dims=\"1\" loading=\"lazy\" decoding=\"async\" width=\"810\" height=\"540\" src=\"https:\/\/i0.wp.com\/kampkomiteen.net\/wp-content\/uploads\/2026\/05\/Nordre7.jpg?resize=810%2C540&#038;ssl=1\" alt=\"\" class=\"wp-image-11134\" srcset=\"https:\/\/i0.wp.com\/kampkomiteen.net\/wp-content\/uploads\/2026\/05\/Nordre7.jpg?w=1050&amp;ssl=1 1050w, https:\/\/i0.wp.com\/kampkomiteen.net\/wp-content\/uploads\/2026\/05\/Nordre7.jpg?resize=1000%2C667&amp;ssl=1 1000w, https:\/\/i0.wp.com\/kampkomiteen.net\/wp-content\/uploads\/2026\/05\/Nordre7.jpg?resize=768%2C512&amp;ssl=1 768w, https:\/\/i0.wp.com\/kampkomiteen.net\/wp-content\/uploads\/2026\/05\/Nordre7.jpg?resize=120%2C80&amp;ssl=1 120w\" sizes=\"auto, (max-width: 810px) 100vw, 810px\" \/><\/figure>\n\n\n\n<figure class=\"wp-block-image size-full\"><img data-recalc-dims=\"1\" loading=\"lazy\" decoding=\"async\" width=\"810\" height=\"436\" src=\"https:\/\/i0.wp.com\/kampkomiteen.net\/wp-content\/uploads\/2026\/05\/Nordre2.jpg?resize=810%2C436&#038;ssl=1\" alt=\"\" class=\"wp-image-11137\" srcset=\"https:\/\/i0.wp.com\/kampkomiteen.net\/wp-content\/uploads\/2026\/05\/Nordre2.jpg?w=1299&amp;ssl=1 1299w, https:\/\/i0.wp.com\/kampkomiteen.net\/wp-content\/uploads\/2026\/05\/Nordre2.jpg?resize=1000%2C539&amp;ssl=1 1000w, https:\/\/i0.wp.com\/kampkomiteen.net\/wp-content\/uploads\/2026\/05\/Nordre2.jpg?resize=768%2C414&amp;ssl=1 768w\" sizes=\"auto, (max-width: 810px) 100vw, 810px\" \/><\/figure>\n\n\n\n<figure class=\"wp-block-image size-full\"><img data-recalc-dims=\"1\" loading=\"lazy\" decoding=\"async\" width=\"810\" height=\"452\" src=\"https:\/\/i0.wp.com\/kampkomiteen.net\/wp-content\/uploads\/2026\/05\/Nordre5.jpg?resize=810%2C452&#038;ssl=1\" alt=\"\" class=\"wp-image-11138\" srcset=\"https:\/\/i0.wp.com\/kampkomiteen.net\/wp-content\/uploads\/2026\/05\/Nordre5.jpg?w=993&amp;ssl=1 993w, https:\/\/i0.wp.com\/kampkomiteen.net\/wp-content\/uploads\/2026\/05\/Nordre5.jpg?resize=768%2C428&amp;ssl=1 768w\" sizes=\"auto, (max-width: 810px) 100vw, 810px\" \/><\/figure>\n\n\n\n<figure class=\"wp-block-gallery has-nested-images columns-default is-cropped wp-block-gallery-2 is-layout-flex wp-block-gallery-is-layout-flex\">\n<figure class=\"wp-block-image size-large\"><img data-recalc-dims=\"1\" loading=\"lazy\" decoding=\"async\" width=\"810\" height=\"540\" data-id=\"11140\" src=\"https:\/\/i0.wp.com\/kampkomiteen.net\/wp-content\/uploads\/2026\/05\/Nordre8.jpg?resize=810%2C540&#038;ssl=1\" alt=\"\" class=\"wp-image-11140\" srcset=\"https:\/\/i0.wp.com\/kampkomiteen.net\/wp-content\/uploads\/2026\/05\/Nordre8.jpg?w=1050&amp;ssl=1 1050w, https:\/\/i0.wp.com\/kampkomiteen.net\/wp-content\/uploads\/2026\/05\/Nordre8.jpg?resize=1000%2C667&amp;ssl=1 1000w, https:\/\/i0.wp.com\/kampkomiteen.net\/wp-content\/uploads\/2026\/05\/Nordre8.jpg?resize=768%2C512&amp;ssl=1 768w, https:\/\/i0.wp.com\/kampkomiteen.net\/wp-content\/uploads\/2026\/05\/Nordre8.jpg?resize=120%2C80&amp;ssl=1 120w\" sizes=\"auto, (max-width: 810px) 100vw, 810px\" \/><\/figure>\n\n\n\n<figure class=\"wp-block-image size-large\"><img data-recalc-dims=\"1\" loading=\"lazy\" decoding=\"async\" width=\"810\" height=\"540\" data-id=\"11139\" src=\"https:\/\/i0.wp.com\/kampkomiteen.net\/wp-content\/uploads\/2026\/05\/Nordre6.jpg?resize=810%2C540&#038;ssl=1\" alt=\"\" class=\"wp-image-11139\" srcset=\"https:\/\/i0.wp.com\/kampkomiteen.net\/wp-content\/uploads\/2026\/05\/Nordre6.jpg?w=1050&amp;ssl=1 1050w, https:\/\/i0.wp.com\/kampkomiteen.net\/wp-content\/uploads\/2026\/05\/Nordre6.jpg?resize=1000%2C667&amp;ssl=1 1000w, https:\/\/i0.wp.com\/kampkomiteen.net\/wp-content\/uploads\/2026\/05\/Nordre6.jpg?resize=768%2C512&amp;ssl=1 768w, https:\/\/i0.wp.com\/kampkomiteen.net\/wp-content\/uploads\/2026\/05\/Nordre6.jpg?resize=120%2C80&amp;ssl=1 120w\" sizes=\"auto, (max-width: 810px) 100vw, 810px\" \/><\/figure>\n<\/figure>\n\n\n\n<p class=\"has-text-align-center\">Bilder fra 1. mai-toget:<\/p>\n\n\n\n<figure class=\"wp-block-image size-full\"><img data-recalc-dims=\"1\" loading=\"lazy\" decoding=\"async\" width=\"810\" height=\"602\" src=\"https:\/\/i0.wp.com\/kampkomiteen.net\/wp-content\/uploads\/2026\/05\/Tog2.jpg?resize=810%2C602&#038;ssl=1\" alt=\"\" class=\"wp-image-11143\" srcset=\"https:\/\/i0.wp.com\/kampkomiteen.net\/wp-content\/uploads\/2026\/05\/Tog2.jpg?w=942&amp;ssl=1 942w, https:\/\/i0.wp.com\/kampkomiteen.net\/wp-content\/uploads\/2026\/05\/Tog2.jpg?resize=768%2C571&amp;ssl=1 768w\" sizes=\"auto, (max-width: 810px) 100vw, 810px\" \/><\/figure>\n\n\n\n<figure class=\"wp-block-gallery has-nested-images columns-default is-cropped wp-block-gallery-3 is-layout-flex wp-block-gallery-is-layout-flex\">\n<figure class=\"wp-block-image size-large\"><img data-recalc-dims=\"1\" loading=\"lazy\" decoding=\"async\" width=\"810\" height=\"540\" data-id=\"11144\" src=\"https:\/\/i0.wp.com\/kampkomiteen.net\/wp-content\/uploads\/2026\/05\/Tog4.jpg?resize=810%2C540&#038;ssl=1\" alt=\"\" class=\"wp-image-11144\" srcset=\"https:\/\/i0.wp.com\/kampkomiteen.net\/wp-content\/uploads\/2026\/05\/Tog4.jpg?w=1050&amp;ssl=1 1050w, https:\/\/i0.wp.com\/kampkomiteen.net\/wp-content\/uploads\/2026\/05\/Tog4.jpg?resize=1000%2C667&amp;ssl=1 1000w, https:\/\/i0.wp.com\/kampkomiteen.net\/wp-content\/uploads\/2026\/05\/Tog4.jpg?resize=768%2C512&amp;ssl=1 768w, https:\/\/i0.wp.com\/kampkomiteen.net\/wp-content\/uploads\/2026\/05\/Tog4.jpg?resize=120%2C80&amp;ssl=1 120w\" sizes=\"auto, (max-width: 810px) 100vw, 810px\" \/><\/figure>\n<\/figure>\n\n\n\n<figure class=\"wp-block-image size-full\"><img data-recalc-dims=\"1\" loading=\"lazy\" decoding=\"async\" width=\"810\" height=\"528\" src=\"https:\/\/i0.wp.com\/kampkomiteen.net\/wp-content\/uploads\/2026\/05\/Tog7.jpg?resize=810%2C528&#038;ssl=1\" alt=\"\" class=\"wp-image-11154\" srcset=\"https:\/\/i0.wp.com\/kampkomiteen.net\/wp-content\/uploads\/2026\/05\/Tog7.jpg?w=1073&amp;ssl=1 1073w, https:\/\/i0.wp.com\/kampkomiteen.net\/wp-content\/uploads\/2026\/05\/Tog7.jpg?resize=1000%2C652&amp;ssl=1 1000w, https:\/\/i0.wp.com\/kampkomiteen.net\/wp-content\/uploads\/2026\/05\/Tog7.jpg?resize=768%2C501&amp;ssl=1 768w\" sizes=\"auto, (max-width: 810px) 100vw, 810px\" \/><\/figure>\n\n\n\n<figure class=\"wp-block-image size-full\"><img data-recalc-dims=\"1\" loading=\"lazy\" decoding=\"async\" width=\"810\" height=\"601\" src=\"https:\/\/i0.wp.com\/kampkomiteen.net\/wp-content\/uploads\/2026\/05\/Tog5.jpg?resize=810%2C601&#038;ssl=1\" alt=\"\" class=\"wp-image-11145\" srcset=\"https:\/\/i0.wp.com\/kampkomiteen.net\/wp-content\/uploads\/2026\/05\/Tog5.jpg?w=943&amp;ssl=1 943w, https:\/\/i0.wp.com\/kampkomiteen.net\/wp-content\/uploads\/2026\/05\/Tog5.jpg?resize=768%2C570&amp;ssl=1 768w\" sizes=\"auto, (max-width: 810px) 100vw, 810px\" \/><\/figure>\n\n\n\n<figure class=\"wp-block-image size-full\"><img data-recalc-dims=\"1\" loading=\"lazy\" decoding=\"async\" width=\"810\" height=\"635\" src=\"https:\/\/i0.wp.com\/kampkomiteen.net\/wp-content\/uploads\/2026\/05\/Tog3.jpg?resize=810%2C635&#038;ssl=1\" alt=\"\" class=\"wp-image-11147\" srcset=\"https:\/\/i0.wp.com\/kampkomiteen.net\/wp-content\/uploads\/2026\/05\/Tog3.jpg?w=893&amp;ssl=1 893w, https:\/\/i0.wp.com\/kampkomiteen.net\/wp-content\/uploads\/2026\/05\/Tog3.jpg?resize=768%2C602&amp;ssl=1 768w\" sizes=\"auto, (max-width: 810px) 100vw, 810px\" \/><\/figure>\n","protected":false},"excerpt":{"rendered":"<p>I Trondheim har Kampkomiteen markert arbeidernes internasjonale kampdag til st\u00f8tte for folkets kamp i Palestina og India.<\/p>\n","protected":false},"author":8,"featured_media":11143,"comment_status":"closed","ping_status":"","sticky":false,"template":"","format":"standard","meta":{"advanced_seo_description":"","jetpack_seo_html_title":"","jetpack_seo_noindex":false,"_jetpack_memberships_contains_paid_content":false,"footnotes":""},"categories":[1],"tags":[26,48,4,49,21,12],"class_list":["post-11118","post","type-post","status-publish","format-standard","has-post-thumbnail","hentry","category-uncategorized","tag-1-mai","tag-antiimperialisme","tag-demonstrasjon","tag-india","tag-palestina","tag-trondheim"],"jetpack_featured_media_url":"https:\/\/i0.wp.com\/kampkomiteen.net\/wp-content\/uploads\/2026\/05\/Tog2.jpg?fit=942%2C700&ssl=1","jetpack_shortlink":"https:\/\/wp.me\/pchuPf-2Tk","jetpack-related-posts":[{"id":8807,"url":"https:\/\/kampkomiteen.net\/?p=8807","url_meta":{"origin":11118,"position":0},"title":"Trondheim: Antiimperialistisk 1. mai","author":"Kampkomiteen","date":"1. mai 2025","format":false,"excerpt":"I Trondheim har Kampkomiteen markert 1. mai til st\u00f8tte for folkets kamp i Palestina og Brasil.","rel":"","context":"i \"1. mai\"","block_context":{"text":"1. mai","link":"https:\/\/kampkomiteen.net\/?tag=1-mai"},"img":{"alt_text":"","src":"https:\/\/i0.wp.com\/kampkomiteen.net\/wp-content\/uploads\/2025\/05\/1.mai-trondheim.jpg?fit=602%2C401&ssl=1&resize=350%2C200","width":350,"height":200,"srcset":"https:\/\/i0.wp.com\/kampkomiteen.net\/wp-content\/uploads\/2025\/05\/1.mai-trondheim.jpg?fit=602%2C401&ssl=1&resize=350%2C200 1x, https:\/\/i0.wp.com\/kampkomiteen.net\/wp-content\/uploads\/2025\/05\/1.mai-trondheim.jpg?fit=602%2C401&ssl=1&resize=525%2C300 1.5x"},"classes":[]},{"id":9962,"url":"https:\/\/kampkomiteen.net\/?p=9962","url_meta":{"origin":11118,"position":1},"title":"Trondheim: \u00c5pent m\u00f8te om den palestinske motstandskampen","author":"Kampkomiteen","date":"11. november 2025","format":false,"excerpt":"Mandag 10. november holdt Kampkomiteen et \u00e5pent m\u00f8te om temaet \u00abPalestina - 77 \u00e5r med kamp.\u00bb","rel":"","context":"i \"Antiimperialisme\"","block_context":{"text":"Antiimperialisme","link":"https:\/\/kampkomiteen.net\/?tag=antiimperialisme"},"img":{"alt_text":"","src":"https:\/\/i0.wp.com\/kampkomiteen.net\/wp-content\/uploads\/2025\/11\/Apentmote1.jpg?fit=1181%2C700&ssl=1&resize=350%2C200","width":350,"height":200,"srcset":"https:\/\/i0.wp.com\/kampkomiteen.net\/wp-content\/uploads\/2025\/11\/Apentmote1.jpg?fit=1181%2C700&ssl=1&resize=350%2C200 1x, https:\/\/i0.wp.com\/kampkomiteen.net\/wp-content\/uploads\/2025\/11\/Apentmote1.jpg?fit=1181%2C700&ssl=1&resize=525%2C300 1.5x, https:\/\/i0.wp.com\/kampkomiteen.net\/wp-content\/uploads\/2025\/11\/Apentmote1.jpg?fit=1181%2C700&ssl=1&resize=700%2C400 2x, https:\/\/i0.wp.com\/kampkomiteen.net\/wp-content\/uploads\/2025\/11\/Apentmote1.jpg?fit=1181%2C700&ssl=1&resize=1050%2C600 3x"},"classes":[]},{"id":10981,"url":"https:\/\/kampkomiteen.net\/?p=10981","url_meta":{"origin":11118,"position":2},"title":"Trondheim: Bli med p\u00e5 antiimperialistisk 1. mai!","author":"Kampkomiteen","date":"25. april 2026","format":false,"excerpt":"Bli med Kampkomiteen i Trondheim p\u00e5 antiimperialistisk 1. mai-markering!","rel":"","context":"i \"1. mai\"","block_context":{"text":"1. mai","link":"https:\/\/kampkomiteen.net\/?tag=1-mai"},"img":{"alt_text":"","src":"https:\/\/i0.wp.com\/kampkomiteen.net\/wp-content\/uploads\/2026\/04\/1-Mai-for-KK-nettside.png?fit=850%2C550&ssl=1&resize=350%2C200","width":350,"height":200,"srcset":"https:\/\/i0.wp.com\/kampkomiteen.net\/wp-content\/uploads\/2026\/04\/1-Mai-for-KK-nettside.png?fit=850%2C550&ssl=1&resize=350%2C200 1x, https:\/\/i0.wp.com\/kampkomiteen.net\/wp-content\/uploads\/2026\/04\/1-Mai-for-KK-nettside.png?fit=850%2C550&ssl=1&resize=525%2C300 1.5x, https:\/\/i0.wp.com\/kampkomiteen.net\/wp-content\/uploads\/2026\/04\/1-Mai-for-KK-nettside.png?fit=850%2C550&ssl=1&resize=700%2C400 2x"},"classes":[]},{"id":8720,"url":"https:\/\/kampkomiteen.net\/?p=8720","url_meta":{"origin":11118,"position":3},"title":"Trondheim: Bli med p\u00e5 antiimperialistisk 1. mai!","author":"Kampkomiteen","date":"25. april 2025","format":false,"excerpt":"Bli med Kampkomiteen i Trondheim p\u00e5 antiimperialistisk 1. mai-markering!","rel":"","context":"i \"1. mai\"","block_context":{"text":"1. mai","link":"https:\/\/kampkomiteen.net\/?tag=1-mai"},"img":{"alt_text":"","src":"https:\/\/i0.wp.com\/kampkomiteen.net\/wp-content\/uploads\/2025\/04\/1.mai_.jpg?fit=602%2C401&ssl=1&resize=350%2C200","width":350,"height":200,"srcset":"https:\/\/i0.wp.com\/kampkomiteen.net\/wp-content\/uploads\/2025\/04\/1.mai_.jpg?fit=602%2C401&ssl=1&resize=350%2C200 1x, https:\/\/i0.wp.com\/kampkomiteen.net\/wp-content\/uploads\/2025\/04\/1.mai_.jpg?fit=602%2C401&ssl=1&resize=525%2C300 1.5x"},"classes":[]},{"id":9190,"url":"https:\/\/kampkomiteen.net\/?p=9190","url_meta":{"origin":11118,"position":4},"title":"Oslo: Nabolagsaktivitet for Palestina og folkets kamp i India","author":"Kampkomiteen","date":"20. juli 2025","format":false,"excerpt":"Kampkomiteen i Oslo arrangerte en sosial og politisk aktivitet p\u00e5 Haugenstua p\u00e5 Stovner i Oslo, til st\u00f8tte for Palestina og folkets kamp i India, med fotball og politiske diskusjoner.","rel":"","context":"i \"India\"","block_context":{"text":"India","link":"https:\/\/kampkomiteen.net\/?tag=india"},"img":{"alt_text":"","src":"https:\/\/i0.wp.com\/kampkomiteen.net\/wp-content\/uploads\/2025\/07\/hovedbilde.jpg?fit=1200%2C670&ssl=1&resize=350%2C200","width":350,"height":200,"srcset":"https:\/\/i0.wp.com\/kampkomiteen.net\/wp-content\/uploads\/2025\/07\/hovedbilde.jpg?fit=1200%2C670&ssl=1&resize=350%2C200 1x, https:\/\/i0.wp.com\/kampkomiteen.net\/wp-content\/uploads\/2025\/07\/hovedbilde.jpg?fit=1200%2C670&ssl=1&resize=525%2C300 1.5x, https:\/\/i0.wp.com\/kampkomiteen.net\/wp-content\/uploads\/2025\/07\/hovedbilde.jpg?fit=1200%2C670&ssl=1&resize=700%2C400 2x, https:\/\/i0.wp.com\/kampkomiteen.net\/wp-content\/uploads\/2025\/07\/hovedbilde.jpg?fit=1200%2C670&ssl=1&resize=1050%2C600 3x"},"classes":[]},{"id":7381,"url":"https:\/\/kampkomiteen.net\/?p=7381","url_meta":{"origin":11118,"position":5},"title":"Trondheim: Nakba-markering","author":"Kampkomiteen","date":"17. mai 2024","format":false,"excerpt":"Onsdag 15. mai markerte aktivister fra Kampkomiteen i Trondheim Nakba med \u00e5 delta p\u00e5 ei markering og et m\u00f8te, samt dele ut l\u00f8pesedler i sentrum.","rel":"","context":"i \"Demonstrasjon\"","block_context":{"text":"Demonstrasjon","link":"https:\/\/kampkomiteen.net\/?tag=demonstrasjon"},"img":{"alt_text":"","src":"https:\/\/i0.wp.com\/kampkomiteen.net\/wp-content\/uploads\/2024\/05\/Nakba-scaled.jpg?fit=1200%2C800&ssl=1&resize=350%2C200","width":350,"height":200,"srcset":"https:\/\/i0.wp.com\/kampkomiteen.net\/wp-content\/uploads\/2024\/05\/Nakba-scaled.jpg?fit=1200%2C800&ssl=1&resize=350%2C200 1x, https:\/\/i0.wp.com\/kampkomiteen.net\/wp-content\/uploads\/2024\/05\/Nakba-scaled.jpg?fit=1200%2C800&ssl=1&resize=525%2C300 1.5x, https:\/\/i0.wp.com\/kampkomiteen.net\/wp-content\/uploads\/2024\/05\/Nakba-scaled.jpg?fit=1200%2C800&ssl=1&resize=700%2C400 2x, https:\/\/i0.wp.com\/kampkomiteen.net\/wp-content\/uploads\/2024\/05\/Nakba-scaled.jpg?fit=1200%2C800&ssl=1&resize=1050%2C600 3x"},"classes":[]}],"jetpack_sharing_enabled":true,"_links":{"self":[{"href":"https:\/\/kampkomiteen.net\/index.php?rest_route=\/wp\/v2\/posts\/11118","targetHints":{"allow":["GET"]}}],"collection":[{"href":"https:\/\/kampkomiteen.net\/index.php?rest_route=\/wp\/v2\/posts"}],"about":[{"href":"https:\/\/kampkomiteen.net\/index.php?rest_route=\/wp\/v2\/types\/post"}],"author":[{"embeddable":true,"href":"https:\/\/kampkomiteen.net\/index.php?rest_route=\/wp\/v2\/users\/8"}],"replies":[{"embeddable":true,"href":"https:\/\/kampkomiteen.net\/index.php?rest_route=%2Fwp%2Fv2%2Fcomments&post=11118"}],"version-history":[{"count":5,"href":"https:\/\/kampkomiteen.net\/index.php?rest_route=\/wp\/v2\/posts\/11118\/revisions"}],"predecessor-version":[{"id":11155,"href":"https:\/\/kampkomiteen.net\/index.php?rest_route=\/wp\/v2\/posts\/11118\/revisions\/11155"}],"wp:featuredmedia":[{"embeddable":true,"href":"https:\/\/kampkomiteen.net\/index.php?rest_route=\/wp\/v2\/media\/11143"}],"wp:attachment":[{"href":"https:\/\/kampkomiteen.net\/index.php?rest_route=%2Fwp%2Fv2%2Fmedia&parent=11118"}],"wp:term":[{"taxonomy":"category","embeddable":true,"href":"https:\/\/kampkomiteen.net\/index.php?rest_route=%2Fwp%2Fv2%2Fcategories&post=11118"},{"taxonomy":"post_tag","embeddable":true,"href":"https:\/\/kampkomiteen.net\/index.php?rest_route=%2Fwp%2Fv2%2Ftags&post=11118"}],"curies":[{"name":"wp","href":"https:\/\/api.w.org\/{rel}","templated":true}]}}