{"id":11117,"date":"2026-05-01T20:58:54","date_gmt":"2026-05-01T18:58:54","guid":{"rendered":"https:\/\/kampkomiteen.net\/?p=11117"},"modified":"2026-05-01T21:06:58","modified_gmt":"2026-05-01T19:06:58","slug":"oslo-antiimperialistisk-1-mai","status":"publish","type":"post","link":"https:\/\/kampkomiteen.net\/?p=11117","title":{"rendered":"Oslo: Antiimperialistisk 1. mai"},"content":{"rendered":"<div id=\"fb-root\"><\/div>\n\n<p><em>Skrevet av aktivister i Oslo.<\/em><\/p>\n\n\n\n<p><strong>Kampkomiteen i Oslo markerte arbeiderklassen internasjonale kampdag 1. mai internasjonalistisk og antiimperialistisk, med egen markering i samarbeid med andre organisasjoner og i deltakelse i LOs arrangement p\u00e5 Youngstorget.<\/strong><\/p>\n\n\n\n<figure class=\"wp-block-image size-full\"><img data-recalc-dims=\"1\" loading=\"lazy\" decoding=\"async\" width=\"810\" height=\"540\" src=\"https:\/\/i0.wp.com\/kampkomiteen.net\/wp-content\/uploads\/2026\/05\/2026-05-01_1-mai_bilde-1_sladdet.jpg?resize=810%2C540&#038;ssl=1\" alt=\"\" class=\"wp-image-11120\" srcset=\"https:\/\/i0.wp.com\/kampkomiteen.net\/wp-content\/uploads\/2026\/05\/2026-05-01_1-mai_bilde-1_sladdet.jpg?w=1920&amp;ssl=1 1920w, https:\/\/i0.wp.com\/kampkomiteen.net\/wp-content\/uploads\/2026\/05\/2026-05-01_1-mai_bilde-1_sladdet.jpg?resize=1000%2C667&amp;ssl=1 1000w, https:\/\/i0.wp.com\/kampkomiteen.net\/wp-content\/uploads\/2026\/05\/2026-05-01_1-mai_bilde-1_sladdet.jpg?resize=768%2C512&amp;ssl=1 768w, https:\/\/i0.wp.com\/kampkomiteen.net\/wp-content\/uploads\/2026\/05\/2026-05-01_1-mai_bilde-1_sladdet.jpg?resize=1536%2C1024&amp;ssl=1 1536w, https:\/\/i0.wp.com\/kampkomiteen.net\/wp-content\/uploads\/2026\/05\/2026-05-01_1-mai_bilde-1_sladdet.jpg?resize=120%2C80&amp;ssl=1 120w, https:\/\/i0.wp.com\/kampkomiteen.net\/wp-content\/uploads\/2026\/05\/2026-05-01_1-mai_bilde-1_sladdet.jpg?w=1620&amp;ssl=1 1620w\" sizes=\"auto, (max-width: 810px) 100vw, 810px\" \/><\/figure>\n\n\n\n<figure class=\"wp-block-image size-full\"><img data-recalc-dims=\"1\" loading=\"lazy\" decoding=\"async\" width=\"810\" height=\"540\" src=\"https:\/\/i0.wp.com\/kampkomiteen.net\/wp-content\/uploads\/2026\/05\/2026-05-01_1-mai_bilde-1_FERDIG.jpg?resize=810%2C540&#038;ssl=1\" alt=\"\" class=\"wp-image-11131\" srcset=\"https:\/\/i0.wp.com\/kampkomiteen.net\/wp-content\/uploads\/2026\/05\/2026-05-01_1-mai_bilde-1_FERDIG.jpg?w=1920&amp;ssl=1 1920w, https:\/\/i0.wp.com\/kampkomiteen.net\/wp-content\/uploads\/2026\/05\/2026-05-01_1-mai_bilde-1_FERDIG.jpg?resize=1000%2C667&amp;ssl=1 1000w, https:\/\/i0.wp.com\/kampkomiteen.net\/wp-content\/uploads\/2026\/05\/2026-05-01_1-mai_bilde-1_FERDIG.jpg?resize=768%2C512&amp;ssl=1 768w, https:\/\/i0.wp.com\/kampkomiteen.net\/wp-content\/uploads\/2026\/05\/2026-05-01_1-mai_bilde-1_FERDIG.jpg?resize=1536%2C1024&amp;ssl=1 1536w, https:\/\/i0.wp.com\/kampkomiteen.net\/wp-content\/uploads\/2026\/05\/2026-05-01_1-mai_bilde-1_FERDIG.jpg?resize=120%2C80&amp;ssl=1 120w, https:\/\/i0.wp.com\/kampkomiteen.net\/wp-content\/uploads\/2026\/05\/2026-05-01_1-mai_bilde-1_FERDIG.jpg?w=1620&amp;ssl=1 1620w\" sizes=\"auto, (max-width: 810px) 100vw, 810px\" \/><\/figure>\n\n\n\n<p>Dagen startet med en antiimperialistisk markering p\u00e5 Gr\u00f8nland torg med appeller, sang og slagord. F\u00f8rst p\u00e5 programmet var en sangframf\u00f8ring av Morton Zakaria sammen med Zakaria Giddo Jr., Tarig Abu, Alejandro Mir og Joachim Tritone. Etterfulgt av flere appeller. I tillegg ble det gjort allsang med trommer av den sudanesiske sangen \u00abthoura\u00bb (\u00abrevolusjon\u00bb p\u00e5 arabisk).<\/p>\n\n\n\n<figure class=\"wp-block-image size-full\"><img data-recalc-dims=\"1\" loading=\"lazy\" decoding=\"async\" width=\"810\" height=\"540\" src=\"https:\/\/i0.wp.com\/kampkomiteen.net\/wp-content\/uploads\/2026\/05\/2026-05-01_1-mai_bilde-2_sladdet.jpg?resize=810%2C540&#038;ssl=1\" alt=\"\" class=\"wp-image-11121\" srcset=\"https:\/\/i0.wp.com\/kampkomiteen.net\/wp-content\/uploads\/2026\/05\/2026-05-01_1-mai_bilde-2_sladdet.jpg?w=1920&amp;ssl=1 1920w, https:\/\/i0.wp.com\/kampkomiteen.net\/wp-content\/uploads\/2026\/05\/2026-05-01_1-mai_bilde-2_sladdet.jpg?resize=1000%2C667&amp;ssl=1 1000w, https:\/\/i0.wp.com\/kampkomiteen.net\/wp-content\/uploads\/2026\/05\/2026-05-01_1-mai_bilde-2_sladdet.jpg?resize=768%2C512&amp;ssl=1 768w, https:\/\/i0.wp.com\/kampkomiteen.net\/wp-content\/uploads\/2026\/05\/2026-05-01_1-mai_bilde-2_sladdet.jpg?resize=1536%2C1024&amp;ssl=1 1536w, https:\/\/i0.wp.com\/kampkomiteen.net\/wp-content\/uploads\/2026\/05\/2026-05-01_1-mai_bilde-2_sladdet.jpg?resize=120%2C80&amp;ssl=1 120w, https:\/\/i0.wp.com\/kampkomiteen.net\/wp-content\/uploads\/2026\/05\/2026-05-01_1-mai_bilde-2_sladdet.jpg?w=1620&amp;ssl=1 1620w\" sizes=\"auto, (max-width: 810px) 100vw, 810px\" \/><\/figure>\n\n\n\n<div class=\"wp-block-columns is-layout-flex wp-container-core-columns-is-layout-9d6595d7 wp-block-columns-is-layout-flex\">\n<div class=\"wp-block-column is-layout-flow wp-block-column-is-layout-flow\">\n<figure class=\"wp-block-image size-full\"><img data-recalc-dims=\"1\" loading=\"lazy\" decoding=\"async\" width=\"810\" height=\"540\" src=\"https:\/\/i0.wp.com\/kampkomiteen.net\/wp-content\/uploads\/2026\/05\/2026-05-01_1-mai_bilde-3_sladdet.jpg?resize=810%2C540&#038;ssl=1\" alt=\"\" class=\"wp-image-11122\" srcset=\"https:\/\/i0.wp.com\/kampkomiteen.net\/wp-content\/uploads\/2026\/05\/2026-05-01_1-mai_bilde-3_sladdet.jpg?w=1920&amp;ssl=1 1920w, https:\/\/i0.wp.com\/kampkomiteen.net\/wp-content\/uploads\/2026\/05\/2026-05-01_1-mai_bilde-3_sladdet.jpg?resize=1000%2C667&amp;ssl=1 1000w, https:\/\/i0.wp.com\/kampkomiteen.net\/wp-content\/uploads\/2026\/05\/2026-05-01_1-mai_bilde-3_sladdet.jpg?resize=768%2C512&amp;ssl=1 768w, https:\/\/i0.wp.com\/kampkomiteen.net\/wp-content\/uploads\/2026\/05\/2026-05-01_1-mai_bilde-3_sladdet.jpg?resize=1536%2C1024&amp;ssl=1 1536w, https:\/\/i0.wp.com\/kampkomiteen.net\/wp-content\/uploads\/2026\/05\/2026-05-01_1-mai_bilde-3_sladdet.jpg?resize=120%2C80&amp;ssl=1 120w, https:\/\/i0.wp.com\/kampkomiteen.net\/wp-content\/uploads\/2026\/05\/2026-05-01_1-mai_bilde-3_sladdet.jpg?w=1620&amp;ssl=1 1620w\" sizes=\"auto, (max-width: 810px) 100vw, 810px\" \/><\/figure>\n<\/div>\n\n\n\n<div class=\"wp-block-column is-layout-flow wp-block-column-is-layout-flow\">\n<figure class=\"wp-block-image size-large\"><img data-recalc-dims=\"1\" loading=\"lazy\" decoding=\"async\" width=\"810\" height=\"540\" src=\"https:\/\/i0.wp.com\/kampkomiteen.net\/wp-content\/uploads\/2026\/05\/2026-05-01_1-mai_bilde-4_sladdet.jpg?resize=810%2C540&#038;ssl=1\" alt=\"\" class=\"wp-image-11123\" srcset=\"https:\/\/i0.wp.com\/kampkomiteen.net\/wp-content\/uploads\/2026\/05\/2026-05-01_1-mai_bilde-4_sladdet-scaled.jpg?resize=4000%2C2667&amp;ssl=1 4000w, https:\/\/i0.wp.com\/kampkomiteen.net\/wp-content\/uploads\/2026\/05\/2026-05-01_1-mai_bilde-4_sladdet-scaled.jpg?resize=1000%2C667&amp;ssl=1 1000w, https:\/\/i0.wp.com\/kampkomiteen.net\/wp-content\/uploads\/2026\/05\/2026-05-01_1-mai_bilde-4_sladdet-scaled.jpg?resize=768%2C512&amp;ssl=1 768w, https:\/\/i0.wp.com\/kampkomiteen.net\/wp-content\/uploads\/2026\/05\/2026-05-01_1-mai_bilde-4_sladdet-scaled.jpg?resize=1536%2C1024&amp;ssl=1 1536w, https:\/\/i0.wp.com\/kampkomiteen.net\/wp-content\/uploads\/2026\/05\/2026-05-01_1-mai_bilde-4_sladdet-scaled.jpg?resize=2048%2C1365&amp;ssl=1 2048w, https:\/\/i0.wp.com\/kampkomiteen.net\/wp-content\/uploads\/2026\/05\/2026-05-01_1-mai_bilde-4_sladdet-scaled.jpg?resize=120%2C80&amp;ssl=1 120w\" sizes=\"auto, (max-width: 810px) 100vw, 810px\" \/><\/figure>\n<\/div>\n<\/div>\n\n\n\n<p>Markeringen var utf\u00f8rt under felles hovedparole \u00abArbeidere og undertrykte i alle land, foren dere!\u00bb. Kampkomiteen deltok ogs\u00e5 med parolen \u00abKamp mot den indiske statens krig mot folket!\u00bb. Et gjennomg\u00e5ende tema i appellene, fra Iran, til Sudan og Palestina \u2013 var en gjennomg\u00e5ende ford\u00f8mming av imperialismen. Gjennom appellen og flyers satte Kampkomiteen fram nyheten om stiftelsen av Antiimperialistisk Forbund og slagordet &laquo;Antiimperialister i alle land, foren dere!&raquo;<\/p>\n\n\n\n<figure class=\"wp-block-image size-full\"><img data-recalc-dims=\"1\" loading=\"lazy\" decoding=\"async\" width=\"810\" height=\"540\" src=\"https:\/\/i0.wp.com\/kampkomiteen.net\/wp-content\/uploads\/2026\/05\/2026-05-01_1-mai_bilde-6_FERDIG.jpg?resize=810%2C540&#038;ssl=1\" alt=\"\" class=\"wp-image-11124\" srcset=\"https:\/\/i0.wp.com\/kampkomiteen.net\/wp-content\/uploads\/2026\/05\/2026-05-01_1-mai_bilde-6_FERDIG.jpg?w=1920&amp;ssl=1 1920w, https:\/\/i0.wp.com\/kampkomiteen.net\/wp-content\/uploads\/2026\/05\/2026-05-01_1-mai_bilde-6_FERDIG.jpg?resize=1000%2C667&amp;ssl=1 1000w, https:\/\/i0.wp.com\/kampkomiteen.net\/wp-content\/uploads\/2026\/05\/2026-05-01_1-mai_bilde-6_FERDIG.jpg?resize=768%2C512&amp;ssl=1 768w, https:\/\/i0.wp.com\/kampkomiteen.net\/wp-content\/uploads\/2026\/05\/2026-05-01_1-mai_bilde-6_FERDIG.jpg?resize=1536%2C1024&amp;ssl=1 1536w, https:\/\/i0.wp.com\/kampkomiteen.net\/wp-content\/uploads\/2026\/05\/2026-05-01_1-mai_bilde-6_FERDIG.jpg?resize=120%2C80&amp;ssl=1 120w, https:\/\/i0.wp.com\/kampkomiteen.net\/wp-content\/uploads\/2026\/05\/2026-05-01_1-mai_bilde-6_FERDIG.jpg?w=1620&amp;ssl=1 1620w\" sizes=\"auto, (max-width: 810px) 100vw, 810px\" \/><\/figure>\n\n\n\n<figure class=\"wp-block-image size-full\"><img data-recalc-dims=\"1\" loading=\"lazy\" decoding=\"async\" width=\"810\" height=\"540\" src=\"https:\/\/i0.wp.com\/kampkomiteen.net\/wp-content\/uploads\/2026\/05\/2026-05-01_1-mai_bilde-7_ferdig.jpg?resize=810%2C540&#038;ssl=1\" alt=\"\" class=\"wp-image-11125\" srcset=\"https:\/\/i0.wp.com\/kampkomiteen.net\/wp-content\/uploads\/2026\/05\/2026-05-01_1-mai_bilde-7_ferdig.jpg?w=1920&amp;ssl=1 1920w, https:\/\/i0.wp.com\/kampkomiteen.net\/wp-content\/uploads\/2026\/05\/2026-05-01_1-mai_bilde-7_ferdig.jpg?resize=1000%2C667&amp;ssl=1 1000w, https:\/\/i0.wp.com\/kampkomiteen.net\/wp-content\/uploads\/2026\/05\/2026-05-01_1-mai_bilde-7_ferdig.jpg?resize=768%2C512&amp;ssl=1 768w, https:\/\/i0.wp.com\/kampkomiteen.net\/wp-content\/uploads\/2026\/05\/2026-05-01_1-mai_bilde-7_ferdig.jpg?resize=1536%2C1024&amp;ssl=1 1536w, https:\/\/i0.wp.com\/kampkomiteen.net\/wp-content\/uploads\/2026\/05\/2026-05-01_1-mai_bilde-7_ferdig.jpg?resize=120%2C80&amp;ssl=1 120w, https:\/\/i0.wp.com\/kampkomiteen.net\/wp-content\/uploads\/2026\/05\/2026-05-01_1-mai_bilde-7_ferdig.jpg?w=1620&amp;ssl=1 1620w\" sizes=\"auto, (max-width: 810px) 100vw, 810px\" \/><\/figure>\n\n\n\n<p>Tilsluttet markeringen var Antiimperialistisk Forbund, Voice of Tunguli Organization, Kampkomiteen, Fritt Palestina Forening, Solidaritet Med Revolusjonen i Iran, Sudanese Women Union, Studenter for Palestina, Student Intifada, Kandaka Union Norge, Workers\u2019 Socialist Organization of Afghanistan, Met for Palestina, Kvinne, Liv, Frihet komiteen, Revolusjon\u00e6rt Kommunistisk Forbund, Resistencia Intifada, Sudanese Human Rights Activists \u2013 Norway og Handala foreningen.<\/p>\n\n\n\n<figure class=\"wp-block-image size-full\"><img data-recalc-dims=\"1\" loading=\"lazy\" decoding=\"async\" width=\"810\" height=\"540\" src=\"https:\/\/i0.wp.com\/kampkomiteen.net\/wp-content\/uploads\/2026\/05\/2026-05-01_1-mai_bilde-8_ferdig.jpg?resize=810%2C540&#038;ssl=1\" alt=\"\" class=\"wp-image-11126\" srcset=\"https:\/\/i0.wp.com\/kampkomiteen.net\/wp-content\/uploads\/2026\/05\/2026-05-01_1-mai_bilde-8_ferdig.jpg?w=1920&amp;ssl=1 1920w, https:\/\/i0.wp.com\/kampkomiteen.net\/wp-content\/uploads\/2026\/05\/2026-05-01_1-mai_bilde-8_ferdig.jpg?resize=1000%2C667&amp;ssl=1 1000w, https:\/\/i0.wp.com\/kampkomiteen.net\/wp-content\/uploads\/2026\/05\/2026-05-01_1-mai_bilde-8_ferdig.jpg?resize=768%2C512&amp;ssl=1 768w, https:\/\/i0.wp.com\/kampkomiteen.net\/wp-content\/uploads\/2026\/05\/2026-05-01_1-mai_bilde-8_ferdig.jpg?resize=1536%2C1024&amp;ssl=1 1536w, https:\/\/i0.wp.com\/kampkomiteen.net\/wp-content\/uploads\/2026\/05\/2026-05-01_1-mai_bilde-8_ferdig.jpg?resize=120%2C80&amp;ssl=1 120w, https:\/\/i0.wp.com\/kampkomiteen.net\/wp-content\/uploads\/2026\/05\/2026-05-01_1-mai_bilde-8_ferdig.jpg?w=1620&amp;ssl=1 1620w\" sizes=\"auto, (max-width: 810px) 100vw, 810px\" \/><\/figure>\n\n\n\n<figure class=\"wp-block-image size-full\"><img data-recalc-dims=\"1\" loading=\"lazy\" decoding=\"async\" width=\"810\" height=\"540\" src=\"https:\/\/i0.wp.com\/kampkomiteen.net\/wp-content\/uploads\/2026\/05\/2026-05-01_1-mai_bilde-9_ferdig.jpg?resize=810%2C540&#038;ssl=1\" alt=\"\" class=\"wp-image-11127\" srcset=\"https:\/\/i0.wp.com\/kampkomiteen.net\/wp-content\/uploads\/2026\/05\/2026-05-01_1-mai_bilde-9_ferdig.jpg?w=1920&amp;ssl=1 1920w, https:\/\/i0.wp.com\/kampkomiteen.net\/wp-content\/uploads\/2026\/05\/2026-05-01_1-mai_bilde-9_ferdig.jpg?resize=1000%2C667&amp;ssl=1 1000w, https:\/\/i0.wp.com\/kampkomiteen.net\/wp-content\/uploads\/2026\/05\/2026-05-01_1-mai_bilde-9_ferdig.jpg?resize=768%2C512&amp;ssl=1 768w, https:\/\/i0.wp.com\/kampkomiteen.net\/wp-content\/uploads\/2026\/05\/2026-05-01_1-mai_bilde-9_ferdig.jpg?resize=1536%2C1024&amp;ssl=1 1536w, https:\/\/i0.wp.com\/kampkomiteen.net\/wp-content\/uploads\/2026\/05\/2026-05-01_1-mai_bilde-9_ferdig.jpg?resize=120%2C80&amp;ssl=1 120w, https:\/\/i0.wp.com\/kampkomiteen.net\/wp-content\/uploads\/2026\/05\/2026-05-01_1-mai_bilde-9_ferdig.jpg?w=1620&amp;ssl=1 1620w\" sizes=\"auto, (max-width: 810px) 100vw, 810px\" \/><\/figure>\n\n\n\n<p>P\u00e5 Youngstorget fortsatte den antiimperialistiske blokken. Med de treffende slagordene og den gode energien, med trommer, slagord og vaiende flagg, trakk blokken til seg enda flere deltakere. Det ble ropt slagord som blant annet \u00abStyrk den internasjonale solidaritet!\u00bb, \u00abLeve kampen for nydemokrati \u2013 Indias folk vil sl\u00e5 seg fri!\u00bb, \u00abKamp mot forf\u00f8lgelse fra politi og PST!\u00bb, og \u00abHenda vekk fra Iran, Henda vekk fra Sudan, Henda vekk fra Libanon&#8230;\u00bb. Fanene til Antiimperialistisk forbund (AIL) og Fattigb\u00f8ndenes forbund (LCP) ble ogs\u00e5 reist.<\/p>\n\n\n\n<figure class=\"wp-block-image size-full\"><img data-recalc-dims=\"1\" loading=\"lazy\" decoding=\"async\" width=\"810\" height=\"540\" src=\"https:\/\/i0.wp.com\/kampkomiteen.net\/wp-content\/uploads\/2026\/05\/2026-05-01_1-mai_bilde-11_ferdig.jpg?resize=810%2C540&#038;ssl=1\" alt=\"\" class=\"wp-image-11128\" srcset=\"https:\/\/i0.wp.com\/kampkomiteen.net\/wp-content\/uploads\/2026\/05\/2026-05-01_1-mai_bilde-11_ferdig.jpg?w=1920&amp;ssl=1 1920w, https:\/\/i0.wp.com\/kampkomiteen.net\/wp-content\/uploads\/2026\/05\/2026-05-01_1-mai_bilde-11_ferdig.jpg?resize=1000%2C667&amp;ssl=1 1000w, https:\/\/i0.wp.com\/kampkomiteen.net\/wp-content\/uploads\/2026\/05\/2026-05-01_1-mai_bilde-11_ferdig.jpg?resize=768%2C512&amp;ssl=1 768w, https:\/\/i0.wp.com\/kampkomiteen.net\/wp-content\/uploads\/2026\/05\/2026-05-01_1-mai_bilde-11_ferdig.jpg?resize=1536%2C1024&amp;ssl=1 1536w, https:\/\/i0.wp.com\/kampkomiteen.net\/wp-content\/uploads\/2026\/05\/2026-05-01_1-mai_bilde-11_ferdig.jpg?resize=120%2C80&amp;ssl=1 120w, https:\/\/i0.wp.com\/kampkomiteen.net\/wp-content\/uploads\/2026\/05\/2026-05-01_1-mai_bilde-11_ferdig.jpg?w=1620&amp;ssl=1 1620w\" sizes=\"auto, (max-width: 810px) 100vw, 810px\" \/><\/figure>\n\n\n\n<figure class=\"wp-block-image size-full\"><img data-recalc-dims=\"1\" loading=\"lazy\" decoding=\"async\" width=\"810\" height=\"540\" src=\"https:\/\/i0.wp.com\/kampkomiteen.net\/wp-content\/uploads\/2026\/05\/2026-05-01_1-mai_bilde-12_ferdig.jpg?resize=810%2C540&#038;ssl=1\" alt=\"\" class=\"wp-image-11129\" srcset=\"https:\/\/i0.wp.com\/kampkomiteen.net\/wp-content\/uploads\/2026\/05\/2026-05-01_1-mai_bilde-12_ferdig.jpg?w=1920&amp;ssl=1 1920w, https:\/\/i0.wp.com\/kampkomiteen.net\/wp-content\/uploads\/2026\/05\/2026-05-01_1-mai_bilde-12_ferdig.jpg?resize=1000%2C667&amp;ssl=1 1000w, https:\/\/i0.wp.com\/kampkomiteen.net\/wp-content\/uploads\/2026\/05\/2026-05-01_1-mai_bilde-12_ferdig.jpg?resize=768%2C512&amp;ssl=1 768w, https:\/\/i0.wp.com\/kampkomiteen.net\/wp-content\/uploads\/2026\/05\/2026-05-01_1-mai_bilde-12_ferdig.jpg?resize=1536%2C1024&amp;ssl=1 1536w, https:\/\/i0.wp.com\/kampkomiteen.net\/wp-content\/uploads\/2026\/05\/2026-05-01_1-mai_bilde-12_ferdig.jpg?resize=120%2C80&amp;ssl=1 120w, https:\/\/i0.wp.com\/kampkomiteen.net\/wp-content\/uploads\/2026\/05\/2026-05-01_1-mai_bilde-12_ferdig.jpg?w=1620&amp;ssl=1 1620w\" sizes=\"auto, (max-width: 810px) 100vw, 810px\" \/><\/figure>\n\n\n\n<figure class=\"wp-block-image size-full\"><img data-recalc-dims=\"1\" loading=\"lazy\" decoding=\"async\" width=\"810\" height=\"540\" src=\"https:\/\/i0.wp.com\/kampkomiteen.net\/wp-content\/uploads\/2026\/05\/2026-05-01_1-mai_bilde-13_ferdig.jpg?resize=810%2C540&#038;ssl=1\" alt=\"\" class=\"wp-image-11130\" srcset=\"https:\/\/i0.wp.com\/kampkomiteen.net\/wp-content\/uploads\/2026\/05\/2026-05-01_1-mai_bilde-13_ferdig.jpg?w=1920&amp;ssl=1 1920w, https:\/\/i0.wp.com\/kampkomiteen.net\/wp-content\/uploads\/2026\/05\/2026-05-01_1-mai_bilde-13_ferdig.jpg?resize=1000%2C667&amp;ssl=1 1000w, https:\/\/i0.wp.com\/kampkomiteen.net\/wp-content\/uploads\/2026\/05\/2026-05-01_1-mai_bilde-13_ferdig.jpg?resize=768%2C512&amp;ssl=1 768w, https:\/\/i0.wp.com\/kampkomiteen.net\/wp-content\/uploads\/2026\/05\/2026-05-01_1-mai_bilde-13_ferdig.jpg?resize=1536%2C1024&amp;ssl=1 1536w, https:\/\/i0.wp.com\/kampkomiteen.net\/wp-content\/uploads\/2026\/05\/2026-05-01_1-mai_bilde-13_ferdig.jpg?resize=120%2C80&amp;ssl=1 120w, https:\/\/i0.wp.com\/kampkomiteen.net\/wp-content\/uploads\/2026\/05\/2026-05-01_1-mai_bilde-13_ferdig.jpg?w=1620&amp;ssl=1 1620w\" sizes=\"auto, (max-width: 810px) 100vw, 810px\" \/><\/figure>\n","protected":false},"excerpt":{"rendered":"<p>Kampkomiteen i Oslo markerte arbeiderklassen internasjonale kampdag 1. mai internasjonalistisk og antiimperialistisk, med egen markering sammen i samarbeid med andre organisasjoner og i deltakelse i LOs arrangement p\u00e5 Youngstorget.<\/p>\n","protected":false},"author":8,"featured_media":11119,"comment_status":"closed","ping_status":"","sticky":false,"template":"","format":"standard","meta":{"advanced_seo_description":"","jetpack_seo_html_title":"","jetpack_seo_noindex":false,"_jetpack_memberships_contains_paid_content":false,"footnotes":""},"categories":[1],"tags":[26,48,4,49,21,47,98],"class_list":["post-11117","post","type-post","status-publish","format-standard","has-post-thumbnail","hentry","category-uncategorized","tag-1-mai","tag-antiimperialisme","tag-demonstrasjon","tag-india","tag-palestina","tag-solidaritet","tag-sudan"],"jetpack_featured_media_url":"https:\/\/i0.wp.com\/kampkomiteen.net\/wp-content\/uploads\/2026\/05\/2026-05-01_1-mai_bilde-10_ferdig.jpg?fit=1920%2C1280&ssl=1","jetpack_shortlink":"https:\/\/wp.me\/pchuPf-2Tj","jetpack-related-posts":[{"id":10583,"url":"https:\/\/kampkomiteen.net\/?p=10583","url_meta":{"origin":11117,"position":0},"title":"Oslo: Bli med p\u00e5 antiimperialistisk 8. mars!","author":"Kampkomiteen","date":"1. mars 2026","format":false,"excerpt":"Bli med p\u00e5 internasjonalistisk og antiimperialistisk 8. mars! Det blir markering med appeller p\u00e5 Gr\u00f8nland torg, deretter demonstrasjonstog til Youngstorget og videre deltakelse p\u00e5 8. Marskomiteens markering.","rel":"","context":"i \"8. mars\"","block_context":{"text":"8. mars","link":"https:\/\/kampkomiteen.net\/?tag=8-mars"},"img":{"alt_text":"","src":"https:\/\/i0.wp.com\/kampkomiteen.net\/wp-content\/uploads\/2026\/03\/2026-02-26_Delebilde-8-mars-v1_croppa.png?fit=1200%2C1008&ssl=1&resize=350%2C200","width":350,"height":200,"srcset":"https:\/\/i0.wp.com\/kampkomiteen.net\/wp-content\/uploads\/2026\/03\/2026-02-26_Delebilde-8-mars-v1_croppa.png?fit=1200%2C1008&ssl=1&resize=350%2C200 1x, https:\/\/i0.wp.com\/kampkomiteen.net\/wp-content\/uploads\/2026\/03\/2026-02-26_Delebilde-8-mars-v1_croppa.png?fit=1200%2C1008&ssl=1&resize=525%2C300 1.5x, https:\/\/i0.wp.com\/kampkomiteen.net\/wp-content\/uploads\/2026\/03\/2026-02-26_Delebilde-8-mars-v1_croppa.png?fit=1200%2C1008&ssl=1&resize=700%2C400 2x, https:\/\/i0.wp.com\/kampkomiteen.net\/wp-content\/uploads\/2026\/03\/2026-02-26_Delebilde-8-mars-v1_croppa.png?fit=1200%2C1008&ssl=1&resize=1050%2C600 3x"},"classes":[]},{"id":8813,"url":"https:\/\/kampkomiteen.net\/?p=8813","url_meta":{"origin":11117,"position":1},"title":"Oslo: Kjempende og antiimperialistisk 1. mai","author":"Kampkomiteen","date":"1. mai 2025","format":false,"excerpt":"1. mai ble markert med to demonstrasjoner i Oslo. Kampkomiteen reiste kampanjen for stiftelsen av Antiimperialistisk forbund, st\u00f8tte til fattigb\u00f8ndenes og folkets kamp i Brasil, og st\u00f8tte til den palestinske motstandskampen.","rel":"","context":"i \"1. mai\"","block_context":{"text":"1. mai","link":"https:\/\/kampkomiteen.net\/?tag=1-mai"},"img":{"alt_text":"","src":"https:\/\/i0.wp.com\/kampkomiteen.net\/wp-content\/uploads\/2025\/05\/2.jpg?fit=1200%2C653&ssl=1&resize=350%2C200","width":350,"height":200,"srcset":"https:\/\/i0.wp.com\/kampkomiteen.net\/wp-content\/uploads\/2025\/05\/2.jpg?fit=1200%2C653&ssl=1&resize=350%2C200 1x, https:\/\/i0.wp.com\/kampkomiteen.net\/wp-content\/uploads\/2025\/05\/2.jpg?fit=1200%2C653&ssl=1&resize=525%2C300 1.5x, https:\/\/i0.wp.com\/kampkomiteen.net\/wp-content\/uploads\/2025\/05\/2.jpg?fit=1200%2C653&ssl=1&resize=700%2C400 2x, https:\/\/i0.wp.com\/kampkomiteen.net\/wp-content\/uploads\/2025\/05\/2.jpg?fit=1200%2C653&ssl=1&resize=1050%2C600 3x"},"classes":[]},{"id":8466,"url":"https:\/\/kampkomiteen.net\/?p=8466","url_meta":{"origin":11117,"position":2},"title":"Oslo: Bli med 8. mars!","author":"Petter","date":"2. mars 2025","format":false,"excerpt":"Bli med \u00e5 marker kjempende og antiimperialistisk 8. mars i Oslo!","rel":"","context":"Liknende innlegg","block_context":{"text":"Liknende innlegg","link":""},"img":{"alt_text":"","src":"https:\/\/i0.wp.com\/kampkomiteen.net\/wp-content\/uploads\/2025\/03\/bli-med-8-mars-scaled-e1740953154177.jpg?fit=1200%2C718&ssl=1&resize=350%2C200","width":350,"height":200,"srcset":"https:\/\/i0.wp.com\/kampkomiteen.net\/wp-content\/uploads\/2025\/03\/bli-med-8-mars-scaled-e1740953154177.jpg?fit=1200%2C718&ssl=1&resize=350%2C200 1x, https:\/\/i0.wp.com\/kampkomiteen.net\/wp-content\/uploads\/2025\/03\/bli-med-8-mars-scaled-e1740953154177.jpg?fit=1200%2C718&ssl=1&resize=525%2C300 1.5x, https:\/\/i0.wp.com\/kampkomiteen.net\/wp-content\/uploads\/2025\/03\/bli-med-8-mars-scaled-e1740953154177.jpg?fit=1200%2C718&ssl=1&resize=700%2C400 2x, https:\/\/i0.wp.com\/kampkomiteen.net\/wp-content\/uploads\/2025\/03\/bli-med-8-mars-scaled-e1740953154177.jpg?fit=1200%2C718&ssl=1&resize=1050%2C600 3x"},"classes":[]},{"id":8724,"url":"https:\/\/kampkomiteen.net\/?p=8724","url_meta":{"origin":11117,"position":3},"title":"Bli med! Ut p\u00e5 gata 1. mai!","author":"Kampkomiteen","date":"25. april 2025","format":false,"excerpt":"Kampkomiteen oppfordrer til \u00e5 bli med ut p\u00e5 gater og torg for \u00e5 skape en kjempende og antiimperialistisk 1. mai. Kampkomiteen vil selv markere dagen f\u00f8lgende steder:","rel":"","context":"Liknende innlegg","block_context":{"text":"Liknende innlegg","link":""},"img":{"alt_text":"","src":"https:\/\/i0.wp.com\/kampkomiteen.net\/wp-content\/uploads\/2024\/05\/Bergen1-scaled.jpg?fit=1200%2C800&ssl=1&resize=350%2C200","width":350,"height":200,"srcset":"https:\/\/i0.wp.com\/kampkomiteen.net\/wp-content\/uploads\/2024\/05\/Bergen1-scaled.jpg?fit=1200%2C800&ssl=1&resize=350%2C200 1x, https:\/\/i0.wp.com\/kampkomiteen.net\/wp-content\/uploads\/2024\/05\/Bergen1-scaled.jpg?fit=1200%2C800&ssl=1&resize=525%2C300 1.5x, https:\/\/i0.wp.com\/kampkomiteen.net\/wp-content\/uploads\/2024\/05\/Bergen1-scaled.jpg?fit=1200%2C800&ssl=1&resize=700%2C400 2x, https:\/\/i0.wp.com\/kampkomiteen.net\/wp-content\/uploads\/2024\/05\/Bergen1-scaled.jpg?fit=1200%2C800&ssl=1&resize=1050%2C600 3x"},"classes":[]},{"id":10711,"url":"https:\/\/kampkomiteen.net\/?p=10711","url_meta":{"origin":11117,"position":4},"title":"Oslo: Antiimperialistisk 8. mars","author":"Kampkomiteen","date":"9. mars 2026","format":false,"excerpt":"Kampkomiteen i Oslo markerte 8. mars med egen markering i samarbeid med andre organisasjoner og i deltakelse i 8. marskomiteens arrangement.","rel":"","context":"i \"8. mars\"","block_context":{"text":"8. mars","link":"https:\/\/kampkomiteen.net\/?tag=8-mars"},"img":{"alt_text":"","src":"https:\/\/i0.wp.com\/kampkomiteen.net\/wp-content\/uploads\/2026\/03\/GT-YT-1.jpg?fit=1200%2C800&ssl=1&resize=350%2C200","width":350,"height":200,"srcset":"https:\/\/i0.wp.com\/kampkomiteen.net\/wp-content\/uploads\/2026\/03\/GT-YT-1.jpg?fit=1200%2C800&ssl=1&resize=350%2C200 1x, https:\/\/i0.wp.com\/kampkomiteen.net\/wp-content\/uploads\/2026\/03\/GT-YT-1.jpg?fit=1200%2C800&ssl=1&resize=525%2C300 1.5x, https:\/\/i0.wp.com\/kampkomiteen.net\/wp-content\/uploads\/2026\/03\/GT-YT-1.jpg?fit=1200%2C800&ssl=1&resize=700%2C400 2x, https:\/\/i0.wp.com\/kampkomiteen.net\/wp-content\/uploads\/2026\/03\/GT-YT-1.jpg?fit=1200%2C800&ssl=1&resize=1050%2C600 3x"},"classes":[]},{"id":10981,"url":"https:\/\/kampkomiteen.net\/?p=10981","url_meta":{"origin":11117,"position":5},"title":"Trondheim: Bli med p\u00e5 antiimperialistisk 1. mai!","author":"Kampkomiteen","date":"25. april 2026","format":false,"excerpt":"Bli med Kampkomiteen i Trondheim p\u00e5 antiimperialistisk 1. mai-markering!","rel":"","context":"i \"1. mai\"","block_context":{"text":"1. mai","link":"https:\/\/kampkomiteen.net\/?tag=1-mai"},"img":{"alt_text":"","src":"https:\/\/i0.wp.com\/kampkomiteen.net\/wp-content\/uploads\/2026\/04\/1-Mai-for-KK-nettside.png?fit=850%2C550&ssl=1&resize=350%2C200","width":350,"height":200,"srcset":"https:\/\/i0.wp.com\/kampkomiteen.net\/wp-content\/uploads\/2026\/04\/1-Mai-for-KK-nettside.png?fit=850%2C550&ssl=1&resize=350%2C200 1x, https:\/\/i0.wp.com\/kampkomiteen.net\/wp-content\/uploads\/2026\/04\/1-Mai-for-KK-nettside.png?fit=850%2C550&ssl=1&resize=525%2C300 1.5x, https:\/\/i0.wp.com\/kampkomiteen.net\/wp-content\/uploads\/2026\/04\/1-Mai-for-KK-nettside.png?fit=850%2C550&ssl=1&resize=700%2C400 2x"},"classes":[]}],"jetpack_sharing_enabled":true,"_links":{"self":[{"href":"https:\/\/kampkomiteen.net\/index.php?rest_route=\/wp\/v2\/posts\/11117","targetHints":{"allow":["GET"]}}],"collection":[{"href":"https:\/\/kampkomiteen.net\/index.php?rest_route=\/wp\/v2\/posts"}],"about":[{"href":"https:\/\/kampkomiteen.net\/index.php?rest_route=\/wp\/v2\/types\/post"}],"author":[{"embeddable":true,"href":"https:\/\/kampkomiteen.net\/index.php?rest_route=\/wp\/v2\/users\/8"}],"replies":[{"embeddable":true,"href":"https:\/\/kampkomiteen.net\/index.php?rest_route=%2Fwp%2Fv2%2Fcomments&post=11117"}],"version-history":[{"count":3,"href":"https:\/\/kampkomiteen.net\/index.php?rest_route=\/wp\/v2\/posts\/11117\/revisions"}],"predecessor-version":[{"id":11141,"href":"https:\/\/kampkomiteen.net\/index.php?rest_route=\/wp\/v2\/posts\/11117\/revisions\/11141"}],"wp:featuredmedia":[{"embeddable":true,"href":"https:\/\/kampkomiteen.net\/index.php?rest_route=\/wp\/v2\/media\/11119"}],"wp:attachment":[{"href":"https:\/\/kampkomiteen.net\/index.php?rest_route=%2Fwp%2Fv2%2Fmedia&parent=11117"}],"wp:term":[{"taxonomy":"category","embeddable":true,"href":"https:\/\/kampkomiteen.net\/index.php?rest_route=%2Fwp%2Fv2%2Fcategories&post=11117"},{"taxonomy":"post_tag","embeddable":true,"href":"https:\/\/kampkomiteen.net\/index.php?rest_route=%2Fwp%2Fv2%2Ftags&post=11117"}],"curies":[{"name":"wp","href":"https:\/\/api.w.org\/{rel}","templated":true}]}}