{"id":11085,"date":"2026-04-30T16:42:27","date_gmt":"2026-04-30T14:42:27","guid":{"rendered":"https:\/\/kampkomiteen.net\/?p=11085"},"modified":"2026-04-30T16:42:27","modified_gmt":"2026-04-30T14:42:27","slug":"trondelag-flere-plakater-for-1-mai","status":"publish","type":"post","link":"https:\/\/kampkomiteen.net\/?p=11085","title":{"rendered":"Tr\u00f8ndelag: Flere plakater for 1. mai"},"content":{"rendered":"<div id=\"fb-root\"><\/div>\n\n<p><em>Skrevet av aktivister i Trondheim.<\/em><\/p>\n\n\n\n<p><strong>Aktivister har satt opp flere plakater i Trondheim og Stj\u00f8rdal for \u00e5 mobilisere til antiimperialistisk 1. mai-markering.<\/strong><\/p>\n\n\n\n<p>Plakatene har blitt satt opp i sentrum og p\u00e5 Ila, samt p\u00e5 Saupstad og Tiller s\u00f8r i byen. Det har ogs\u00e5 blitt satt opp plakater i Stj\u00f8rdal, en by \u00f8st for Trondheim.<\/p>\n\n\n\n<p>Tidligere har aktivister mobilisert med <a href=\"https:\/\/kampkomiteen.net\/?p=11002\" data-type=\"link\" data-id=\"https:\/\/kampkomiteen.net\/?p=11002\">plakater og l\u00f8pesedler flere steder \u00f8st i byen og p\u00e5 NTNU<\/a>.<br><br><strong>Bli med!<br><a href=\"https:\/\/kampkomiteen.net\/?p=10981\" data-type=\"link\" data-id=\"https:\/\/kampkomiteen.net\/?p=10981\">Antiimperialistisk 1. mai-markering<\/a><br>Kl. 12:00 i krysset mellom Nordre gate og Thomas Angells gate<\/strong><\/p>\n\n\n\n<p class=\"has-text-align-center\">Sentrum:<\/p>\n\n\n\n<figure class=\"wp-block-gallery has-nested-images columns-default is-cropped wp-block-gallery-1 is-layout-flex wp-block-gallery-is-layout-flex\">\n<figure class=\"wp-block-image size-large\"><img data-recalc-dims=\"1\" loading=\"lazy\" decoding=\"async\" width=\"810\" height=\"540\" data-id=\"11087\" src=\"https:\/\/i0.wp.com\/kampkomiteen.net\/wp-content\/uploads\/2026\/04\/IMG_3680.jpg?resize=810%2C540&#038;ssl=1\" alt=\"\" class=\"wp-image-11087\" srcset=\"https:\/\/i0.wp.com\/kampkomiteen.net\/wp-content\/uploads\/2026\/04\/IMG_3680.jpg?w=1125&amp;ssl=1 1125w, https:\/\/i0.wp.com\/kampkomiteen.net\/wp-content\/uploads\/2026\/04\/IMG_3680.jpg?resize=1000%2C667&amp;ssl=1 1000w, https:\/\/i0.wp.com\/kampkomiteen.net\/wp-content\/uploads\/2026\/04\/IMG_3680.jpg?resize=768%2C512&amp;ssl=1 768w, https:\/\/i0.wp.com\/kampkomiteen.net\/wp-content\/uploads\/2026\/04\/IMG_3680.jpg?resize=120%2C80&amp;ssl=1 120w\" sizes=\"auto, (max-width: 810px) 100vw, 810px\" \/><\/figure>\n\n\n\n<figure class=\"wp-block-image size-large\"><img data-recalc-dims=\"1\" loading=\"lazy\" decoding=\"async\" width=\"810\" height=\"540\" data-id=\"11088\" src=\"https:\/\/i0.wp.com\/kampkomiteen.net\/wp-content\/uploads\/2026\/04\/IMG_3684.jpg?resize=810%2C540&#038;ssl=1\" alt=\"\" class=\"wp-image-11088\" srcset=\"https:\/\/i0.wp.com\/kampkomiteen.net\/wp-content\/uploads\/2026\/04\/IMG_3684.jpg?w=1125&amp;ssl=1 1125w, https:\/\/i0.wp.com\/kampkomiteen.net\/wp-content\/uploads\/2026\/04\/IMG_3684.jpg?resize=1000%2C667&amp;ssl=1 1000w, https:\/\/i0.wp.com\/kampkomiteen.net\/wp-content\/uploads\/2026\/04\/IMG_3684.jpg?resize=768%2C512&amp;ssl=1 768w, https:\/\/i0.wp.com\/kampkomiteen.net\/wp-content\/uploads\/2026\/04\/IMG_3684.jpg?resize=120%2C80&amp;ssl=1 120w\" sizes=\"auto, (max-width: 810px) 100vw, 810px\" \/><\/figure>\n<\/figure>\n\n\n\n<figure class=\"wp-block-gallery has-nested-images columns-default is-cropped wp-block-gallery-2 is-layout-flex wp-block-gallery-is-layout-flex\">\n<figure class=\"wp-block-image size-large\"><img data-recalc-dims=\"1\" loading=\"lazy\" decoding=\"async\" width=\"810\" height=\"540\" data-id=\"11089\" src=\"https:\/\/i0.wp.com\/kampkomiteen.net\/wp-content\/uploads\/2026\/04\/IMG_3692.jpg?resize=810%2C540&#038;ssl=1\" alt=\"\" class=\"wp-image-11089\" srcset=\"https:\/\/i0.wp.com\/kampkomiteen.net\/wp-content\/uploads\/2026\/04\/IMG_3692.jpg?w=1125&amp;ssl=1 1125w, https:\/\/i0.wp.com\/kampkomiteen.net\/wp-content\/uploads\/2026\/04\/IMG_3692.jpg?resize=1000%2C667&amp;ssl=1 1000w, https:\/\/i0.wp.com\/kampkomiteen.net\/wp-content\/uploads\/2026\/04\/IMG_3692.jpg?resize=768%2C512&amp;ssl=1 768w, https:\/\/i0.wp.com\/kampkomiteen.net\/wp-content\/uploads\/2026\/04\/IMG_3692.jpg?resize=120%2C80&amp;ssl=1 120w\" sizes=\"auto, (max-width: 810px) 100vw, 810px\" \/><\/figure>\n\n\n\n<figure class=\"wp-block-image size-large\"><img data-recalc-dims=\"1\" loading=\"lazy\" decoding=\"async\" width=\"810\" height=\"560\" data-id=\"11090\" src=\"https:\/\/i0.wp.com\/kampkomiteen.net\/wp-content\/uploads\/2026\/04\/IMG_3697.jpg?resize=810%2C560&#038;ssl=1\" alt=\"\" class=\"wp-image-11090\" srcset=\"https:\/\/i0.wp.com\/kampkomiteen.net\/wp-content\/uploads\/2026\/04\/IMG_3697.jpg?w=1085&amp;ssl=1 1085w, https:\/\/i0.wp.com\/kampkomiteen.net\/wp-content\/uploads\/2026\/04\/IMG_3697.jpg?resize=1000%2C691&amp;ssl=1 1000w, https:\/\/i0.wp.com\/kampkomiteen.net\/wp-content\/uploads\/2026\/04\/IMG_3697.jpg?resize=768%2C531&amp;ssl=1 768w\" sizes=\"auto, (max-width: 810px) 100vw, 810px\" \/><\/figure>\n<\/figure>\n\n\n\n<p class=\"has-text-align-center\">Tiller:<\/p>\n\n\n\n<figure class=\"wp-block-gallery has-nested-images columns-default is-cropped wp-block-gallery-3 is-layout-flex wp-block-gallery-is-layout-flex\">\n<figure class=\"wp-block-image size-large\"><img data-recalc-dims=\"1\" loading=\"lazy\" decoding=\"async\" width=\"810\" height=\"519\" data-id=\"11092\" src=\"https:\/\/i0.wp.com\/kampkomiteen.net\/wp-content\/uploads\/2026\/04\/plakat-1.jpg?resize=810%2C519&#038;ssl=1\" alt=\"\" class=\"wp-image-11092\" srcset=\"https:\/\/i0.wp.com\/kampkomiteen.net\/wp-content\/uploads\/2026\/04\/plakat-1.jpg?w=1093&amp;ssl=1 1093w, https:\/\/i0.wp.com\/kampkomiteen.net\/wp-content\/uploads\/2026\/04\/plakat-1.jpg?resize=1000%2C640&amp;ssl=1 1000w, https:\/\/i0.wp.com\/kampkomiteen.net\/wp-content\/uploads\/2026\/04\/plakat-1.jpg?resize=768%2C492&amp;ssl=1 768w, https:\/\/i0.wp.com\/kampkomiteen.net\/wp-content\/uploads\/2026\/04\/plakat-1.jpg?resize=360%2C230&amp;ssl=1 360w\" sizes=\"auto, (max-width: 810px) 100vw, 810px\" \/><\/figure>\n\n\n\n<figure class=\"wp-block-image size-large\"><img data-recalc-dims=\"1\" loading=\"lazy\" decoding=\"async\" width=\"810\" height=\"540\" data-id=\"11093\" src=\"https:\/\/i0.wp.com\/kampkomiteen.net\/wp-content\/uploads\/2026\/04\/plakat2Tiller.jpg?resize=810%2C540&#038;ssl=1\" alt=\"\" class=\"wp-image-11093\" srcset=\"https:\/\/i0.wp.com\/kampkomiteen.net\/wp-content\/uploads\/2026\/04\/plakat2Tiller.jpg?w=1050&amp;ssl=1 1050w, https:\/\/i0.wp.com\/kampkomiteen.net\/wp-content\/uploads\/2026\/04\/plakat2Tiller.jpg?resize=1000%2C667&amp;ssl=1 1000w, https:\/\/i0.wp.com\/kampkomiteen.net\/wp-content\/uploads\/2026\/04\/plakat2Tiller.jpg?resize=768%2C512&amp;ssl=1 768w, https:\/\/i0.wp.com\/kampkomiteen.net\/wp-content\/uploads\/2026\/04\/plakat2Tiller.jpg?resize=120%2C80&amp;ssl=1 120w\" sizes=\"auto, (max-width: 810px) 100vw, 810px\" \/><\/figure>\n<\/figure>\n\n\n\n<figure class=\"wp-block-gallery has-nested-images columns-default is-cropped wp-block-gallery-4 is-layout-flex wp-block-gallery-is-layout-flex\">\n<figure class=\"wp-block-image size-large\"><img data-recalc-dims=\"1\" loading=\"lazy\" decoding=\"async\" width=\"810\" height=\"540\" data-id=\"11094\" src=\"https:\/\/i0.wp.com\/kampkomiteen.net\/wp-content\/uploads\/2026\/04\/Plakat3Tiller.jpg?resize=810%2C540&#038;ssl=1\" alt=\"\" class=\"wp-image-11094\" srcset=\"https:\/\/i0.wp.com\/kampkomiteen.net\/wp-content\/uploads\/2026\/04\/Plakat3Tiller.jpg?w=1050&amp;ssl=1 1050w, https:\/\/i0.wp.com\/kampkomiteen.net\/wp-content\/uploads\/2026\/04\/Plakat3Tiller.jpg?resize=1000%2C667&amp;ssl=1 1000w, https:\/\/i0.wp.com\/kampkomiteen.net\/wp-content\/uploads\/2026\/04\/Plakat3Tiller.jpg?resize=768%2C512&amp;ssl=1 768w, https:\/\/i0.wp.com\/kampkomiteen.net\/wp-content\/uploads\/2026\/04\/Plakat3Tiller.jpg?resize=120%2C80&amp;ssl=1 120w\" sizes=\"auto, (max-width: 810px) 100vw, 810px\" \/><\/figure>\n\n\n\n<figure class=\"wp-block-image size-large\"><img data-recalc-dims=\"1\" loading=\"lazy\" decoding=\"async\" width=\"810\" height=\"532\" data-id=\"11091\" src=\"https:\/\/i0.wp.com\/kampkomiteen.net\/wp-content\/uploads\/2026\/04\/plakat4Tiller.jpg?resize=810%2C532&#038;ssl=1\" alt=\"\" class=\"wp-image-11091\" srcset=\"https:\/\/i0.wp.com\/kampkomiteen.net\/wp-content\/uploads\/2026\/04\/plakat4Tiller.jpg?w=1066&amp;ssl=1 1066w, https:\/\/i0.wp.com\/kampkomiteen.net\/wp-content\/uploads\/2026\/04\/plakat4Tiller.jpg?resize=1000%2C657&amp;ssl=1 1000w, https:\/\/i0.wp.com\/kampkomiteen.net\/wp-content\/uploads\/2026\/04\/plakat4Tiller.jpg?resize=768%2C504&amp;ssl=1 768w, https:\/\/i0.wp.com\/kampkomiteen.net\/wp-content\/uploads\/2026\/04\/plakat4Tiller.jpg?resize=120%2C80&amp;ssl=1 120w\" sizes=\"auto, (max-width: 810px) 100vw, 810px\" \/><\/figure>\n<\/figure>\n\n\n\n<p class=\"has-text-align-center\">Saupstad:<\/p>\n\n\n\n<figure class=\"wp-block-gallery has-nested-images columns-default is-cropped wp-block-gallery-5 is-layout-flex wp-block-gallery-is-layout-flex\">\n<figure class=\"wp-block-image size-large\"><img data-recalc-dims=\"1\" loading=\"lazy\" decoding=\"async\" width=\"810\" height=\"740\" data-id=\"11107\" src=\"https:\/\/i0.wp.com\/kampkomiteen.net\/wp-content\/uploads\/2026\/04\/PlakatSaupstad1.jpg?resize=810%2C740&#038;ssl=1\" alt=\"\" class=\"wp-image-11107\" srcset=\"https:\/\/i0.wp.com\/kampkomiteen.net\/wp-content\/uploads\/2026\/04\/PlakatSaupstad1.jpg?w=985&amp;ssl=1 985w, https:\/\/i0.wp.com\/kampkomiteen.net\/wp-content\/uploads\/2026\/04\/PlakatSaupstad1.jpg?resize=768%2C702&amp;ssl=1 768w\" sizes=\"auto, (max-width: 810px) 100vw, 810px\" \/><\/figure>\n\n\n\n<figure class=\"wp-block-image size-large\"><img data-recalc-dims=\"1\" loading=\"lazy\" decoding=\"async\" width=\"810\" height=\"592\" data-id=\"11105\" src=\"https:\/\/i0.wp.com\/kampkomiteen.net\/wp-content\/uploads\/2026\/04\/PlakatSaupstad2.jpg?resize=810%2C592&#038;ssl=1\" alt=\"\" class=\"wp-image-11105\" srcset=\"https:\/\/i0.wp.com\/kampkomiteen.net\/wp-content\/uploads\/2026\/04\/PlakatSaupstad2.jpg?w=958&amp;ssl=1 958w, https:\/\/i0.wp.com\/kampkomiteen.net\/wp-content\/uploads\/2026\/04\/PlakatSaupstad2.jpg?resize=768%2C561&amp;ssl=1 768w\" sizes=\"auto, (max-width: 810px) 100vw, 810px\" \/><\/figure>\n<\/figure>\n\n\n\n<figure class=\"wp-block-image size-full\"><img data-recalc-dims=\"1\" loading=\"lazy\" decoding=\"async\" width=\"810\" height=\"467\" src=\"https:\/\/i0.wp.com\/kampkomiteen.net\/wp-content\/uploads\/2026\/04\/PlakatSaupstad3.jpg?resize=810%2C467&#038;ssl=1\" alt=\"\" class=\"wp-image-11106\" srcset=\"https:\/\/i0.wp.com\/kampkomiteen.net\/wp-content\/uploads\/2026\/04\/PlakatSaupstad3.jpg?w=1215&amp;ssl=1 1215w, https:\/\/i0.wp.com\/kampkomiteen.net\/wp-content\/uploads\/2026\/04\/PlakatSaupstad3.jpg?resize=1000%2C576&amp;ssl=1 1000w, https:\/\/i0.wp.com\/kampkomiteen.net\/wp-content\/uploads\/2026\/04\/PlakatSaupstad3.jpg?resize=768%2C442&amp;ssl=1 768w\" sizes=\"auto, (max-width: 810px) 100vw, 810px\" \/><\/figure>\n\n\n\n<p class=\"has-text-align-center\">Ila:<\/p>\n\n\n\n<figure class=\"wp-block-gallery has-nested-images columns-default is-cropped wp-block-gallery-6 is-layout-flex wp-block-gallery-is-layout-flex\">\n<figure class=\"wp-block-image size-large\"><img data-recalc-dims=\"1\" loading=\"lazy\" decoding=\"async\" width=\"810\" height=\"516\" data-id=\"11108\" src=\"https:\/\/i0.wp.com\/kampkomiteen.net\/wp-content\/uploads\/2026\/04\/PlakatIla1.jpg?resize=810%2C516&#038;ssl=1\" alt=\"\" class=\"wp-image-11108\" srcset=\"https:\/\/i0.wp.com\/kampkomiteen.net\/wp-content\/uploads\/2026\/04\/PlakatIla1.jpg?w=1098&amp;ssl=1 1098w, https:\/\/i0.wp.com\/kampkomiteen.net\/wp-content\/uploads\/2026\/04\/PlakatIla1.jpg?resize=1000%2C638&amp;ssl=1 1000w, https:\/\/i0.wp.com\/kampkomiteen.net\/wp-content\/uploads\/2026\/04\/PlakatIla1.jpg?resize=768%2C490&amp;ssl=1 768w, https:\/\/i0.wp.com\/kampkomiteen.net\/wp-content\/uploads\/2026\/04\/PlakatIla1.jpg?resize=360%2C230&amp;ssl=1 360w\" sizes=\"auto, (max-width: 810px) 100vw, 810px\" \/><\/figure>\n\n\n\n<figure class=\"wp-block-image size-large\"><img data-recalc-dims=\"1\" loading=\"lazy\" decoding=\"async\" width=\"810\" height=\"494\" data-id=\"11109\" src=\"https:\/\/i0.wp.com\/kampkomiteen.net\/wp-content\/uploads\/2026\/04\/PlakatIla2.jpg?resize=810%2C494&#038;ssl=1\" alt=\"\" class=\"wp-image-11109\" srcset=\"https:\/\/i0.wp.com\/kampkomiteen.net\/wp-content\/uploads\/2026\/04\/PlakatIla2.jpg?w=1155&amp;ssl=1 1155w, https:\/\/i0.wp.com\/kampkomiteen.net\/wp-content\/uploads\/2026\/04\/PlakatIla2.jpg?resize=1000%2C610&amp;ssl=1 1000w, https:\/\/i0.wp.com\/kampkomiteen.net\/wp-content\/uploads\/2026\/04\/PlakatIla2.jpg?resize=768%2C469&amp;ssl=1 768w\" sizes=\"auto, (max-width: 810px) 100vw, 810px\" \/><\/figure>\n<\/figure>\n\n\n\n<p class=\"has-text-align-center\">Stj\u00f8rdal:<\/p>\n\n\n\n<figure class=\"wp-block-gallery has-nested-images columns-default is-cropped wp-block-gallery-7 is-layout-flex wp-block-gallery-is-layout-flex\">\n<figure class=\"wp-block-image size-large\"><img data-recalc-dims=\"1\" loading=\"lazy\" decoding=\"async\" width=\"810\" height=\"540\" data-id=\"11110\" src=\"https:\/\/i0.wp.com\/kampkomiteen.net\/wp-content\/uploads\/2026\/04\/PlakatStjordal1.jpg?resize=810%2C540&#038;ssl=1\" alt=\"\" class=\"wp-image-11110\" srcset=\"https:\/\/i0.wp.com\/kampkomiteen.net\/wp-content\/uploads\/2026\/04\/PlakatStjordal1.jpg?w=1050&amp;ssl=1 1050w, https:\/\/i0.wp.com\/kampkomiteen.net\/wp-content\/uploads\/2026\/04\/PlakatStjordal1.jpg?resize=1000%2C667&amp;ssl=1 1000w, https:\/\/i0.wp.com\/kampkomiteen.net\/wp-content\/uploads\/2026\/04\/PlakatStjordal1.jpg?resize=768%2C512&amp;ssl=1 768w, https:\/\/i0.wp.com\/kampkomiteen.net\/wp-content\/uploads\/2026\/04\/PlakatStjordal1.jpg?resize=120%2C80&amp;ssl=1 120w\" sizes=\"auto, (max-width: 810px) 100vw, 810px\" \/><\/figure>\n\n\n\n<figure class=\"wp-block-image size-large\"><img data-recalc-dims=\"1\" loading=\"lazy\" decoding=\"async\" width=\"810\" height=\"540\" data-id=\"11111\" src=\"https:\/\/i0.wp.com\/kampkomiteen.net\/wp-content\/uploads\/2026\/04\/PlakatStjordal2.jpg?resize=810%2C540&#038;ssl=1\" alt=\"\" class=\"wp-image-11111\" srcset=\"https:\/\/i0.wp.com\/kampkomiteen.net\/wp-content\/uploads\/2026\/04\/PlakatStjordal2.jpg?w=1050&amp;ssl=1 1050w, https:\/\/i0.wp.com\/kampkomiteen.net\/wp-content\/uploads\/2026\/04\/PlakatStjordal2.jpg?resize=1000%2C667&amp;ssl=1 1000w, https:\/\/i0.wp.com\/kampkomiteen.net\/wp-content\/uploads\/2026\/04\/PlakatStjordal2.jpg?resize=768%2C512&amp;ssl=1 768w, https:\/\/i0.wp.com\/kampkomiteen.net\/wp-content\/uploads\/2026\/04\/PlakatStjordal2.jpg?resize=120%2C80&amp;ssl=1 120w\" sizes=\"auto, (max-width: 810px) 100vw, 810px\" \/><\/figure>\n<\/figure>\n","protected":false},"excerpt":{"rendered":"<p>Aktivister har satt opp flere plakater i Trondheim og Stj\u00f8rdal for \u00e5 mobilisere til antiimperialistisk 1. mai-markering i Trondheim.<\/p>\n","protected":false},"author":8,"featured_media":11086,"comment_status":"closed","ping_status":"","sticky":false,"template":"","format":"standard","meta":{"advanced_seo_description":"","jetpack_seo_html_title":"","jetpack_seo_noindex":false,"_jetpack_memberships_contains_paid_content":false,"footnotes":""},"categories":[1],"tags":[26,48,104,89,12],"class_list":["post-11085","post","type-post","status-publish","format-standard","has-post-thumbnail","hentry","category-uncategorized","tag-1-mai","tag-antiimperialisme","tag-plakataksjon","tag-plakater","tag-trondheim"],"jetpack_featured_media_url":"https:\/\/i0.wp.com\/kampkomiteen.net\/wp-content\/uploads\/2026\/04\/IMG_3688.jpg?fit=1125%2C750&ssl=1","jetpack_shortlink":"https:\/\/wp.me\/pchuPf-2SN","jetpack-related-posts":[{"id":7219,"url":"https:\/\/kampkomiteen.net\/?p=7219","url_meta":{"origin":11085,"position":0},"title":"Trondheim og Stj\u00f8rdal: Plakater for 1. mai","author":"Kampkomiteen","date":"28. april 2024","format":false,"excerpt":"Den siste uka har det blitt satt opp plakater fleire steder i Trondheim og i Stj\u00f8rdal sentrum for \u00e5 mobilisere til antiimperialistisk 1. mai.","rel":"","context":"i \"1. mai\"","block_context":{"text":"1. mai","link":"https:\/\/kampkomiteen.net\/?tag=1-mai"},"img":{"alt_text":"","src":"https:\/\/i0.wp.com\/kampkomiteen.net\/wp-content\/uploads\/2024\/04\/Trheim-scaled.jpg?fit=1200%2C900&ssl=1&resize=350%2C200","width":350,"height":200,"srcset":"https:\/\/i0.wp.com\/kampkomiteen.net\/wp-content\/uploads\/2024\/04\/Trheim-scaled.jpg?fit=1200%2C900&ssl=1&resize=350%2C200 1x, https:\/\/i0.wp.com\/kampkomiteen.net\/wp-content\/uploads\/2024\/04\/Trheim-scaled.jpg?fit=1200%2C900&ssl=1&resize=525%2C300 1.5x, https:\/\/i0.wp.com\/kampkomiteen.net\/wp-content\/uploads\/2024\/04\/Trheim-scaled.jpg?fit=1200%2C900&ssl=1&resize=700%2C400 2x, https:\/\/i0.wp.com\/kampkomiteen.net\/wp-content\/uploads\/2024\/04\/Trheim-scaled.jpg?fit=1200%2C900&ssl=1&resize=1050%2C600 3x"},"classes":[]},{"id":10231,"url":"https:\/\/kampkomiteen.net\/?p=10231","url_meta":{"origin":11085,"position":1},"title":"Trondheim: Plakater for \u00e5pent m\u00f8te","author":"Kampkomiteen","date":"9. januar 2026","format":false,"excerpt":"Den siste uka har aktivister satt opp plakater flere steder i byen for \u00e5 mobilisere til \u00e5pent m\u00f8te om Antiimperialistisk Forbund.","rel":"","context":"i \"Antiimperialisme\"","block_context":{"text":"Antiimperialisme","link":"https:\/\/kampkomiteen.net\/?tag=antiimperialisme"},"img":{"alt_text":"","src":"https:\/\/i0.wp.com\/kampkomiteen.net\/wp-content\/uploads\/2026\/01\/plakat2.jpg?fit=956%2C700&ssl=1&resize=350%2C200","width":350,"height":200,"srcset":"https:\/\/i0.wp.com\/kampkomiteen.net\/wp-content\/uploads\/2026\/01\/plakat2.jpg?fit=956%2C700&ssl=1&resize=350%2C200 1x, https:\/\/i0.wp.com\/kampkomiteen.net\/wp-content\/uploads\/2026\/01\/plakat2.jpg?fit=956%2C700&ssl=1&resize=525%2C300 1.5x, https:\/\/i0.wp.com\/kampkomiteen.net\/wp-content\/uploads\/2026\/01\/plakat2.jpg?fit=956%2C700&ssl=1&resize=700%2C400 2x"},"classes":[]},{"id":6934,"url":"https:\/\/kampkomiteen.net\/?p=6934","url_meta":{"origin":11085,"position":2},"title":"Tr\u00f8ndelag: Plakater for 8. mars","author":"Kampkomiteen","date":"5. mars 2024","format":false,"excerpt":"Mandag 4. mars satte aktivister fra Kampkomiteen opp plakater for antiimperialistisk 8. mars.","rel":"","context":"i \"8. mars\"","block_context":{"text":"8. mars","link":"https:\/\/kampkomiteen.net\/?tag=8-mars"},"img":{"alt_text":"","src":"https:\/\/i0.wp.com\/kampkomiteen.net\/wp-content\/uploads\/2024\/03\/pasted-image-0-1.png?fit=1200%2C800&ssl=1&resize=350%2C200","width":350,"height":200,"srcset":"https:\/\/i0.wp.com\/kampkomiteen.net\/wp-content\/uploads\/2024\/03\/pasted-image-0-1.png?fit=1200%2C800&ssl=1&resize=350%2C200 1x, https:\/\/i0.wp.com\/kampkomiteen.net\/wp-content\/uploads\/2024\/03\/pasted-image-0-1.png?fit=1200%2C800&ssl=1&resize=525%2C300 1.5x, https:\/\/i0.wp.com\/kampkomiteen.net\/wp-content\/uploads\/2024\/03\/pasted-image-0-1.png?fit=1200%2C800&ssl=1&resize=700%2C400 2x, https:\/\/i0.wp.com\/kampkomiteen.net\/wp-content\/uploads\/2024\/03\/pasted-image-0-1.png?fit=1200%2C800&ssl=1&resize=1050%2C600 3x"},"classes":[]},{"id":7640,"url":"https:\/\/kampkomiteen.net\/?p=7640","url_meta":{"origin":11085,"position":3},"title":"Tr\u00f8ndelag: Bli med p\u00e5 demonstrasjon mot politivold!","author":"Kampkomiteen","date":"3. september 2024","format":false,"excerpt":"Aktivister fra Kampkomiteen har satt opp plakater i Tr\u00f8ndelag for \u00e5 mobilisere til demonstrasjon mot politivold og represjon.","rel":"","context":"i \"Demonstrasjon\"","block_context":{"text":"Demonstrasjon","link":"https:\/\/kampkomiteen.net\/?tag=demonstrasjon"},"img":{"alt_text":"","src":"https:\/\/i0.wp.com\/kampkomiteen.net\/wp-content\/uploads\/2024\/09\/Plakat-scaled.jpg?fit=1200%2C800&ssl=1&resize=350%2C200","width":350,"height":200,"srcset":"https:\/\/i0.wp.com\/kampkomiteen.net\/wp-content\/uploads\/2024\/09\/Plakat-scaled.jpg?fit=1200%2C800&ssl=1&resize=350%2C200 1x, https:\/\/i0.wp.com\/kampkomiteen.net\/wp-content\/uploads\/2024\/09\/Plakat-scaled.jpg?fit=1200%2C800&ssl=1&resize=525%2C300 1.5x, https:\/\/i0.wp.com\/kampkomiteen.net\/wp-content\/uploads\/2024\/09\/Plakat-scaled.jpg?fit=1200%2C800&ssl=1&resize=700%2C400 2x, https:\/\/i0.wp.com\/kampkomiteen.net\/wp-content\/uploads\/2024\/09\/Plakat-scaled.jpg?fit=1200%2C800&ssl=1&resize=1050%2C600 3x"},"classes":[]},{"id":10893,"url":"https:\/\/kampkomiteen.net\/?p=10893","url_meta":{"origin":11085,"position":4},"title":"Tr\u00f8ndelag: Plakater for folkets kamp i India","author":"Kampkomiteen","date":"8. april 2026","format":false,"excerpt":"De siste ukene har aktivister satt opp plakater til st\u00f8tte for folkets kamp i India.","rel":"","context":"i \"Antiimperialisme\"","block_context":{"text":"Antiimperialisme","link":"https:\/\/kampkomiteen.net\/?tag=antiimperialisme"},"img":{"alt_text":"","src":"https:\/\/i0.wp.com\/kampkomiteen.net\/wp-content\/uploads\/2026\/04\/Plakat1.jpg?fit=1176%2C700&ssl=1&resize=350%2C200","width":350,"height":200,"srcset":"https:\/\/i0.wp.com\/kampkomiteen.net\/wp-content\/uploads\/2026\/04\/Plakat1.jpg?fit=1176%2C700&ssl=1&resize=350%2C200 1x, https:\/\/i0.wp.com\/kampkomiteen.net\/wp-content\/uploads\/2026\/04\/Plakat1.jpg?fit=1176%2C700&ssl=1&resize=525%2C300 1.5x, https:\/\/i0.wp.com\/kampkomiteen.net\/wp-content\/uploads\/2026\/04\/Plakat1.jpg?fit=1176%2C700&ssl=1&resize=700%2C400 2x, https:\/\/i0.wp.com\/kampkomiteen.net\/wp-content\/uploads\/2026\/04\/Plakat1.jpg?fit=1176%2C700&ssl=1&resize=1050%2C600 3x"},"classes":[]},{"id":3208,"url":"https:\/\/kampkomiteen.net\/?p=3208","url_meta":{"origin":11085,"position":5},"title":"Plakater for 25. november","author":"Kampkomiteen","date":"22. november 2022","format":false,"excerpt":"De siste dagene er det satt opp plakater for markeringer av den internasjonale dagen for bekjempelse av vold mot kvinner\u00a0 25. november. Vi deler her bilder fra Trondheim, Stj\u00f8rdal, Malvik og Kristiansand.","rel":"","context":"i \"25. november\"","block_context":{"text":"25. november","link":"https:\/\/kampkomiteen.net\/?tag=25-november"},"img":{"alt_text":"","src":"https:\/\/i0.wp.com\/kampkomiteen.net\/wp-content\/uploads\/2022\/11\/25.-november.png?fit=1160%2C653&ssl=1&resize=350%2C200","width":350,"height":200,"srcset":"https:\/\/i0.wp.com\/kampkomiteen.net\/wp-content\/uploads\/2022\/11\/25.-november.png?fit=1160%2C653&ssl=1&resize=350%2C200 1x, https:\/\/i0.wp.com\/kampkomiteen.net\/wp-content\/uploads\/2022\/11\/25.-november.png?fit=1160%2C653&ssl=1&resize=525%2C300 1.5x, https:\/\/i0.wp.com\/kampkomiteen.net\/wp-content\/uploads\/2022\/11\/25.-november.png?fit=1160%2C653&ssl=1&resize=700%2C400 2x, https:\/\/i0.wp.com\/kampkomiteen.net\/wp-content\/uploads\/2022\/11\/25.-november.png?fit=1160%2C653&ssl=1&resize=1050%2C600 3x"},"classes":[]}],"jetpack_sharing_enabled":true,"_links":{"self":[{"href":"https:\/\/kampkomiteen.net\/index.php?rest_route=\/wp\/v2\/posts\/11085","targetHints":{"allow":["GET"]}}],"collection":[{"href":"https:\/\/kampkomiteen.net\/index.php?rest_route=\/wp\/v2\/posts"}],"about":[{"href":"https:\/\/kampkomiteen.net\/index.php?rest_route=\/wp\/v2\/types\/post"}],"author":[{"embeddable":true,"href":"https:\/\/kampkomiteen.net\/index.php?rest_route=\/wp\/v2\/users\/8"}],"replies":[{"embeddable":true,"href":"https:\/\/kampkomiteen.net\/index.php?rest_route=%2Fwp%2Fv2%2Fcomments&post=11085"}],"version-history":[{"count":4,"href":"https:\/\/kampkomiteen.net\/index.php?rest_route=\/wp\/v2\/posts\/11085\/revisions"}],"predecessor-version":[{"id":11115,"href":"https:\/\/kampkomiteen.net\/index.php?rest_route=\/wp\/v2\/posts\/11085\/revisions\/11115"}],"wp:featuredmedia":[{"embeddable":true,"href":"https:\/\/kampkomiteen.net\/index.php?rest_route=\/wp\/v2\/media\/11086"}],"wp:attachment":[{"href":"https:\/\/kampkomiteen.net\/index.php?rest_route=%2Fwp%2Fv2%2Fmedia&parent=11085"}],"wp:term":[{"taxonomy":"category","embeddable":true,"href":"https:\/\/kampkomiteen.net\/index.php?rest_route=%2Fwp%2Fv2%2Fcategories&post=11085"},{"taxonomy":"post_tag","embeddable":true,"href":"https:\/\/kampkomiteen.net\/index.php?rest_route=%2Fwp%2Fv2%2Ftags&post=11085"}],"curies":[{"name":"wp","href":"https:\/\/api.w.org\/{rel}","templated":true}]}}