{"id":11083,"date":"2026-04-29T23:03:17","date_gmt":"2026-04-29T21:03:17","guid":{"rendered":"https:\/\/kampkomiteen.net\/?p=11083"},"modified":"2026-04-29T23:03:19","modified_gmt":"2026-04-29T21:03:19","slug":"uttalelse-fremad-for-en-antiimperialistisk-1-mai","status":"publish","type":"post","link":"https:\/\/kampkomiteen.net\/?p=11083","title":{"rendered":"Uttalelse: Fremad for en antiimperialistisk 1. mai!"},"content":{"rendered":"<div id=\"fb-root\"><\/div>\n\n<p><em>Av Kampkomiteen<\/em><\/p>\n\n\n\n<p><strong>Kampkomiteen oppfordrer i en ny uttalelse til \u00e5 bli med for \u00e5 skape kraftfulle antiimperialistiske markeringer p\u00e5 1. mai.<\/strong><\/p>\n\n\n\n<p><strong>Oppm\u00f8te:<\/strong><br>Oslo \u2013 Gr\u00f8nland torg kl. 11:00<br>Bergen \u2013 Nonneseter kapell kl. 11:00<br>Trondheim \u2013 Nordre gate kl. 12:00<br>Kristiansand \u2013 Arbeideren i Festningsgata 4 kl. 11:45.<\/p>\n\n\n\n<hr class=\"wp-block-separator has-alpha-channel-opacity\"\/>\n\n\n\n<p class=\"has-text-align-right\"><em>Arbeidere og undertrykte i alle land, foren dere!<\/em><\/p>\n\n\n\n<h2 class=\"wp-block-heading has-text-align-center\"><strong>Fremad for en antiimperialistisk 1. mai!<\/strong><\/h2>\n\n\n\n<p>Kampkomiteen oppfordrer alle antiimperialister og revolusjon\u00e6re \u2013 arbeidere, kvinner og ungdom \u2013 alle demokrater og motstandere av urettferdige kriger, til \u00e5 forene seg 1. mai til kraftfulle markeringer mot imperialismen.<\/p>\n\n\n\n<p>I anledning arbeiderklassens internasjonale kampdag 1. mai hilser Kampkomiteen arbeidere i alle land og verdens undertrykte folk og nasjoner. Vi feirer og hilser stiftelsen av Antiimperialistisk Forbund, som fant sted 3. til 5. april i Colombia. 50 organisasjoner fra 14 land samlet seg her for \u00e5 stifte en ny internasjonal organisasjon for \u00e5 forene verdens antiimperialister til felles kamp.<\/p>\n\n\n\n<h3 class=\"wp-block-heading\"><a><\/a><strong>Imperialismen er d\u00f8ende<\/strong><\/h3>\n\n\n\n<p>Imperialismen i dag er mer enn noen gang f\u00f8r preget av sin egen forr\u00e5tnelse og krise. Vi lever i en tid som preges mer og mer av imperialistisk krig, folkelige oppr\u00f8r, rettferdig motstandskamp og revolusjon. USA-imperialismen kjemper med nebb og kl\u00f8r for \u00e5 forsvare sin posisjon som verdens eneste hegemoniske supermakt. Denne kampen kommer til uttrykk i angrepskriger i utlandet og \u00f8kt undertrykking innad i USA. Dette ser vi blant annet i krigen mot Iran, folkemordet i Palestina og ICE sine gestapo-liknende raid i USA.<\/p>\n\n\n\n<p>Den sionistiske l\u00f8pehunden til USA-imperialismen, Israel, fortsetter \u00e5 beg\u00e5 unevnelige forbrytelser mot det palestinske og libanesiske folket. Den heltemodige palestinske motstanden og Hizbollah i Libanon, fortsetter fryktl\u00f8st kampen for nasjonal frigj\u00f8ring fra sionistenes okkupasjon og folkemord. Denne motstandskampen har tent en fakkel som lyser over hele verden, og har inspirert titalls millioner til \u00e5 ta til gatene og vise sin avsky og kampvilje mot imperialisme og sionisme.<\/p>\n\n\n\n<p>Det iranske folket har forsvart seg like heltemodig mot USA og Israel sin kriminelle krig, og Iran har tvunget USA-imperialismen til forhandlingsbordet gjennom \u00e5 ta kontroll over Hormuzstredet. Slik har krigen rammet verdens\u00f8konomien hardt, og s\u00e6rlig i land som Pakistan og India betaler folkemassene og myndighetene en h\u00f8y pris for USA-imperialismens nyeste aggresjon mot folkemassene i det s\u00e5kalte \u00abMidt\u00f8sten\u00bb. Denne \u00abenergikrisen\u00bb er et varsel om at nye katastrofale \u00f8konomiske kriser ligger foran oss.<\/p>\n\n\n\n<p>USA-imperialismen ut\u00f8ver ogs\u00e5 stadig ny aggresjon mot sin egen \u00abbakg\u00e5rd\u00bb, Latin-Amerika, hvor de i soleklar forrakt for internasjonale lover og regler, kidnappet president Maduro fra Venezuela. Samtidig har de forsterket embargoen mot Cuba og skapt mer sult og n\u00f8d i denne \u00f8ystaten. De har ogs\u00e5 bombet b\u00e5de i Ecuador og Colombia. Alt dette er nye ledd i USA-imperialismens aggresjon mot hele Latin-Amerika.<\/p>\n\n\n\n<p>Gjennom sine tallrike aggresjoner, sine forbrytelser og folkemord, viser USA-imperialismen igjen og igjen at den er hovedfienden til all verdens undertrykte folk.<\/p>\n\n\n\n<h3 class=\"wp-block-heading\"><a><\/a><strong>Folket kjemper og gj\u00f8r motstand<\/strong><\/h3>\n\n\n\n<p>All denne aggresjonen utl\u00f8ser den imperialistiske supermakten for \u00e5 p\u00e5f\u00f8re verdens undertrykte folk og nasjoner stadig st\u00f8rre byrder, men dette genererer stadig sterkere kamp og motstand fra folkemassene. Verdens undertrykte folk nekter \u00e5 akseptere at de kun er ofre for imperialistenes plyndring og krig, og brikker i deres spill. Folkemassene reiser seg igjen og igjen til heltemodige kamper for \u00e5 frigj\u00f8re seg. Dette ser vi i rettferdige nasjonale motstandskriger, frigj\u00f8ringskriger og folkekriger, fra Palestina og Iran til Peru, Tyrkia, India og Filippinene. Ogs\u00e5 i Ukraina kjemper den undertrykte nasjonen mot imperialistisk aggresjon, og folket reiser seg til motstand mot imperialistenes herjing og plyndring i Sahel-regionen, Sudan, Kongo, Kenya og andre deler av Afrika.<\/p>\n\n\n\n<p>Det som mer enn noe annet driver frem utvikling og forandring i v\u00e5r verden, er kampen mellom undertrykkere og undertrykte \u2013 kampen mellom imperialistmaktene p\u00e5 den ene siden, og verdens undertrykte folk og nasjoner p\u00e5 den andre siden. Kampkomiteen har valgt side i denne kampen, og vi oppfordrer alle revolusjon\u00e6re, antiimperialister, internasjonalister og demokrater til \u00e5 vise sin stilling sammen med oss p\u00e5 1. mai.<\/p>\n\n\n\n<p>Det store sp\u00f8rsm\u00e5let er ikke hva imperialistene gj\u00f8r, eller hvilke kriger de kommer til \u00e5 utl\u00f8se, men hvordan folkemassene kan organisere seg, kjempe og gj\u00f8re motstand for \u00e5 feie hele det imperialistiske systemet vekk fra jordens overflate. Dette er ikke en dr\u00f8m, det er en historisk n\u00f8dvendighet. Systemet r\u00e5tner foran \u00f8ynene v\u00e5re, og det p\u00e5f\u00f8rer milliarder av mennesker store lidelser. Imperialismen kan aldri bli \u00abhuman\u00bb. S\u00e5 lenge dette systemet fortsetter, vil krig og krise v\u00e6re en del av hverdagen for en stor del av verdens befolkning.<\/p>\n\n\n\n<p>Det er i denne situasjonen at de som reiser seg til kamp, og betaler den h\u00f8yeste prisen, g\u00e5r foran som skinnende fakler som viser veien for alle verdens undertrykte klasser, folk og nasjoner. Den revolusjon\u00e6re bevegelsen i India er \u00e9n av disse faklene. Den heltemodige frigj\u00f8ringsbevegelsen i Palestina er en annen. Gjennom de siste \u00e5rene har disse betalt en ufattelig h\u00f8y pris, for \u00e5 holde kampens fane h\u00f8yt.<\/p>\n\n\n\n<p>Israel har utviklet et folkemord i Gaza, foran hele verdens \u00f8yne. Det har vekket et enormt raseri over hele verden, og titalls millioner har protestert. Tross folkemordet har motstanden fortsatt. Den palestinske v\u00e6pnede nasjonale frigj\u00f8ringsbevegelsen har fortsatt \u00e5 p\u00e5f\u00f8re sionistene store tap og Israel er mer forhatt og ford\u00f8mt internasjonalt enn noensinne. Palestinas folk har vunnet en enorm moralsk seier, ved \u00e5 aldri gi opp, og de har vist at uansett hva Israel gj\u00f8r, vil det palestinske folket skape nye krigere som tar over plassen til de som faller. Dette motet og denne offerviljen f\u00e5r sionistene og imperialistene til \u00e5 skjelve av hat og skrekk, for det er nettopp dette som truer deres makt.<\/p>\n\n\n\n<p>Den gamle indiske staten har l\u00e6rt av sine herrer og forbilder i USA og Israel. Gjennom flere ti\u00e5r har den reaksjon\u00e6re indiske staten fors\u00f8kt \u00e5 utrydde den revolusjon\u00e6re bevegelsen i India. De siste \u00e5rene har den gjennomf\u00f8rt \u00abOperasjon Kagaar\u00bb, med voldtekt, tortur, henrettelser og folkemord mot Indias fattigste og deres revolusjon\u00e6re ledere. I 2025 drepte de lederen for Indias Kommunistiske Parti (Maoistene), kamerat Basavaraj, fordi han nektet \u00e5 overgi seg. Den indiske gamle staten har p\u00e5f\u00f8rt bevegelsen i India store tap, og erkl\u00e6rte 31. mars 2026 at India var fritt for maoister. Men kampen fortsetter ogs\u00e5 i India! Den gamle statens leiesoldater faller fortsatt for sprengladninger og overfall p\u00e5 den indiske landsbygda. Revolusjon\u00e6re studenter og intellektuelle fortsetter \u00e5 mobilisere til kamp. Fattigb\u00f8ndene samler seg i titusentalls for \u00e5 ta forvel med myrdede kamerater, de knytter nevene og forbereder nye kamper. Martyrene d\u00f8de ikke forgjeves. Deres handlinger og deres minne lever videre i kampen, som skinnende fakler fordriver de m\u00f8rket og lyser opp veien fremover som alle undertrykte klasser og folk m\u00e5 g\u00e5.<\/p>\n\n\n\n<h3 class=\"wp-block-heading\"><a><\/a><strong>De undertrykte vil seire<\/strong><\/h3>\n\n\n\n<p>S\u00e5 lenge mennesker har undertrykt andre mennesker, har de undertrykte reist seg til kamp og motstand. Herskerne har alltid fors\u00f8kt \u00e5 drukne denne kampen i blod, men deres fors\u00f8k p\u00e5 \u00e5 beholde makten har til sist alltid mislyktes. Romerriket m\u00e5tte falle, og det falt for kampen til slavene og de germanske stammene. Siden falt det spanske og portugisiske koloniveldet, og atter senere det tyske, det osmanske og det russiske keiserriket. Det britiske imperiet falt ogs\u00e5, selv om ogs\u00e5 dette skjedde med voldsomme krampetrekninger og folkemord mot massene i Afrika og Asia. Imperiene kjempet alltid mest desperat og brutalt n\u00e5r deres undergang n\u00e6rmer seg.<\/p>\n\n\n\n<p>Det er dette vi ser foran oss i dag, krampetrekningene til herskere som er d\u00f8mt til \u00e5 feies vekk. Det vil ikke skje fredelig, det vil ikke skje av seg selv, men det vil med n\u00f8dvendighet skje. Like sikkert som at tiden ikke kan skrus tilbake, vil imperialismen bli feid vekk av arbeiderklassen og verdens undertrykte folk og nasjoner. Hvor lang tid det vil ta avhenger av enheten og kampen til arbeiderklassen og verdens undertrykte folk og nasjoner.<br><br>Antiimperialistene i v\u00e5rt land og land som dette m\u00e5 forene seg med alle undertrykte som kjemper mot imperialismen i dag. Vi m\u00e5 st\u00f8tte og forsvare den nasjonale frigj\u00f8ringsbevegelsen i Palestina og kjempe mot folkemordet. Vi m\u00e5 bekjempe USA og Israel sin aggresjon mot Iran og st\u00f8tte det iranske folkets rettferdige nasjonale motstandskrig. Vi m\u00e5 ford\u00f8mme USA-imperialismens aggresjon og trusler i Latin-Amerika. Vi m\u00e5 st\u00f8tte revolusjonen i India som er under harde angrep fra fienden. Disse kampene lar seg ikke stoppe av fors\u00f8kene p\u00e5 utslettelse og folkemord \u2013 kampene fortsetter og nye kamerater tar plassen til de som er falt. Dette er et mektig rop til verdens folk om at imperialismen kommer til \u00e5 falle til slutt om vi forener oss og kjemper. Bli med p\u00e5 1. mai, g\u00e5 ut p\u00e5 gata og styrk enheten og kampen mot imperialismen p\u00e5 tvers over alle grenser og land!<\/p>\n\n\n\n<p><em>Arbeidere og undertrykte i alle land, foren dere!<\/em><br><em>USA \u2013 hendene vekk fra Iran! USA ut av Midt\u00f8sten!<\/em><br><em>USA \u2013 hendene vekk fra Venezuela og Cuba! USA ut av Latin-Amerika!<\/em><br><em>St\u00f8tt folkets kamp i India \u2013 for sosial og nasjonal frigj\u00f8ring!<\/em><br><em>Antiimperialister i alle land, foren dere!<\/em><\/p>\n\n\n\n<p><strong>Kampkomiteen<\/strong><br><strong>April 2026<\/strong><\/p>\n","protected":false},"excerpt":{"rendered":"<p>Kampkomiteen oppfordrer i en ny uttalelse til \u00e5 bli med for \u00e5 skape kraftfulle antiimperialistiske markeringer p\u00e5 1. mai.<\/p>\n","protected":false},"author":8,"featured_media":7156,"comment_status":"closed","ping_status":"closed","sticky":false,"template":"","format":"standard","meta":{"advanced_seo_description":"","jetpack_seo_html_title":"","jetpack_seo_noindex":false,"_jetpack_memberships_contains_paid_content":false,"footnotes":""},"categories":[94],"tags":[26,48,4],"class_list":["post-11083","post","type-post","status-publish","format-standard","has-post-thumbnail","hentry","category-uttalelser","tag-1-mai","tag-antiimperialisme","tag-demonstrasjon"],"jetpack_featured_media_url":"https:\/\/i0.wp.com\/kampkomiteen.net\/wp-content\/uploads\/2024\/04\/O.png?fit=1600%2C902&ssl=1","jetpack_shortlink":"https:\/\/wp.me\/pchuPf-2SL","jetpack-related-posts":[{"id":8724,"url":"https:\/\/kampkomiteen.net\/?p=8724","url_meta":{"origin":11083,"position":0},"title":"Bli med! Ut p\u00e5 gata 1. mai!","author":"Kampkomiteen","date":"25. april 2025","format":false,"excerpt":"Kampkomiteen oppfordrer til \u00e5 bli med ut p\u00e5 gater og torg for \u00e5 skape en kjempende og antiimperialistisk 1. mai. Kampkomiteen vil selv markere dagen f\u00f8lgende steder:","rel":"","context":"Liknende innlegg","block_context":{"text":"Liknende innlegg","link":""},"img":{"alt_text":"","src":"https:\/\/i0.wp.com\/kampkomiteen.net\/wp-content\/uploads\/2024\/05\/Bergen1-scaled.jpg?fit=1200%2C800&ssl=1&resize=350%2C200","width":350,"height":200,"srcset":"https:\/\/i0.wp.com\/kampkomiteen.net\/wp-content\/uploads\/2024\/05\/Bergen1-scaled.jpg?fit=1200%2C800&ssl=1&resize=350%2C200 1x, https:\/\/i0.wp.com\/kampkomiteen.net\/wp-content\/uploads\/2024\/05\/Bergen1-scaled.jpg?fit=1200%2C800&ssl=1&resize=525%2C300 1.5x, https:\/\/i0.wp.com\/kampkomiteen.net\/wp-content\/uploads\/2024\/05\/Bergen1-scaled.jpg?fit=1200%2C800&ssl=1&resize=700%2C400 2x, https:\/\/i0.wp.com\/kampkomiteen.net\/wp-content\/uploads\/2024\/05\/Bergen1-scaled.jpg?fit=1200%2C800&ssl=1&resize=1050%2C600 3x"},"classes":[]},{"id":10981,"url":"https:\/\/kampkomiteen.net\/?p=10981","url_meta":{"origin":11083,"position":1},"title":"Trondheim: Bli med p\u00e5 antiimperialistisk 1. mai!","author":"Kampkomiteen","date":"25. april 2026","format":false,"excerpt":"Bli med Kampkomiteen i Trondheim p\u00e5 antiimperialistisk 1. mai-markering!","rel":"","context":"i \"1. mai\"","block_context":{"text":"1. mai","link":"https:\/\/kampkomiteen.net\/?tag=1-mai"},"img":{"alt_text":"","src":"https:\/\/i0.wp.com\/kampkomiteen.net\/wp-content\/uploads\/2026\/04\/1-Mai-for-KK-nettside.png?fit=850%2C550&ssl=1&resize=350%2C200","width":350,"height":200,"srcset":"https:\/\/i0.wp.com\/kampkomiteen.net\/wp-content\/uploads\/2026\/04\/1-Mai-for-KK-nettside.png?fit=850%2C550&ssl=1&resize=350%2C200 1x, https:\/\/i0.wp.com\/kampkomiteen.net\/wp-content\/uploads\/2026\/04\/1-Mai-for-KK-nettside.png?fit=850%2C550&ssl=1&resize=525%2C300 1.5x, https:\/\/i0.wp.com\/kampkomiteen.net\/wp-content\/uploads\/2026\/04\/1-Mai-for-KK-nettside.png?fit=850%2C550&ssl=1&resize=700%2C400 2x"},"classes":[]},{"id":8720,"url":"https:\/\/kampkomiteen.net\/?p=8720","url_meta":{"origin":11083,"position":2},"title":"Trondheim: Bli med p\u00e5 antiimperialistisk 1. mai!","author":"Kampkomiteen","date":"25. april 2025","format":false,"excerpt":"Bli med Kampkomiteen i Trondheim p\u00e5 antiimperialistisk 1. mai-markering!","rel":"","context":"i \"1. mai\"","block_context":{"text":"1. mai","link":"https:\/\/kampkomiteen.net\/?tag=1-mai"},"img":{"alt_text":"","src":"https:\/\/i0.wp.com\/kampkomiteen.net\/wp-content\/uploads\/2025\/04\/1.mai_.jpg?fit=602%2C401&ssl=1&resize=350%2C200","width":350,"height":200,"srcset":"https:\/\/i0.wp.com\/kampkomiteen.net\/wp-content\/uploads\/2025\/04\/1.mai_.jpg?fit=602%2C401&ssl=1&resize=350%2C200 1x, https:\/\/i0.wp.com\/kampkomiteen.net\/wp-content\/uploads\/2025\/04\/1.mai_.jpg?fit=602%2C401&ssl=1&resize=525%2C300 1.5x"},"classes":[]},{"id":8729,"url":"https:\/\/kampkomiteen.net\/?p=8729","url_meta":{"origin":11083,"position":3},"title":"Bergen: Bli med p\u00e5 antiimperialistisk 1. mai!","author":"Kampkomiteen","date":"28. april 2025","format":false,"excerpt":"Bli med\u00a0Kampkomiteen i Bergen\u00a0p\u00e5 antiimperialistisk 1. mai-markering!","rel":"","context":"Liknende innlegg","block_context":{"text":"Liknende innlegg","link":""},"img":{"alt_text":"","src":"https:\/\/i0.wp.com\/kampkomiteen.net\/wp-content\/uploads\/2025\/04\/12.04-scaled.jpg?fit=1200%2C900&ssl=1&resize=350%2C200","width":350,"height":200,"srcset":"https:\/\/i0.wp.com\/kampkomiteen.net\/wp-content\/uploads\/2025\/04\/12.04-scaled.jpg?fit=1200%2C900&ssl=1&resize=350%2C200 1x, https:\/\/i0.wp.com\/kampkomiteen.net\/wp-content\/uploads\/2025\/04\/12.04-scaled.jpg?fit=1200%2C900&ssl=1&resize=525%2C300 1.5x, https:\/\/i0.wp.com\/kampkomiteen.net\/wp-content\/uploads\/2025\/04\/12.04-scaled.jpg?fit=1200%2C900&ssl=1&resize=700%2C400 2x, https:\/\/i0.wp.com\/kampkomiteen.net\/wp-content\/uploads\/2025\/04\/12.04-scaled.jpg?fit=1200%2C900&ssl=1&resize=1050%2C600 3x"},"classes":[]},{"id":8694,"url":"https:\/\/kampkomiteen.net\/?p=8694","url_meta":{"origin":11083,"position":4},"title":"Uttalelse: Fremad for en kjempende 1. mai!","author":"Kampkomiteen","date":"16. april 2025","format":false,"excerpt":"Kampkomiteen oppfordrer til \u00e5 bli med i arbeidet for en kjempende 1. mai","rel":"","context":"Liknende innlegg","block_context":{"text":"Liknende innlegg","link":""},"img":{"alt_text":"","src":"https:\/\/i0.wp.com\/kampkomiteen.net\/wp-content\/uploads\/2024\/05\/Forsidebilde1mai.jpg?fit=1200%2C741&ssl=1&resize=350%2C200","width":350,"height":200,"srcset":"https:\/\/i0.wp.com\/kampkomiteen.net\/wp-content\/uploads\/2024\/05\/Forsidebilde1mai.jpg?fit=1200%2C741&ssl=1&resize=350%2C200 1x, https:\/\/i0.wp.com\/kampkomiteen.net\/wp-content\/uploads\/2024\/05\/Forsidebilde1mai.jpg?fit=1200%2C741&ssl=1&resize=525%2C300 1.5x, https:\/\/i0.wp.com\/kampkomiteen.net\/wp-content\/uploads\/2024\/05\/Forsidebilde1mai.jpg?fit=1200%2C741&ssl=1&resize=700%2C400 2x, https:\/\/i0.wp.com\/kampkomiteen.net\/wp-content\/uploads\/2024\/05\/Forsidebilde1mai.jpg?fit=1200%2C741&ssl=1&resize=1050%2C600 3x"},"classes":[]},{"id":7207,"url":"https:\/\/kampkomiteen.net\/?p=7207","url_meta":{"origin":11083,"position":5},"title":"Bli med p\u00e5 1. mai mot imperialistisk krig og dyrtid \u2013 for et fritt Palestina!","author":"Kampkomiteen","date":"26. april 2024","format":false,"excerpt":"Kampkomiteen oppfordrer aktivister, medlemmer og venner til \u00e5 bli med i tog og markeringer f\u00f8rste mai. Vi vil markere dagen sammen med v\u00e5re venner i andre organisasjoner og milj\u00f8er, og \u00f8nsker varmt \u00e5 samarbeide med flere.","rel":"","context":"Liknende innlegg","block_context":{"text":"Liknende innlegg","link":""},"img":{"alt_text":"","src":"https:\/\/i0.wp.com\/kampkomiteen.net\/wp-content\/uploads\/2024\/04\/O.png?fit=1200%2C677&ssl=1&resize=350%2C200","width":350,"height":200,"srcset":"https:\/\/i0.wp.com\/kampkomiteen.net\/wp-content\/uploads\/2024\/04\/O.png?fit=1200%2C677&ssl=1&resize=350%2C200 1x, https:\/\/i0.wp.com\/kampkomiteen.net\/wp-content\/uploads\/2024\/04\/O.png?fit=1200%2C677&ssl=1&resize=525%2C300 1.5x, https:\/\/i0.wp.com\/kampkomiteen.net\/wp-content\/uploads\/2024\/04\/O.png?fit=1200%2C677&ssl=1&resize=700%2C400 2x, https:\/\/i0.wp.com\/kampkomiteen.net\/wp-content\/uploads\/2024\/04\/O.png?fit=1200%2C677&ssl=1&resize=1050%2C600 3x"},"classes":[]}],"jetpack_sharing_enabled":true,"_links":{"self":[{"href":"https:\/\/kampkomiteen.net\/index.php?rest_route=\/wp\/v2\/posts\/11083","targetHints":{"allow":["GET"]}}],"collection":[{"href":"https:\/\/kampkomiteen.net\/index.php?rest_route=\/wp\/v2\/posts"}],"about":[{"href":"https:\/\/kampkomiteen.net\/index.php?rest_route=\/wp\/v2\/types\/post"}],"author":[{"embeddable":true,"href":"https:\/\/kampkomiteen.net\/index.php?rest_route=\/wp\/v2\/users\/8"}],"replies":[{"embeddable":true,"href":"https:\/\/kampkomiteen.net\/index.php?rest_route=%2Fwp%2Fv2%2Fcomments&post=11083"}],"version-history":[{"count":1,"href":"https:\/\/kampkomiteen.net\/index.php?rest_route=\/wp\/v2\/posts\/11083\/revisions"}],"predecessor-version":[{"id":11084,"href":"https:\/\/kampkomiteen.net\/index.php?rest_route=\/wp\/v2\/posts\/11083\/revisions\/11084"}],"wp:featuredmedia":[{"embeddable":true,"href":"https:\/\/kampkomiteen.net\/index.php?rest_route=\/wp\/v2\/media\/7156"}],"wp:attachment":[{"href":"https:\/\/kampkomiteen.net\/index.php?rest_route=%2Fwp%2Fv2%2Fmedia&parent=11083"}],"wp:term":[{"taxonomy":"category","embeddable":true,"href":"https:\/\/kampkomiteen.net\/index.php?rest_route=%2Fwp%2Fv2%2Fcategories&post=11083"},{"taxonomy":"post_tag","embeddable":true,"href":"https:\/\/kampkomiteen.net\/index.php?rest_route=%2Fwp%2Fv2%2Ftags&post=11083"}],"curies":[{"name":"wp","href":"https:\/\/api.w.org\/{rel}","templated":true}]}}