{"id":11051,"date":"2026-04-28T22:54:27","date_gmt":"2026-04-28T20:54:27","guid":{"rendered":"https:\/\/kampkomiteen.net\/?p=11051"},"modified":"2026-04-28T22:54:30","modified_gmt":"2026-04-28T20:54:30","slug":"kristiansand-ut-pa-gata-1-mai","status":"publish","type":"post","link":"https:\/\/kampkomiteen.net\/?p=11051","title":{"rendered":"Kristiansand: Ut p\u00e5 gata 1. mai!"},"content":{"rendered":"<div id=\"fb-root\"><\/div>\n\n<p><em>Skrevet av aktivister i Kristiansand.&nbsp;<\/em><\/p>\n\n\n\n<p>Kampkomiteen har satt opp plakater for 1. mai.\u00a0Vi deltar i 1. maitoget med parola \u00abSt\u00f8tt den palestinske motstandskampen\u00bb. Blir gjerne med \u00e5 g\u00e5 sammen med oss! Hvis du vil kontakte oss p\u00e5 forh\u00e5nd kan du sende mail til kampkomiteen@protonmail.com.<\/p>\n\n\n\n<p><strong>Oppm\u00f8te:<\/strong><br>Kl. 11:45 ved Arbeideren i Festningsgata 4.<br>Avmarsj kl. 12.<\/p>\n\n\n\n<figure class=\"wp-block-image size-full\"><img data-recalc-dims=\"1\" loading=\"lazy\" decoding=\"async\" width=\"810\" height=\"456\" src=\"https:\/\/i0.wp.com\/kampkomiteen.net\/wp-content\/uploads\/2026\/04\/image-4.jpeg?resize=810%2C456&#038;ssl=1\" alt=\"\" class=\"wp-image-11053\" srcset=\"https:\/\/i0.wp.com\/kampkomiteen.net\/wp-content\/uploads\/2026\/04\/image-4.jpeg?w=1160&amp;ssl=1 1160w, https:\/\/i0.wp.com\/kampkomiteen.net\/wp-content\/uploads\/2026\/04\/image-4.jpeg?resize=1000%2C563&amp;ssl=1 1000w, https:\/\/i0.wp.com\/kampkomiteen.net\/wp-content\/uploads\/2026\/04\/image-4.jpeg?resize=768%2C432&amp;ssl=1 768w\" sizes=\"auto, (max-width: 810px) 100vw, 810px\" \/><\/figure>\n\n\n\n<figure class=\"wp-block-image size-full\"><img data-recalc-dims=\"1\" loading=\"lazy\" decoding=\"async\" width=\"810\" height=\"456\" src=\"https:\/\/i0.wp.com\/kampkomiteen.net\/wp-content\/uploads\/2026\/04\/image-5.jpeg?resize=810%2C456&#038;ssl=1\" alt=\"\" class=\"wp-image-11054\" srcset=\"https:\/\/i0.wp.com\/kampkomiteen.net\/wp-content\/uploads\/2026\/04\/image-5.jpeg?w=1160&amp;ssl=1 1160w, https:\/\/i0.wp.com\/kampkomiteen.net\/wp-content\/uploads\/2026\/04\/image-5.jpeg?resize=1000%2C563&amp;ssl=1 1000w, https:\/\/i0.wp.com\/kampkomiteen.net\/wp-content\/uploads\/2026\/04\/image-5.jpeg?resize=768%2C432&amp;ssl=1 768w\" sizes=\"auto, (max-width: 810px) 100vw, 810px\" \/><\/figure>\n","protected":false},"excerpt":{"rendered":"<p>Oppm\u00f8te 1. mai i Kristiansand:<br \/>\nKl. 11:45 ved Arbeideren i Festningsgata 4.<\/p>\n","protected":false},"author":8,"featured_media":11052,"comment_status":"closed","ping_status":"closed","sticky":false,"template":"","format":"standard","meta":{"advanced_seo_description":"","jetpack_seo_html_title":"","jetpack_seo_noindex":false,"_jetpack_memberships_contains_paid_content":false,"footnotes":""},"categories":[1],"tags":[26,4],"class_list":["post-11051","post","type-post","status-publish","format-standard","has-post-thumbnail","hentry","category-uncategorized","tag-1-mai","tag-demonstrasjon"],"jetpack_featured_media_url":"https:\/\/i0.wp.com\/kampkomiteen.net\/wp-content\/uploads\/2026\/04\/image-2.jpeg?fit=1160%2C653&ssl=1","jetpack_shortlink":"https:\/\/wp.me\/pchuPf-2Sf","jetpack-related-posts":[{"id":7197,"url":"https:\/\/kampkomiteen.net\/?p=7197","url_meta":{"origin":11051,"position":0},"title":"Kristiansand: Plakater for 1. mai og Palestina","author":"Kampkomiteen","date":"25. april 2024","format":false,"excerpt":"Aktivister fra Kampkomiteen har satt opp plakater i Kristiansand sentrum.","rel":"","context":"i \"1. mai\"","block_context":{"text":"1. mai","link":"https:\/\/kampkomiteen.net\/?tag=1-mai"},"img":{"alt_text":"","src":"https:\/\/i0.wp.com\/kampkomiteen.net\/wp-content\/uploads\/2024\/04\/Foto-1-1.png?fit=1160%2C653&ssl=1&resize=350%2C200","width":350,"height":200,"srcset":"https:\/\/i0.wp.com\/kampkomiteen.net\/wp-content\/uploads\/2024\/04\/Foto-1-1.png?fit=1160%2C653&ssl=1&resize=350%2C200 1x, https:\/\/i0.wp.com\/kampkomiteen.net\/wp-content\/uploads\/2024\/04\/Foto-1-1.png?fit=1160%2C653&ssl=1&resize=525%2C300 1.5x, https:\/\/i0.wp.com\/kampkomiteen.net\/wp-content\/uploads\/2024\/04\/Foto-1-1.png?fit=1160%2C653&ssl=1&resize=700%2C400 2x, https:\/\/i0.wp.com\/kampkomiteen.net\/wp-content\/uploads\/2024\/04\/Foto-1-1.png?fit=1160%2C653&ssl=1&resize=1050%2C600 3x"},"classes":[]},{"id":8724,"url":"https:\/\/kampkomiteen.net\/?p=8724","url_meta":{"origin":11051,"position":1},"title":"Bli med! Ut p\u00e5 gata 1. mai!","author":"Kampkomiteen","date":"25. april 2025","format":false,"excerpt":"Kampkomiteen oppfordrer til \u00e5 bli med ut p\u00e5 gater og torg for \u00e5 skape en kjempende og antiimperialistisk 1. mai. Kampkomiteen vil selv markere dagen f\u00f8lgende steder:","rel":"","context":"Liknende innlegg","block_context":{"text":"Liknende innlegg","link":""},"img":{"alt_text":"","src":"https:\/\/i0.wp.com\/kampkomiteen.net\/wp-content\/uploads\/2024\/05\/Bergen1-scaled.jpg?fit=1200%2C800&ssl=1&resize=350%2C200","width":350,"height":200,"srcset":"https:\/\/i0.wp.com\/kampkomiteen.net\/wp-content\/uploads\/2024\/05\/Bergen1-scaled.jpg?fit=1200%2C800&ssl=1&resize=350%2C200 1x, https:\/\/i0.wp.com\/kampkomiteen.net\/wp-content\/uploads\/2024\/05\/Bergen1-scaled.jpg?fit=1200%2C800&ssl=1&resize=525%2C300 1.5x, https:\/\/i0.wp.com\/kampkomiteen.net\/wp-content\/uploads\/2024\/05\/Bergen1-scaled.jpg?fit=1200%2C800&ssl=1&resize=700%2C400 2x, https:\/\/i0.wp.com\/kampkomiteen.net\/wp-content\/uploads\/2024\/05\/Bergen1-scaled.jpg?fit=1200%2C800&ssl=1&resize=1050%2C600 3x"},"classes":[]},{"id":8649,"url":"https:\/\/kampkomiteen.net\/?p=8649","url_meta":{"origin":11051,"position":2},"title":"Kristiansand: Stopp okkupasjonen, stopp folkemordet","author":"Kampkomiteen","date":"3. april 2025","format":false,"excerpt":"Aktivister fra Kampkomiteen deltar i de ukentlige markeringene til st\u00f8tte for det palestinske folket. Oppm\u00f8te ved Slottet hver l\u00f8rdag kl. 14.00.","rel":"","context":"i \"Demonstrasjon\"","block_context":{"text":"Demonstrasjon","link":"https:\/\/kampkomiteen.net\/?tag=demonstrasjon"},"img":{"alt_text":"","src":"https:\/\/i0.wp.com\/kampkomiteen.net\/wp-content\/uploads\/2025\/04\/unnamed-1.jpg?fit=1200%2C856&ssl=1&resize=350%2C200","width":350,"height":200,"srcset":"https:\/\/i0.wp.com\/kampkomiteen.net\/wp-content\/uploads\/2025\/04\/unnamed-1.jpg?fit=1200%2C856&ssl=1&resize=350%2C200 1x, https:\/\/i0.wp.com\/kampkomiteen.net\/wp-content\/uploads\/2025\/04\/unnamed-1.jpg?fit=1200%2C856&ssl=1&resize=525%2C300 1.5x, https:\/\/i0.wp.com\/kampkomiteen.net\/wp-content\/uploads\/2025\/04\/unnamed-1.jpg?fit=1200%2C856&ssl=1&resize=700%2C400 2x, https:\/\/i0.wp.com\/kampkomiteen.net\/wp-content\/uploads\/2025\/04\/unnamed-1.jpg?fit=1200%2C856&ssl=1&resize=1050%2C600 3x"},"classes":[]},{"id":8738,"url":"https:\/\/kampkomiteen.net\/?p=8738","url_meta":{"origin":11051,"position":3},"title":"Kristiansand: Plakater for 1. mai","author":"Kampkomiteen","date":"28. april 2025","format":false,"excerpt":"M\u00f8t opp 1. mai! Klokka 11:45 ved Arbeideren i Festningsgata 4.","rel":"","context":"i \"Brasil\"","block_context":{"text":"Brasil","link":"https:\/\/kampkomiteen.net\/?tag=brasil"},"img":{"alt_text":"","src":"https:\/\/i0.wp.com\/kampkomiteen.net\/wp-content\/uploads\/2025\/04\/FOTO.png?fit=1160%2C653&ssl=1&resize=350%2C200","width":350,"height":200,"srcset":"https:\/\/i0.wp.com\/kampkomiteen.net\/wp-content\/uploads\/2025\/04\/FOTO.png?fit=1160%2C653&ssl=1&resize=350%2C200 1x, https:\/\/i0.wp.com\/kampkomiteen.net\/wp-content\/uploads\/2025\/04\/FOTO.png?fit=1160%2C653&ssl=1&resize=525%2C300 1.5x, https:\/\/i0.wp.com\/kampkomiteen.net\/wp-content\/uploads\/2025\/04\/FOTO.png?fit=1160%2C653&ssl=1&resize=700%2C400 2x, https:\/\/i0.wp.com\/kampkomiteen.net\/wp-content\/uploads\/2025\/04\/FOTO.png?fit=1160%2C653&ssl=1&resize=1050%2C600 3x"},"classes":[]},{"id":10624,"url":"https:\/\/kampkomiteen.net\/?p=10624","url_meta":{"origin":11051,"position":4},"title":"Kristiansand: Ut p\u00e5 gata 8. mars!","author":"Kampkomiteen","date":"3. mars 2026","format":false,"excerpt":"Oppm\u00f8te 8. mars: \u00d8vre torv kl. 13.","rel":"","context":"i \"8. mars\"","block_context":{"text":"8. mars","link":"https:\/\/kampkomiteen.net\/?tag=8-mars"},"img":{"alt_text":"","src":"https:\/\/i0.wp.com\/kampkomiteen.net\/wp-content\/uploads\/2026\/03\/8M-plakater.jpg?fit=1160%2C653&ssl=1&resize=350%2C200","width":350,"height":200,"srcset":"https:\/\/i0.wp.com\/kampkomiteen.net\/wp-content\/uploads\/2026\/03\/8M-plakater.jpg?fit=1160%2C653&ssl=1&resize=350%2C200 1x, https:\/\/i0.wp.com\/kampkomiteen.net\/wp-content\/uploads\/2026\/03\/8M-plakater.jpg?fit=1160%2C653&ssl=1&resize=525%2C300 1.5x, https:\/\/i0.wp.com\/kampkomiteen.net\/wp-content\/uploads\/2026\/03\/8M-plakater.jpg?fit=1160%2C653&ssl=1&resize=700%2C400 2x, https:\/\/i0.wp.com\/kampkomiteen.net\/wp-content\/uploads\/2026\/03\/8M-plakater.jpg?fit=1160%2C653&ssl=1&resize=1050%2C600 3x"},"classes":[]},{"id":2533,"url":"https:\/\/kampkomiteen.net\/?p=2533","url_meta":{"origin":11051,"position":5},"title":"Bli med p\u00e5 8. mars: Tider og steder for oppm\u00f8te","author":"Kampkomiteen","date":"4. mars 2022","format":false,"excerpt":"Vi har f\u00e5tt inn f\u00f8lgende informasjon om oppm\u00f8tested og tid for markeringer i Oslo, Bergen, Trondheim og Kristiansand, og oppfordrer varmt til \u00e5 delta.","rel":"","context":"i \"8. mars\"","block_context":{"text":"8. mars","link":"https:\/\/kampkomiteen.net\/?tag=8-mars"},"img":{"alt_text":"","src":"https:\/\/i0.wp.com\/kampkomiteen.net\/wp-content\/uploads\/2022\/03\/oslo.1.mai2_-850x550-1.jpeg?fit=850%2C550&ssl=1&resize=350%2C200","width":350,"height":200,"srcset":"https:\/\/i0.wp.com\/kampkomiteen.net\/wp-content\/uploads\/2022\/03\/oslo.1.mai2_-850x550-1.jpeg?fit=850%2C550&ssl=1&resize=350%2C200 1x, https:\/\/i0.wp.com\/kampkomiteen.net\/wp-content\/uploads\/2022\/03\/oslo.1.mai2_-850x550-1.jpeg?fit=850%2C550&ssl=1&resize=525%2C300 1.5x, https:\/\/i0.wp.com\/kampkomiteen.net\/wp-content\/uploads\/2022\/03\/oslo.1.mai2_-850x550-1.jpeg?fit=850%2C550&ssl=1&resize=700%2C400 2x"},"classes":[]}],"jetpack_sharing_enabled":true,"_links":{"self":[{"href":"https:\/\/kampkomiteen.net\/index.php?rest_route=\/wp\/v2\/posts\/11051","targetHints":{"allow":["GET"]}}],"collection":[{"href":"https:\/\/kampkomiteen.net\/index.php?rest_route=\/wp\/v2\/posts"}],"about":[{"href":"https:\/\/kampkomiteen.net\/index.php?rest_route=\/wp\/v2\/types\/post"}],"author":[{"embeddable":true,"href":"https:\/\/kampkomiteen.net\/index.php?rest_route=\/wp\/v2\/users\/8"}],"replies":[{"embeddable":true,"href":"https:\/\/kampkomiteen.net\/index.php?rest_route=%2Fwp%2Fv2%2Fcomments&post=11051"}],"version-history":[{"count":1,"href":"https:\/\/kampkomiteen.net\/index.php?rest_route=\/wp\/v2\/posts\/11051\/revisions"}],"predecessor-version":[{"id":11055,"href":"https:\/\/kampkomiteen.net\/index.php?rest_route=\/wp\/v2\/posts\/11051\/revisions\/11055"}],"wp:featuredmedia":[{"embeddable":true,"href":"https:\/\/kampkomiteen.net\/index.php?rest_route=\/wp\/v2\/media\/11052"}],"wp:attachment":[{"href":"https:\/\/kampkomiteen.net\/index.php?rest_route=%2Fwp%2Fv2%2Fmedia&parent=11051"}],"wp:term":[{"taxonomy":"category","embeddable":true,"href":"https:\/\/kampkomiteen.net\/index.php?rest_route=%2Fwp%2Fv2%2Fcategories&post=11051"},{"taxonomy":"post_tag","embeddable":true,"href":"https:\/\/kampkomiteen.net\/index.php?rest_route=%2Fwp%2Fv2%2Ftags&post=11051"}],"curies":[{"name":"wp","href":"https:\/\/api.w.org\/{rel}","templated":true}]}}