{"id":11037,"date":"2026-04-28T15:32:53","date_gmt":"2026-04-28T13:32:53","guid":{"rendered":"https:\/\/kampkomiteen.net\/?p=11037"},"modified":"2026-04-28T15:32:53","modified_gmt":"2026-04-28T13:32:53","slug":"trondheim-lordagsdemonstrasjoner-for-palestina","status":"publish","type":"post","link":"https:\/\/kampkomiteen.net\/?p=11037","title":{"rendered":"Trondheim: L\u00f8rdagsdemonstrasjoner for Palestina"},"content":{"rendered":"<div id=\"fb-root\"><\/div>\n\n<p><em>Skrevet av aktivister i Trondheim.<\/em><\/p>\n\n\n\n<p><strong>De siste to ukene har Kampkomiteen deltatt i de ukentlige demonstrasjonene for Palestina.<\/strong><\/p>\n\n\n\n<p>P\u00e5 l\u00f8rdagsdemonstrasjonen 18. april var det s\u00e6rlig fokus p\u00e5 den nylig vedtatte loven i Israel som \u00e5pner for d\u00f8dsstraff for palestinske fanger. <\/p>\n\n\n\n<p>L\u00f8rdag 25. april hadde Kampkomiteen hovedansvaret for demonstrasjonen. Det ble lest dikt og holdt flere appeller, blant annet om d\u00f8dstraffloven og om flotiljen som er p\u00e5 vei til Gaza. Kampkomiteens appell avsluttet slik:<br><br><em>&laquo;S\u00e5 motstanden, den m\u00e5 komme fra oss! Verdens folk, vi som kjenner virkeligheta og vi som har svarene. Det er vi som er fremtida. De folkemorderske lederne v\u00e5re vil bli kasta p\u00e5 historiens skraphaug. De har ingen fremtid! Folkemordet utvikles, men motstanden verden over skjerpes og blir st\u00f8rre for hver dag som g\u00e5r. Hele verden reiser seg opp mot folkemord og imperialisme. Undertrykte folk vil alltid sl\u00e5 seg fri, og aldri gi opp! Fritt Palestina!&raquo;<\/em><\/p>\n\n\n\n<p class=\"has-text-align-center\">Bilder fra l\u00f8rdag 18. april:<\/p>\n\n\n\n<figure class=\"wp-block-image size-full\"><img data-recalc-dims=\"1\" loading=\"lazy\" decoding=\"async\" width=\"810\" height=\"540\" src=\"https:\/\/i0.wp.com\/kampkomiteen.net\/wp-content\/uploads\/2026\/04\/demo-1.jpg?resize=810%2C540&#038;ssl=1\" alt=\"\" class=\"wp-image-11038\" srcset=\"https:\/\/i0.wp.com\/kampkomiteen.net\/wp-content\/uploads\/2026\/04\/demo-1.jpg?w=1050&amp;ssl=1 1050w, https:\/\/i0.wp.com\/kampkomiteen.net\/wp-content\/uploads\/2026\/04\/demo-1.jpg?resize=1000%2C667&amp;ssl=1 1000w, https:\/\/i0.wp.com\/kampkomiteen.net\/wp-content\/uploads\/2026\/04\/demo-1.jpg?resize=768%2C512&amp;ssl=1 768w, https:\/\/i0.wp.com\/kampkomiteen.net\/wp-content\/uploads\/2026\/04\/demo-1.jpg?resize=120%2C80&amp;ssl=1 120w\" sizes=\"auto, (max-width: 810px) 100vw, 810px\" \/><\/figure>\n\n\n\n<figure class=\"wp-block-image size-full\"><img data-recalc-dims=\"1\" loading=\"lazy\" decoding=\"async\" width=\"810\" height=\"540\" src=\"https:\/\/i0.wp.com\/kampkomiteen.net\/wp-content\/uploads\/2026\/04\/demo-2.jpg?resize=810%2C540&#038;ssl=1\" alt=\"\" class=\"wp-image-11039\" srcset=\"https:\/\/i0.wp.com\/kampkomiteen.net\/wp-content\/uploads\/2026\/04\/demo-2.jpg?w=1050&amp;ssl=1 1050w, https:\/\/i0.wp.com\/kampkomiteen.net\/wp-content\/uploads\/2026\/04\/demo-2.jpg?resize=1000%2C667&amp;ssl=1 1000w, https:\/\/i0.wp.com\/kampkomiteen.net\/wp-content\/uploads\/2026\/04\/demo-2.jpg?resize=768%2C512&amp;ssl=1 768w, https:\/\/i0.wp.com\/kampkomiteen.net\/wp-content\/uploads\/2026\/04\/demo-2.jpg?resize=120%2C80&amp;ssl=1 120w\" sizes=\"auto, (max-width: 810px) 100vw, 810px\" \/><\/figure>\n\n\n\n<figure class=\"wp-block-image size-full\"><img data-recalc-dims=\"1\" loading=\"lazy\" decoding=\"async\" width=\"810\" height=\"540\" src=\"https:\/\/i0.wp.com\/kampkomiteen.net\/wp-content\/uploads\/2026\/04\/demo-3.jpg?resize=810%2C540&#038;ssl=1\" alt=\"\" class=\"wp-image-11040\" srcset=\"https:\/\/i0.wp.com\/kampkomiteen.net\/wp-content\/uploads\/2026\/04\/demo-3.jpg?w=1050&amp;ssl=1 1050w, https:\/\/i0.wp.com\/kampkomiteen.net\/wp-content\/uploads\/2026\/04\/demo-3.jpg?resize=1000%2C667&amp;ssl=1 1000w, https:\/\/i0.wp.com\/kampkomiteen.net\/wp-content\/uploads\/2026\/04\/demo-3.jpg?resize=768%2C512&amp;ssl=1 768w, https:\/\/i0.wp.com\/kampkomiteen.net\/wp-content\/uploads\/2026\/04\/demo-3.jpg?resize=120%2C80&amp;ssl=1 120w\" sizes=\"auto, (max-width: 810px) 100vw, 810px\" \/><\/figure>\n\n\n\n<p class=\"has-text-align-center\">Bilder fra l\u00f8rdag 25. april:<\/p>\n\n\n\n<figure class=\"wp-block-image size-full\"><img data-recalc-dims=\"1\" loading=\"lazy\" decoding=\"async\" width=\"810\" height=\"540\" src=\"https:\/\/i0.wp.com\/kampkomiteen.net\/wp-content\/uploads\/2026\/04\/demo-1-1.jpg?resize=810%2C540&#038;ssl=1\" alt=\"\" class=\"wp-image-11041\" srcset=\"https:\/\/i0.wp.com\/kampkomiteen.net\/wp-content\/uploads\/2026\/04\/demo-1-1.jpg?w=1050&amp;ssl=1 1050w, https:\/\/i0.wp.com\/kampkomiteen.net\/wp-content\/uploads\/2026\/04\/demo-1-1.jpg?resize=1000%2C667&amp;ssl=1 1000w, https:\/\/i0.wp.com\/kampkomiteen.net\/wp-content\/uploads\/2026\/04\/demo-1-1.jpg?resize=768%2C512&amp;ssl=1 768w, https:\/\/i0.wp.com\/kampkomiteen.net\/wp-content\/uploads\/2026\/04\/demo-1-1.jpg?resize=120%2C80&amp;ssl=1 120w\" sizes=\"auto, (max-width: 810px) 100vw, 810px\" \/><\/figure>\n\n\n\n<figure class=\"wp-block-image size-full\"><img data-recalc-dims=\"1\" loading=\"lazy\" decoding=\"async\" width=\"810\" height=\"540\" src=\"https:\/\/i0.wp.com\/kampkomiteen.net\/wp-content\/uploads\/2026\/04\/demo2.jpg?resize=810%2C540&#038;ssl=1\" alt=\"\" class=\"wp-image-11042\" srcset=\"https:\/\/i0.wp.com\/kampkomiteen.net\/wp-content\/uploads\/2026\/04\/demo2.jpg?w=1050&amp;ssl=1 1050w, https:\/\/i0.wp.com\/kampkomiteen.net\/wp-content\/uploads\/2026\/04\/demo2.jpg?resize=1000%2C667&amp;ssl=1 1000w, https:\/\/i0.wp.com\/kampkomiteen.net\/wp-content\/uploads\/2026\/04\/demo2.jpg?resize=768%2C512&amp;ssl=1 768w, https:\/\/i0.wp.com\/kampkomiteen.net\/wp-content\/uploads\/2026\/04\/demo2.jpg?resize=120%2C80&amp;ssl=1 120w\" sizes=\"auto, (max-width: 810px) 100vw, 810px\" \/><\/figure>\n\n\n\n<figure class=\"wp-block-image size-full\"><img data-recalc-dims=\"1\" loading=\"lazy\" decoding=\"async\" width=\"810\" height=\"540\" src=\"https:\/\/i0.wp.com\/kampkomiteen.net\/wp-content\/uploads\/2026\/04\/demo-3-1.jpg?resize=810%2C540&#038;ssl=1\" alt=\"\" class=\"wp-image-11043\" srcset=\"https:\/\/i0.wp.com\/kampkomiteen.net\/wp-content\/uploads\/2026\/04\/demo-3-1.jpg?w=1050&amp;ssl=1 1050w, https:\/\/i0.wp.com\/kampkomiteen.net\/wp-content\/uploads\/2026\/04\/demo-3-1.jpg?resize=1000%2C667&amp;ssl=1 1000w, https:\/\/i0.wp.com\/kampkomiteen.net\/wp-content\/uploads\/2026\/04\/demo-3-1.jpg?resize=768%2C512&amp;ssl=1 768w, https:\/\/i0.wp.com\/kampkomiteen.net\/wp-content\/uploads\/2026\/04\/demo-3-1.jpg?resize=120%2C80&amp;ssl=1 120w\" sizes=\"auto, (max-width: 810px) 100vw, 810px\" \/><\/figure>\n","protected":false},"excerpt":{"rendered":"<p>De siste to ukene har Kampkomiteen deltatt i de ukentlige demonstrasjonene for Palestina.<\/p>\n","protected":false},"author":8,"featured_media":11043,"comment_status":"closed","ping_status":"","sticky":false,"template":"","format":"standard","meta":{"advanced_seo_description":"","jetpack_seo_html_title":"","jetpack_seo_noindex":false,"_jetpack_memberships_contains_paid_content":false,"footnotes":""},"categories":[1],"tags":[48,4,21,47,12],"class_list":["post-11037","post","type-post","status-publish","format-standard","has-post-thumbnail","hentry","category-uncategorized","tag-antiimperialisme","tag-demonstrasjon","tag-palestina","tag-solidaritet","tag-trondheim"],"jetpack_featured_media_url":"https:\/\/i0.wp.com\/kampkomiteen.net\/wp-content\/uploads\/2026\/04\/demo-3-1.jpg?fit=1050%2C700&ssl=1","jetpack_shortlink":"https:\/\/wp.me\/pchuPf-2S1","jetpack-related-posts":[{"id":9757,"url":"https:\/\/kampkomiteen.net\/?p=9757","url_meta":{"origin":11037,"position":0},"title":"Trondheim: Palestinasolidaritet","author":"Kampkomiteen","date":"11. oktober 2025","format":false,"excerpt":"S\u00e5 langt i oktober har Kampkomiteen deltatt p\u00e5 to demonstrasjoner for palestina og et m\u00f8te med foredrag.","rel":"","context":"i \"7. oktober\"","block_context":{"text":"7. oktober","link":"https:\/\/kampkomiteen.net\/?tag=7-oktober"},"img":{"alt_text":"","src":"https:\/\/i0.wp.com\/kampkomiteen.net\/wp-content\/uploads\/2025\/10\/IMG_3780.jpg?fit=748%2C499&ssl=1&resize=350%2C200","width":350,"height":200,"srcset":"https:\/\/i0.wp.com\/kampkomiteen.net\/wp-content\/uploads\/2025\/10\/IMG_3780.jpg?fit=748%2C499&ssl=1&resize=350%2C200 1x, https:\/\/i0.wp.com\/kampkomiteen.net\/wp-content\/uploads\/2025\/10\/IMG_3780.jpg?fit=748%2C499&ssl=1&resize=525%2C300 1.5x, https:\/\/i0.wp.com\/kampkomiteen.net\/wp-content\/uploads\/2025\/10\/IMG_3780.jpg?fit=748%2C499&ssl=1&resize=700%2C400 2x"},"classes":[]},{"id":1781,"url":"https:\/\/kampkomiteen.net\/?p=1781","url_meta":{"origin":11037,"position":1},"title":"Solidaritet med Palestina","author":"Kampkomiteen","date":"17. mai 2021","format":false,"excerpt":"Den siste uka har det v\u00e6rt ei rekke demonstrasjoner til st\u00f8tte for det palestinske folket, og p\u00e5 l\u00f8rdag blei Nakba markert i flere byer. Aktivister fra Kampkomiteen har rapportert om demonstrasjonene de har deltatt i.","rel":"","context":"i \"Nakba\"","block_context":{"text":"Nakba","link":"https:\/\/kampkomiteen.net\/?tag=nakba"},"img":{"alt_text":"","src":"https:\/\/i0.wp.com\/kampkomiteen.net\/wp-content\/uploads\/2021\/05\/1.png?fit=1160%2C870&ssl=1&resize=350%2C200","width":350,"height":200,"srcset":"https:\/\/i0.wp.com\/kampkomiteen.net\/wp-content\/uploads\/2021\/05\/1.png?fit=1160%2C870&ssl=1&resize=350%2C200 1x, https:\/\/i0.wp.com\/kampkomiteen.net\/wp-content\/uploads\/2021\/05\/1.png?fit=1160%2C870&ssl=1&resize=525%2C300 1.5x, https:\/\/i0.wp.com\/kampkomiteen.net\/wp-content\/uploads\/2021\/05\/1.png?fit=1160%2C870&ssl=1&resize=700%2C400 2x, https:\/\/i0.wp.com\/kampkomiteen.net\/wp-content\/uploads\/2021\/05\/1.png?fit=1160%2C870&ssl=1&resize=1050%2C600 3x"},"classes":[]},{"id":7468,"url":"https:\/\/kampkomiteen.net\/?p=7468","url_meta":{"origin":11037,"position":2},"title":"Oslo: Demonstrasjon for Palestina","author":"Kampkomiteen","date":"11. juni 2024","format":false,"excerpt":"L\u00f8rdag 8. juni deltok aktivister fra Kampkomiteen p\u00e5 Free Palestine \u2013 Save Gaza sin faste l\u00f8rdagsmarkering.\u00a0","rel":"","context":"i \"Demonstrasjon\"","block_context":{"text":"Demonstrasjon","link":"https:\/\/kampkomiteen.net\/?tag=demonstrasjon"},"img":{"alt_text":"","src":"https:\/\/i0.wp.com\/kampkomiteen.net\/wp-content\/uploads\/2024\/06\/2.jpg?fit=1200%2C800&ssl=1&resize=350%2C200","width":350,"height":200,"srcset":"https:\/\/i0.wp.com\/kampkomiteen.net\/wp-content\/uploads\/2024\/06\/2.jpg?fit=1200%2C800&ssl=1&resize=350%2C200 1x, https:\/\/i0.wp.com\/kampkomiteen.net\/wp-content\/uploads\/2024\/06\/2.jpg?fit=1200%2C800&ssl=1&resize=525%2C300 1.5x, https:\/\/i0.wp.com\/kampkomiteen.net\/wp-content\/uploads\/2024\/06\/2.jpg?fit=1200%2C800&ssl=1&resize=700%2C400 2x, https:\/\/i0.wp.com\/kampkomiteen.net\/wp-content\/uploads\/2024\/06\/2.jpg?fit=1200%2C800&ssl=1&resize=1050%2C600 3x"},"classes":[]},{"id":8980,"url":"https:\/\/kampkomiteen.net\/?p=8980","url_meta":{"origin":11037,"position":3},"title":"Bli med i Kampkomiteen!","author":"Kampkomiteen","date":"7. juni 2025","format":false,"excerpt":"Om du er lei av se krig, sult og urettferdighet \u2013 bli en av dem som organiserer seg, kjemper og gj\u00f8r motstand! Bli med i Kampkomiteen.","rel":"","context":"Liknende innlegg","block_context":{"text":"Liknende innlegg","link":""},"img":{"alt_text":"","src":"https:\/\/i0.wp.com\/kampkomiteen.net\/wp-content\/uploads\/2025\/04\/1.mai_.jpg?fit=602%2C401&ssl=1&resize=350%2C200","width":350,"height":200,"srcset":"https:\/\/i0.wp.com\/kampkomiteen.net\/wp-content\/uploads\/2025\/04\/1.mai_.jpg?fit=602%2C401&ssl=1&resize=350%2C200 1x, https:\/\/i0.wp.com\/kampkomiteen.net\/wp-content\/uploads\/2025\/04\/1.mai_.jpg?fit=602%2C401&ssl=1&resize=525%2C300 1.5x"},"classes":[]},{"id":10308,"url":"https:\/\/kampkomiteen.net\/?p=10308","url_meta":{"origin":11037,"position":4},"title":"Trondheim: Ny l\u00f8rdagsdemonstrasjon for Palestina","author":"Kampkomiteen","date":"25. januar 2026","format":false,"excerpt":"Ogs\u00e5 denne l\u00f8rdagen, 24. januar, var det godt oppm\u00f8te av demonstranter i alle aldre i Trondheim. Demonstrasjonen var sterkt preget av internasjonalistisk optimisme.","rel":"","context":"i \"Antiimperialisme\"","block_context":{"text":"Antiimperialisme","link":"https:\/\/kampkomiteen.net\/?tag=antiimperialisme"},"img":{"alt_text":"","src":"https:\/\/i0.wp.com\/kampkomiteen.net\/wp-content\/uploads\/2026\/01\/Demo3-1.jpg?fit=1096%2C700&ssl=1&resize=350%2C200","width":350,"height":200,"srcset":"https:\/\/i0.wp.com\/kampkomiteen.net\/wp-content\/uploads\/2026\/01\/Demo3-1.jpg?fit=1096%2C700&ssl=1&resize=350%2C200 1x, https:\/\/i0.wp.com\/kampkomiteen.net\/wp-content\/uploads\/2026\/01\/Demo3-1.jpg?fit=1096%2C700&ssl=1&resize=525%2C300 1.5x, https:\/\/i0.wp.com\/kampkomiteen.net\/wp-content\/uploads\/2026\/01\/Demo3-1.jpg?fit=1096%2C700&ssl=1&resize=700%2C400 2x, https:\/\/i0.wp.com\/kampkomiteen.net\/wp-content\/uploads\/2026\/01\/Demo3-1.jpg?fit=1096%2C700&ssl=1&resize=1050%2C600 3x"},"classes":[]},{"id":10268,"url":"https:\/\/kampkomiteen.net\/?p=10268","url_meta":{"origin":11037,"position":5},"title":"Internasjonal kampanje: Yankee-imperialismen ut av Venezuela!","author":"Kampkomiteen","date":"13. januar 2026","format":false,"excerpt":"Opprop for en internasjonal kampanje for \u00e5 avvise yankee-imperialismens aggresjon i Venezuela","rel":"","context":"i &quot;Uttalelser&quot;","block_context":{"text":"Uttalelser","link":"https:\/\/kampkomiteen.net\/?cat=94"},"img":{"alt_text":"","src":"https:\/\/i0.wp.com\/kampkomiteen.net\/wp-content\/uploads\/2026\/01\/20260105_170512.jpg?fit=1160%2C572&ssl=1&resize=350%2C200","width":350,"height":200,"srcset":"https:\/\/i0.wp.com\/kampkomiteen.net\/wp-content\/uploads\/2026\/01\/20260105_170512.jpg?fit=1160%2C572&ssl=1&resize=350%2C200 1x, https:\/\/i0.wp.com\/kampkomiteen.net\/wp-content\/uploads\/2026\/01\/20260105_170512.jpg?fit=1160%2C572&ssl=1&resize=525%2C300 1.5x, https:\/\/i0.wp.com\/kampkomiteen.net\/wp-content\/uploads\/2026\/01\/20260105_170512.jpg?fit=1160%2C572&ssl=1&resize=700%2C400 2x, https:\/\/i0.wp.com\/kampkomiteen.net\/wp-content\/uploads\/2026\/01\/20260105_170512.jpg?fit=1160%2C572&ssl=1&resize=1050%2C600 3x"},"classes":[]}],"jetpack_sharing_enabled":true,"_links":{"self":[{"href":"https:\/\/kampkomiteen.net\/index.php?rest_route=\/wp\/v2\/posts\/11037","targetHints":{"allow":["GET"]}}],"collection":[{"href":"https:\/\/kampkomiteen.net\/index.php?rest_route=\/wp\/v2\/posts"}],"about":[{"href":"https:\/\/kampkomiteen.net\/index.php?rest_route=\/wp\/v2\/types\/post"}],"author":[{"embeddable":true,"href":"https:\/\/kampkomiteen.net\/index.php?rest_route=\/wp\/v2\/users\/8"}],"replies":[{"embeddable":true,"href":"https:\/\/kampkomiteen.net\/index.php?rest_route=%2Fwp%2Fv2%2Fcomments&post=11037"}],"version-history":[{"count":3,"href":"https:\/\/kampkomiteen.net\/index.php?rest_route=\/wp\/v2\/posts\/11037\/revisions"}],"predecessor-version":[{"id":11046,"href":"https:\/\/kampkomiteen.net\/index.php?rest_route=\/wp\/v2\/posts\/11037\/revisions\/11046"}],"wp:featuredmedia":[{"embeddable":true,"href":"https:\/\/kampkomiteen.net\/index.php?rest_route=\/wp\/v2\/media\/11043"}],"wp:attachment":[{"href":"https:\/\/kampkomiteen.net\/index.php?rest_route=%2Fwp%2Fv2%2Fmedia&parent=11037"}],"wp:term":[{"taxonomy":"category","embeddable":true,"href":"https:\/\/kampkomiteen.net\/index.php?rest_route=%2Fwp%2Fv2%2Fcategories&post=11037"},{"taxonomy":"post_tag","embeddable":true,"href":"https:\/\/kampkomiteen.net\/index.php?rest_route=%2Fwp%2Fv2%2Ftags&post=11037"}],"curies":[{"name":"wp","href":"https:\/\/api.w.org\/{rel}","templated":true}]}}