{"id":11017,"date":"2026-04-28T07:00:28","date_gmt":"2026-04-28T05:00:28","guid":{"rendered":"https:\/\/kampkomiteen.net\/?p=11017"},"modified":"2026-04-28T03:18:37","modified_gmt":"2026-04-28T01:18:37","slug":"bergen-vellykka-gjennomforing-av-antiimperialistisk-konferanse","status":"publish","type":"post","link":"https:\/\/kampkomiteen.net\/?p=11017","title":{"rendered":"Bergen: Vellykka gjennomf\u00f8ring av Antiimperialistisk Konferanse"},"content":{"rendered":"<div id=\"fb-root\"><\/div>\n\n<p><em>Skrevet av aktivister i Bergen. <\/em><\/p>\n\n\n\n<p><strong>I Bergen ble den Antiimperialistiske Konferanse holdt fra 24. til 26. april. Til sammen samla konferansen over 40 antiimperialister.<\/strong><\/p>\n\n\n\n<p>Aktivister fra Kampkomiteen deltok p\u00e5 Antiimperialistisk Konferanse, arrangert av Bergen4Palestine. Det er tredje \u00e5ret p\u00e5 rad at denne konferansen blir holdt, og under \u00e5rets konferanse var ulike organisasjoner fra utlandet tilstede: Masar Badil, Samidoun, Antiimperialistisk Aktion &#8211; Stockholm, Antiimperialistisk Kollektiv &#8211; Finland.<\/p>\n\n\n\n<p>Lokalet ble flott pynta med r\u00f8de og palestinske flagg. I hovedrommet kunne mann se et portrett av kamerat Basavaraj og fanen til Antiimperialistisk Forbund. Til venstre hang det et banner der det sto \u201cFrihet for alle politiske fanger\u201d, og til h\u00f8yre hang hovedbanneret for \u00e5rets antiimperialistiske 1. mai-blokk i Bergen: \u201cSt\u00f8tt folkets kamp i India og Palestina! USA &#8211; henda vekk fra Iran!\u201d. Rundt omkring i lokalet l\u00e5 det l\u00f8pesedler og plakater for den antiimperialistiske 1. mai markeringa. Et h\u00f8ydepunkt fra konferansen var et intervju med kamerat Ajith der han fortalte om situasjonen i India, og svarte p\u00e5 sp\u00f8rsm\u00e5l fra publikum. Kamerat Ajith slo fast at den h\u00f8yeste formen for internasjonal solidaritet er det \u00e5 gj\u00f8re revolusjon i sitt eget land. Flere ganger hilste deltakerne kamerat Ajith ved \u00e5 rope \u201cLal salam\u201d.&nbsp;<\/p>\n\n\n\n<p>Videre holdt Kampkomiteen en presentasjon om Antiimperialistisk Forbund, der det ble fortalt om reisen til stiftelseskongressen, og om de oppgavene som st\u00e5r p\u00e5 agendaen n\u00e5. Etter presentasjonen ble det holdt en panelsamtale med de ulike organisasjonene til stede, der det ble enhet om n\u00f8dvendigheten av et konsekvent antiimperialistisk standpunkt for \u00e5 st\u00f8tte motstandskampene i Palestina, Jemen, Libanon og Iran, og folkekrigene i Peru, Tyrkia, India og p\u00e5 Filippinene. Det ble ogs\u00e5 tatt opp en sterk kritikk av opportunisme, og dens \u00f8deleggende effekt p\u00e5 den revolusjon\u00e6re antiimperialistiske bevegelsen i Europa og resten av verden.<\/p>\n\n\n\n<p>\u00c5rets konferanse var en seier i arbeidet for \u00e5 styrke den antiimperialistiske bevegelsen lokalt, nasjonalt og internasjonalt, og i arbeidet for \u00e5 promotere Antiimperialistisk Forbund. Kamerater diskuterte og l\u00e6rte i lag, og Kampkomiteens aktivister forlot konferansen ikke bare klar for \u00e5 feire 1. mai, men klar for \u00e5 fortsette \u00e5 kjempe og organisere i en internasjonalistisk \u00e5nd.<\/p>\n\n\n\n<figure class=\"wp-block-image size-full\"><img data-recalc-dims=\"1\" loading=\"lazy\" decoding=\"async\" width=\"810\" height=\"459\" src=\"https:\/\/i0.wp.com\/kampkomiteen.net\/wp-content\/uploads\/2026\/04\/20260425_164823-1.jpg?resize=810%2C459&#038;ssl=1\" alt=\"\" class=\"wp-image-11019\" srcset=\"https:\/\/i0.wp.com\/kampkomiteen.net\/wp-content\/uploads\/2026\/04\/20260425_164823-1.jpg?w=1160&amp;ssl=1 1160w, https:\/\/i0.wp.com\/kampkomiteen.net\/wp-content\/uploads\/2026\/04\/20260425_164823-1.jpg?resize=1000%2C567&amp;ssl=1 1000w, https:\/\/i0.wp.com\/kampkomiteen.net\/wp-content\/uploads\/2026\/04\/20260425_164823-1.jpg?resize=768%2C436&amp;ssl=1 768w\" sizes=\"auto, (max-width: 810px) 100vw, 810px\" \/><\/figure>\n\n\n\n<figure class=\"wp-block-image size-full\"><img data-recalc-dims=\"1\" loading=\"lazy\" decoding=\"async\" width=\"810\" height=\"464\" src=\"https:\/\/i0.wp.com\/kampkomiteen.net\/wp-content\/uploads\/2026\/04\/20260424_191023.jpg?resize=810%2C464&#038;ssl=1\" alt=\"\" class=\"wp-image-11020\" srcset=\"https:\/\/i0.wp.com\/kampkomiteen.net\/wp-content\/uploads\/2026\/04\/20260424_191023.jpg?w=1160&amp;ssl=1 1160w, https:\/\/i0.wp.com\/kampkomiteen.net\/wp-content\/uploads\/2026\/04\/20260424_191023.jpg?resize=1000%2C572&amp;ssl=1 1000w, https:\/\/i0.wp.com\/kampkomiteen.net\/wp-content\/uploads\/2026\/04\/20260424_191023.jpg?resize=768%2C440&amp;ssl=1 768w\" sizes=\"auto, (max-width: 810px) 100vw, 810px\" \/><\/figure>\n\n\n\n<figure class=\"wp-block-image size-full\"><img data-recalc-dims=\"1\" loading=\"lazy\" decoding=\"async\" width=\"810\" height=\"460\" src=\"https:\/\/i0.wp.com\/kampkomiteen.net\/wp-content\/uploads\/2026\/04\/20260424_193557.jpg?resize=810%2C460&#038;ssl=1\" alt=\"\" class=\"wp-image-11023\" srcset=\"https:\/\/i0.wp.com\/kampkomiteen.net\/wp-content\/uploads\/2026\/04\/20260424_193557.jpg?w=1160&amp;ssl=1 1160w, https:\/\/i0.wp.com\/kampkomiteen.net\/wp-content\/uploads\/2026\/04\/20260424_193557.jpg?resize=1000%2C568&amp;ssl=1 1000w, https:\/\/i0.wp.com\/kampkomiteen.net\/wp-content\/uploads\/2026\/04\/20260424_193557.jpg?resize=768%2C436&amp;ssl=1 768w\" sizes=\"auto, (max-width: 810px) 100vw, 810px\" \/><\/figure>\n\n\n\n<figure class=\"wp-block-image size-full\"><img data-recalc-dims=\"1\" loading=\"lazy\" decoding=\"async\" width=\"810\" height=\"501\" src=\"https:\/\/i0.wp.com\/kampkomiteen.net\/wp-content\/uploads\/2026\/04\/20260425_155020.jpg?resize=810%2C501&#038;ssl=1\" alt=\"\" class=\"wp-image-11025\" srcset=\"https:\/\/i0.wp.com\/kampkomiteen.net\/wp-content\/uploads\/2026\/04\/20260425_155020.jpg?w=1160&amp;ssl=1 1160w, https:\/\/i0.wp.com\/kampkomiteen.net\/wp-content\/uploads\/2026\/04\/20260425_155020.jpg?resize=1000%2C619&amp;ssl=1 1000w, https:\/\/i0.wp.com\/kampkomiteen.net\/wp-content\/uploads\/2026\/04\/20260425_155020.jpg?resize=768%2C475&amp;ssl=1 768w\" sizes=\"auto, (max-width: 810px) 100vw, 810px\" \/><\/figure>\n\n\n\n<figure class=\"wp-block-image size-full\"><img data-recalc-dims=\"1\" loading=\"lazy\" decoding=\"async\" width=\"810\" height=\"501\" src=\"https:\/\/i0.wp.com\/kampkomiteen.net\/wp-content\/uploads\/2026\/04\/20260425_155020-1.jpg?resize=810%2C501&#038;ssl=1\" alt=\"\" class=\"wp-image-11026\" srcset=\"https:\/\/i0.wp.com\/kampkomiteen.net\/wp-content\/uploads\/2026\/04\/20260425_155020-1.jpg?w=1160&amp;ssl=1 1160w, https:\/\/i0.wp.com\/kampkomiteen.net\/wp-content\/uploads\/2026\/04\/20260425_155020-1.jpg?resize=1000%2C619&amp;ssl=1 1000w, https:\/\/i0.wp.com\/kampkomiteen.net\/wp-content\/uploads\/2026\/04\/20260425_155020-1.jpg?resize=768%2C475&amp;ssl=1 768w\" sizes=\"auto, (max-width: 810px) 100vw, 810px\" \/><\/figure>\n\n\n\n<figure class=\"wp-block-image size-full\"><img data-recalc-dims=\"1\" loading=\"lazy\" decoding=\"async\" width=\"810\" height=\"500\" src=\"https:\/\/i0.wp.com\/kampkomiteen.net\/wp-content\/uploads\/2026\/04\/20260425_163008.jpg?resize=810%2C500&#038;ssl=1\" alt=\"\" class=\"wp-image-11027\" srcset=\"https:\/\/i0.wp.com\/kampkomiteen.net\/wp-content\/uploads\/2026\/04\/20260425_163008.jpg?w=1160&amp;ssl=1 1160w, https:\/\/i0.wp.com\/kampkomiteen.net\/wp-content\/uploads\/2026\/04\/20260425_163008.jpg?resize=1000%2C617&amp;ssl=1 1000w, https:\/\/i0.wp.com\/kampkomiteen.net\/wp-content\/uploads\/2026\/04\/20260425_163008.jpg?resize=768%2C474&amp;ssl=1 768w\" sizes=\"auto, (max-width: 810px) 100vw, 810px\" \/><\/figure>\n\n\n\n<figure class=\"wp-block-image size-full\"><img data-recalc-dims=\"1\" loading=\"lazy\" decoding=\"async\" width=\"810\" height=\"407\" src=\"https:\/\/i0.wp.com\/kampkomiteen.net\/wp-content\/uploads\/2026\/04\/20260425_164835.jpg?resize=810%2C407&#038;ssl=1\" alt=\"\" class=\"wp-image-11028\" srcset=\"https:\/\/i0.wp.com\/kampkomiteen.net\/wp-content\/uploads\/2026\/04\/20260425_164835.jpg?w=1160&amp;ssl=1 1160w, https:\/\/i0.wp.com\/kampkomiteen.net\/wp-content\/uploads\/2026\/04\/20260425_164835.jpg?resize=1000%2C503&amp;ssl=1 1000w, https:\/\/i0.wp.com\/kampkomiteen.net\/wp-content\/uploads\/2026\/04\/20260425_164835.jpg?resize=768%2C386&amp;ssl=1 768w\" sizes=\"auto, (max-width: 810px) 100vw, 810px\" \/><\/figure>\n\n\n\n<figure class=\"wp-block-image size-full\"><img data-recalc-dims=\"1\" loading=\"lazy\" decoding=\"async\" width=\"810\" height=\"470\" src=\"https:\/\/i0.wp.com\/kampkomiteen.net\/wp-content\/uploads\/2026\/04\/20260425_173158.jpg?resize=810%2C470&#038;ssl=1\" alt=\"\" class=\"wp-image-11029\" srcset=\"https:\/\/i0.wp.com\/kampkomiteen.net\/wp-content\/uploads\/2026\/04\/20260425_173158.jpg?w=1160&amp;ssl=1 1160w, https:\/\/i0.wp.com\/kampkomiteen.net\/wp-content\/uploads\/2026\/04\/20260425_173158.jpg?resize=1000%2C580&amp;ssl=1 1000w, https:\/\/i0.wp.com\/kampkomiteen.net\/wp-content\/uploads\/2026\/04\/20260425_173158.jpg?resize=768%2C446&amp;ssl=1 768w\" sizes=\"auto, (max-width: 810px) 100vw, 810px\" \/><\/figure>\n\n\n\n<figure class=\"wp-block-image size-full\"><img data-recalc-dims=\"1\" loading=\"lazy\" decoding=\"async\" width=\"810\" height=\"517\" src=\"https:\/\/i0.wp.com\/kampkomiteen.net\/wp-content\/uploads\/2026\/04\/20260425_175734.jpg?resize=810%2C517&#038;ssl=1\" alt=\"\" class=\"wp-image-11034\" srcset=\"https:\/\/i0.wp.com\/kampkomiteen.net\/wp-content\/uploads\/2026\/04\/20260425_175734.jpg?w=1160&amp;ssl=1 1160w, https:\/\/i0.wp.com\/kampkomiteen.net\/wp-content\/uploads\/2026\/04\/20260425_175734.jpg?resize=1000%2C639&amp;ssl=1 1000w, https:\/\/i0.wp.com\/kampkomiteen.net\/wp-content\/uploads\/2026\/04\/20260425_175734.jpg?resize=768%2C491&amp;ssl=1 768w, https:\/\/i0.wp.com\/kampkomiteen.net\/wp-content\/uploads\/2026\/04\/20260425_175734.jpg?resize=360%2C230&amp;ssl=1 360w\" sizes=\"auto, (max-width: 810px) 100vw, 810px\" \/><\/figure>\n\n\n\n<figure class=\"wp-block-image size-full\"><img data-recalc-dims=\"1\" loading=\"lazy\" decoding=\"async\" width=\"810\" height=\"401\" src=\"https:\/\/i0.wp.com\/kampkomiteen.net\/wp-content\/uploads\/2026\/04\/20260425_183711.jpg?resize=810%2C401&#038;ssl=1\" alt=\"\" class=\"wp-image-11032\" srcset=\"https:\/\/i0.wp.com\/kampkomiteen.net\/wp-content\/uploads\/2026\/04\/20260425_183711.jpg?w=1160&amp;ssl=1 1160w, https:\/\/i0.wp.com\/kampkomiteen.net\/wp-content\/uploads\/2026\/04\/20260425_183711.jpg?resize=1000%2C495&amp;ssl=1 1000w, https:\/\/i0.wp.com\/kampkomiteen.net\/wp-content\/uploads\/2026\/04\/20260425_183711.jpg?resize=768%2C380&amp;ssl=1 768w\" sizes=\"auto, (max-width: 810px) 100vw, 810px\" \/><\/figure>\n\n\n\n<figure class=\"wp-block-image size-full\"><img data-recalc-dims=\"1\" loading=\"lazy\" decoding=\"async\" width=\"810\" height=\"540\" src=\"https:\/\/i0.wp.com\/kampkomiteen.net\/wp-content\/uploads\/2026\/04\/20260426_141755.jpg?resize=810%2C540&#038;ssl=1\" alt=\"\" class=\"wp-image-11031\" srcset=\"https:\/\/i0.wp.com\/kampkomiteen.net\/wp-content\/uploads\/2026\/04\/20260426_141755.jpg?w=1160&amp;ssl=1 1160w, https:\/\/i0.wp.com\/kampkomiteen.net\/wp-content\/uploads\/2026\/04\/20260426_141755.jpg?resize=1000%2C666&amp;ssl=1 1000w, https:\/\/i0.wp.com\/kampkomiteen.net\/wp-content\/uploads\/2026\/04\/20260426_141755.jpg?resize=768%2C512&amp;ssl=1 768w, https:\/\/i0.wp.com\/kampkomiteen.net\/wp-content\/uploads\/2026\/04\/20260426_141755.jpg?resize=120%2C80&amp;ssl=1 120w\" sizes=\"auto, (max-width: 810px) 100vw, 810px\" \/><\/figure>\n\n\n\n<figure class=\"wp-block-image size-full\"><img data-recalc-dims=\"1\" loading=\"lazy\" decoding=\"async\" width=\"810\" height=\"629\" src=\"https:\/\/i0.wp.com\/kampkomiteen.net\/wp-content\/uploads\/2026\/04\/20260426_142035.jpg?resize=810%2C629&#038;ssl=1\" alt=\"\" class=\"wp-image-11033\" srcset=\"https:\/\/i0.wp.com\/kampkomiteen.net\/wp-content\/uploads\/2026\/04\/20260426_142035.jpg?w=1160&amp;ssl=1 1160w, https:\/\/i0.wp.com\/kampkomiteen.net\/wp-content\/uploads\/2026\/04\/20260426_142035.jpg?resize=1000%2C777&amp;ssl=1 1000w, https:\/\/i0.wp.com\/kampkomiteen.net\/wp-content\/uploads\/2026\/04\/20260426_142035.jpg?resize=768%2C597&amp;ssl=1 768w\" sizes=\"auto, (max-width: 810px) 100vw, 810px\" \/><\/figure>\n\n\n\n<figure class=\"wp-block-image size-full\"><img data-recalc-dims=\"1\" loading=\"lazy\" decoding=\"async\" width=\"810\" height=\"608\" src=\"https:\/\/i0.wp.com\/kampkomiteen.net\/wp-content\/uploads\/2026\/04\/20260424_191116.jpg?resize=810%2C608&#038;ssl=1\" alt=\"\" class=\"wp-image-11022\" srcset=\"https:\/\/i0.wp.com\/kampkomiteen.net\/wp-content\/uploads\/2026\/04\/20260424_191116.jpg?w=1160&amp;ssl=1 1160w, https:\/\/i0.wp.com\/kampkomiteen.net\/wp-content\/uploads\/2026\/04\/20260424_191116.jpg?resize=1000%2C750&amp;ssl=1 1000w, https:\/\/i0.wp.com\/kampkomiteen.net\/wp-content\/uploads\/2026\/04\/20260424_191116.jpg?resize=768%2C576&amp;ssl=1 768w\" sizes=\"auto, (max-width: 810px) 100vw, 810px\" \/><\/figure>\n\n\n\n<figure class=\"wp-block-image size-full\"><img data-recalc-dims=\"1\" loading=\"lazy\" decoding=\"async\" width=\"810\" height=\"554\" src=\"https:\/\/i0.wp.com\/kampkomiteen.net\/wp-content\/uploads\/2026\/04\/20260424_191046.jpg?resize=810%2C554&#038;ssl=1\" alt=\"\" class=\"wp-image-11021\" srcset=\"https:\/\/i0.wp.com\/kampkomiteen.net\/wp-content\/uploads\/2026\/04\/20260424_191046.jpg?w=1160&amp;ssl=1 1160w, https:\/\/i0.wp.com\/kampkomiteen.net\/wp-content\/uploads\/2026\/04\/20260424_191046.jpg?resize=1000%2C684&amp;ssl=1 1000w, https:\/\/i0.wp.com\/kampkomiteen.net\/wp-content\/uploads\/2026\/04\/20260424_191046.jpg?resize=768%2C526&amp;ssl=1 768w\" sizes=\"auto, (max-width: 810px) 100vw, 810px\" \/><\/figure>\n\n\n\n<p><\/p>\n\n\n\n<figure class=\"wp-block-image size-full\"><img data-recalc-dims=\"1\" loading=\"lazy\" decoding=\"async\" width=\"810\" height=\"608\" src=\"https:\/\/i0.wp.com\/kampkomiteen.net\/wp-content\/uploads\/2026\/04\/20260425_182252.jpg?resize=810%2C608&#038;ssl=1\" alt=\"\" class=\"wp-image-11030\" srcset=\"https:\/\/i0.wp.com\/kampkomiteen.net\/wp-content\/uploads\/2026\/04\/20260425_182252.jpg?w=1160&amp;ssl=1 1160w, https:\/\/i0.wp.com\/kampkomiteen.net\/wp-content\/uploads\/2026\/04\/20260425_182252.jpg?resize=1000%2C750&amp;ssl=1 1000w, https:\/\/i0.wp.com\/kampkomiteen.net\/wp-content\/uploads\/2026\/04\/20260425_182252.jpg?resize=768%2C576&amp;ssl=1 768w\" sizes=\"auto, (max-width: 810px) 100vw, 810px\" \/><\/figure>\n","protected":false},"excerpt":{"rendered":"<p>Skrevet av aktivister i Bergen. I Bergen ble den Antiimperialistiske Konferanse holdt fra 24. til 26. april. Til sammen samla<\/p>\n","protected":false},"author":8,"featured_media":11018,"comment_status":"closed","ping_status":"closed","sticky":false,"template":"","format":"standard","meta":{"advanced_seo_description":"","jetpack_seo_html_title":"","jetpack_seo_noindex":false,"_jetpack_memberships_contains_paid_content":false,"footnotes":""},"categories":[1],"tags":[48,25,80,19,21],"class_list":["post-11017","post","type-post","status-publish","format-standard","has-post-thumbnail","hentry","category-uncategorized","tag-antiimperialisme","tag-bergen","tag-internasjonal-solidaritet","tag-iran","tag-palestina"],"jetpack_featured_media_url":"https:\/\/i0.wp.com\/kampkomiteen.net\/wp-content\/uploads\/2026\/04\/20260425_164823.jpg?fit=1160%2C658&ssl=1","jetpack_shortlink":"https:\/\/wp.me\/pchuPf-2RH","jetpack-related-posts":[{"id":10930,"url":"https:\/\/kampkomiteen.net\/?p=10930","url_meta":{"origin":11017,"position":0},"title":"Antiimperialistisk konferanse i Bergen 24.-26. April","author":"Kampkomiteen","date":"19. april 2026","format":false,"excerpt":"Skrevet av aktivister i Bergen Kampkomiteen vil p\u00e5 det sterkeste oppfordre alle antiimperialister til \u00e5 ta turen til Antiimperialistisk konferanse 2026 i Bergen, Norge, Arrangert av v\u00e5re kamerater i Bergen4Palestine. Konferansen ble f\u00f8rste gang arrangert i 2024 med form\u00e5l om \u00e5 styrke samholdet blant antiimperialistiske krefter lokalt, regionalt og internasjonalt.\u2026","rel":"","context":"Liknende innlegg","block_context":{"text":"Liknende innlegg","link":""},"img":{"alt_text":"","src":"https:\/\/i0.wp.com\/kampkomiteen.net\/wp-content\/uploads\/2026\/04\/nyttforsdie-1.png?fit=800%2C450&ssl=1&resize=350%2C200","width":350,"height":200,"srcset":"https:\/\/i0.wp.com\/kampkomiteen.net\/wp-content\/uploads\/2026\/04\/nyttforsdie-1.png?fit=800%2C450&ssl=1&resize=350%2C200 1x, https:\/\/i0.wp.com\/kampkomiteen.net\/wp-content\/uploads\/2026\/04\/nyttforsdie-1.png?fit=800%2C450&ssl=1&resize=525%2C300 1.5x, https:\/\/i0.wp.com\/kampkomiteen.net\/wp-content\/uploads\/2026\/04\/nyttforsdie-1.png?fit=800%2C450&ssl=1&resize=700%2C400 2x"},"classes":[]},{"id":8800,"url":"https:\/\/kampkomiteen.net\/?p=8800","url_meta":{"origin":11017,"position":1},"title":"Bergen: Antiimperialistisk 1. mai","author":"Kampkomiteen","date":"1. mai 2025","format":false,"excerpt":"Tross regn og vind markerte Kampkomiteen i Bergen 1. mai sammen med flere antiimperialistiske organisasjoner. Under \u00e5rets 1. mai ble palestinasolidariteten og arbeidet for stiftelsen av Antiimperialistisk Forbund (AIL) fremmet. Antiimperialister i Bergen deltok p\u00e5 2 markeringer under \u00e5rets 1. mai.","rel":"","context":"Liknende innlegg","block_context":{"text":"Liknende innlegg","link":""},"img":{"alt_text":"","src":"https:\/\/i0.wp.com\/kampkomiteen.net\/wp-content\/uploads\/2025\/05\/P1080246-1-scaled.jpg?fit=1200%2C606&ssl=1&resize=350%2C200","width":350,"height":200,"srcset":"https:\/\/i0.wp.com\/kampkomiteen.net\/wp-content\/uploads\/2025\/05\/P1080246-1-scaled.jpg?fit=1200%2C606&ssl=1&resize=350%2C200 1x, https:\/\/i0.wp.com\/kampkomiteen.net\/wp-content\/uploads\/2025\/05\/P1080246-1-scaled.jpg?fit=1200%2C606&ssl=1&resize=525%2C300 1.5x, https:\/\/i0.wp.com\/kampkomiteen.net\/wp-content\/uploads\/2025\/05\/P1080246-1-scaled.jpg?fit=1200%2C606&ssl=1&resize=700%2C400 2x, https:\/\/i0.wp.com\/kampkomiteen.net\/wp-content\/uploads\/2025\/05\/P1080246-1-scaled.jpg?fit=1200%2C606&ssl=1&resize=1050%2C600 3x"},"classes":[]},{"id":8833,"url":"https:\/\/kampkomiteen.net\/?p=8833","url_meta":{"origin":11017,"position":2},"title":"Bergen: Aktivister organiserte anti-imperialistisk konferanse","author":"Kampkomiteen","date":"5. mai 2025","format":false,"excerpt":"Kampkomiteen deltok 26. april p\u00e5 Anti-imperialistisk konferanse i Bergen. Konferansen var arrangert av Bergen4Palestine, og samlet anti-imperialister i Bergen til foredrag, diskusjoner og kulturinnslag.","rel":"","context":"i \"Antiimperialisme\"","block_context":{"text":"Antiimperialisme","link":"https:\/\/kampkomiteen.net\/?tag=antiimperialisme"},"img":{"alt_text":"","src":"https:\/\/i0.wp.com\/kampkomiteen.net\/wp-content\/uploads\/2025\/05\/Konferanse.jpg?fit=1200%2C904&ssl=1&resize=350%2C200","width":350,"height":200,"srcset":"https:\/\/i0.wp.com\/kampkomiteen.net\/wp-content\/uploads\/2025\/05\/Konferanse.jpg?fit=1200%2C904&ssl=1&resize=350%2C200 1x, https:\/\/i0.wp.com\/kampkomiteen.net\/wp-content\/uploads\/2025\/05\/Konferanse.jpg?fit=1200%2C904&ssl=1&resize=525%2C300 1.5x, https:\/\/i0.wp.com\/kampkomiteen.net\/wp-content\/uploads\/2025\/05\/Konferanse.jpg?fit=1200%2C904&ssl=1&resize=700%2C400 2x, https:\/\/i0.wp.com\/kampkomiteen.net\/wp-content\/uploads\/2025\/05\/Konferanse.jpg?fit=1200%2C904&ssl=1&resize=1050%2C600 3x"},"classes":[]},{"id":8555,"url":"https:\/\/kampkomiteen.net\/?p=8555","url_meta":{"origin":11017,"position":3},"title":"Bergen: 8. mars mot imperialisme","author":"Kampkomiteen","date":"9. mars 2025","format":false,"excerpt":"Kampkomiteen i Bergen markerte 8. mars mot imperialisme. F\u00f8rst deltok Kampkomiteen i Bergen p\u00e5 en anti-imperialistisk markering p\u00e5 biblioteksplassen sammen med Bergen4Palestine, Revolusjon\u00e6rt Kommunistisk Forbund, Touki og Aktivister for Palestina.","rel":"","context":"Liknende innlegg","block_context":{"text":"Liknende innlegg","link":""},"img":{"alt_text":"","src":"https:\/\/i0.wp.com\/kampkomiteen.net\/wp-content\/uploads\/2025\/03\/20250308_1608360-scaled.jpg?fit=1200%2C667&ssl=1&resize=350%2C200","width":350,"height":200,"srcset":"https:\/\/i0.wp.com\/kampkomiteen.net\/wp-content\/uploads\/2025\/03\/20250308_1608360-scaled.jpg?fit=1200%2C667&ssl=1&resize=350%2C200 1x, https:\/\/i0.wp.com\/kampkomiteen.net\/wp-content\/uploads\/2025\/03\/20250308_1608360-scaled.jpg?fit=1200%2C667&ssl=1&resize=525%2C300 1.5x, https:\/\/i0.wp.com\/kampkomiteen.net\/wp-content\/uploads\/2025\/03\/20250308_1608360-scaled.jpg?fit=1200%2C667&ssl=1&resize=700%2C400 2x, https:\/\/i0.wp.com\/kampkomiteen.net\/wp-content\/uploads\/2025\/03\/20250308_1608360-scaled.jpg?fit=1200%2C667&ssl=1&resize=1050%2C600 3x"},"classes":[]},{"id":7928,"url":"https:\/\/kampkomiteen.net\/?p=7928","url_meta":{"origin":11017,"position":4},"title":"Bergen: \u00c5pent m\u00f8te om antiimperialisme","author":"Kampkomiteen","date":"25. oktober 2024","format":false,"excerpt":"Fredag 25. oktober ble det avholdt et \u00e5pent m\u00f8te om antiimperialisme i Bergen. M\u00f8tet var arrangert av Kampkomiteen i Bergen, Bergen4Palestine og Aktivister for Palestina.","rel":"","context":"i \"AIL\"","block_context":{"text":"AIL","link":"https:\/\/kampkomiteen.net\/?tag=ail"},"img":{"alt_text":"","src":"https:\/\/i0.wp.com\/kampkomiteen.net\/wp-content\/uploads\/2024\/10\/AIL-2.png?fit=1160%2C870&ssl=1&resize=350%2C200","width":350,"height":200,"srcset":"https:\/\/i0.wp.com\/kampkomiteen.net\/wp-content\/uploads\/2024\/10\/AIL-2.png?fit=1160%2C870&ssl=1&resize=350%2C200 1x, https:\/\/i0.wp.com\/kampkomiteen.net\/wp-content\/uploads\/2024\/10\/AIL-2.png?fit=1160%2C870&ssl=1&resize=525%2C300 1.5x, https:\/\/i0.wp.com\/kampkomiteen.net\/wp-content\/uploads\/2024\/10\/AIL-2.png?fit=1160%2C870&ssl=1&resize=700%2C400 2x, https:\/\/i0.wp.com\/kampkomiteen.net\/wp-content\/uploads\/2024\/10\/AIL-2.png?fit=1160%2C870&ssl=1&resize=1050%2C600 3x"},"classes":[]},{"id":8706,"url":"https:\/\/kampkomiteen.net\/?p=8706","url_meta":{"origin":11017,"position":5},"title":"Bergen: Antiimperialistisk Kulturkveld","author":"Kampkomiteen","date":"21. april 2025","format":false,"excerpt":"Skrevet av aktivister i Bergen Kampkomiteen i Bergen og Bergen4Palestine arrangerte et antiimperialistisk kulturkveld fredag 11. april. M\u00f8tet fant sted p\u00e5 Det Akademiske Kvarteret, og besto av b\u00e5de politiske og kulturelle innlegg. M\u00f8tet var pynta opp med flaggene til Palestina, Fattigb\u00f8ndenes Forbund (LCP) og Antiimperialistisk Forbund. Bakerst hang det et\u2026","rel":"","context":"Liknende innlegg","block_context":{"text":"Liknende innlegg","link":""},"img":{"alt_text":"","src":"https:\/\/i0.wp.com\/kampkomiteen.net\/wp-content\/uploads\/2025\/04\/20250411_184028-scaled.jpg?fit=1200%2C900&ssl=1&resize=350%2C200","width":350,"height":200,"srcset":"https:\/\/i0.wp.com\/kampkomiteen.net\/wp-content\/uploads\/2025\/04\/20250411_184028-scaled.jpg?fit=1200%2C900&ssl=1&resize=350%2C200 1x, https:\/\/i0.wp.com\/kampkomiteen.net\/wp-content\/uploads\/2025\/04\/20250411_184028-scaled.jpg?fit=1200%2C900&ssl=1&resize=525%2C300 1.5x, https:\/\/i0.wp.com\/kampkomiteen.net\/wp-content\/uploads\/2025\/04\/20250411_184028-scaled.jpg?fit=1200%2C900&ssl=1&resize=700%2C400 2x, https:\/\/i0.wp.com\/kampkomiteen.net\/wp-content\/uploads\/2025\/04\/20250411_184028-scaled.jpg?fit=1200%2C900&ssl=1&resize=1050%2C600 3x"},"classes":[]}],"jetpack_sharing_enabled":true,"_links":{"self":[{"href":"https:\/\/kampkomiteen.net\/index.php?rest_route=\/wp\/v2\/posts\/11017","targetHints":{"allow":["GET"]}}],"collection":[{"href":"https:\/\/kampkomiteen.net\/index.php?rest_route=\/wp\/v2\/posts"}],"about":[{"href":"https:\/\/kampkomiteen.net\/index.php?rest_route=\/wp\/v2\/types\/post"}],"author":[{"embeddable":true,"href":"https:\/\/kampkomiteen.net\/index.php?rest_route=\/wp\/v2\/users\/8"}],"replies":[{"embeddable":true,"href":"https:\/\/kampkomiteen.net\/index.php?rest_route=%2Fwp%2Fv2%2Fcomments&post=11017"}],"version-history":[{"count":2,"href":"https:\/\/kampkomiteen.net\/index.php?rest_route=\/wp\/v2\/posts\/11017\/revisions"}],"predecessor-version":[{"id":11036,"href":"https:\/\/kampkomiteen.net\/index.php?rest_route=\/wp\/v2\/posts\/11017\/revisions\/11036"}],"wp:featuredmedia":[{"embeddable":true,"href":"https:\/\/kampkomiteen.net\/index.php?rest_route=\/wp\/v2\/media\/11018"}],"wp:attachment":[{"href":"https:\/\/kampkomiteen.net\/index.php?rest_route=%2Fwp%2Fv2%2Fmedia&parent=11017"}],"wp:term":[{"taxonomy":"category","embeddable":true,"href":"https:\/\/kampkomiteen.net\/index.php?rest_route=%2Fwp%2Fv2%2Fcategories&post=11017"},{"taxonomy":"post_tag","embeddable":true,"href":"https:\/\/kampkomiteen.net\/index.php?rest_route=%2Fwp%2Fv2%2Ftags&post=11017"}],"curies":[{"name":"wp","href":"https:\/\/api.w.org\/{rel}","templated":true}]}}