{"id":11002,"date":"2026-04-27T23:15:52","date_gmt":"2026-04-27T21:15:52","guid":{"rendered":"https:\/\/kampkomiteen.net\/?p=11002"},"modified":"2026-04-27T23:15:52","modified_gmt":"2026-04-27T21:15:52","slug":"trondheim-mobilisering-til-1-mai-2","status":"publish","type":"post","link":"https:\/\/kampkomiteen.net\/?p=11002","title":{"rendered":"Trondheim: Mobilisering til 1. mai"},"content":{"rendered":"<div id=\"fb-root\"><\/div>\n\n<p><br><em>Skrevet av aktivister i Trondheim<\/em><\/p>\n\n\n\n<p><br><strong>I de siste par ukene har aktivister i Trondheim mobilisert til antiimperialistisk 1. mai.<\/strong><\/p>\n\n\n\n<p><br>Aktivistene har delt ut l\u00f8pesedler og satt opp plakater p\u00e5 NTNU Gl\u00f8shaugen, Dragvoll og Kalvskinnet. Det har ogs\u00e5 blitt satt opp plakater p\u00e5 busskurene rundt Lade, Strindheim, Voll Studentby og Berg Studentby.<\/p>\n\n\n\n<figure class=\"wp-block-gallery has-nested-images columns-default is-cropped wp-block-gallery-1 is-layout-flex wp-block-gallery-is-layout-flex\">\n<figure class=\"wp-block-image size-large\"><img data-recalc-dims=\"1\" loading=\"lazy\" decoding=\"async\" width=\"810\" height=\"608\" data-id=\"11004\" src=\"https:\/\/i0.wp.com\/kampkomiteen.net\/wp-content\/uploads\/2026\/04\/IMG_20260427_115234_295.jpg?resize=810%2C608&#038;ssl=1\" alt=\"\" class=\"wp-image-11004\" srcset=\"https:\/\/i0.wp.com\/kampkomiteen.net\/wp-content\/uploads\/2026\/04\/IMG_20260427_115234_295.jpg?w=1000&amp;ssl=1 1000w, https:\/\/i0.wp.com\/kampkomiteen.net\/wp-content\/uploads\/2026\/04\/IMG_20260427_115234_295.jpg?resize=768%2C576&amp;ssl=1 768w\" sizes=\"auto, (max-width: 810px) 100vw, 810px\" \/><\/figure>\n\n\n\n<figure class=\"wp-block-image size-large\"><img data-recalc-dims=\"1\" loading=\"lazy\" decoding=\"async\" width=\"810\" height=\"608\" data-id=\"11003\" src=\"https:\/\/i0.wp.com\/kampkomiteen.net\/wp-content\/uploads\/2026\/04\/IMG_7057.jpg?resize=810%2C608&#038;ssl=1\" alt=\"\" class=\"wp-image-11003\" srcset=\"https:\/\/i0.wp.com\/kampkomiteen.net\/wp-content\/uploads\/2026\/04\/IMG_7057.jpg?w=1000&amp;ssl=1 1000w, https:\/\/i0.wp.com\/kampkomiteen.net\/wp-content\/uploads\/2026\/04\/IMG_7057.jpg?resize=768%2C576&amp;ssl=1 768w\" sizes=\"auto, (max-width: 810px) 100vw, 810px\" \/><\/figure>\n<\/figure>\n\n\n\n<figure class=\"wp-block-gallery has-nested-images columns-default is-cropped wp-block-gallery-2 is-layout-flex wp-block-gallery-is-layout-flex\">\n<figure class=\"wp-block-image size-large\"><img data-recalc-dims=\"1\" loading=\"lazy\" decoding=\"async\" width=\"810\" height=\"608\" data-id=\"11006\" src=\"https:\/\/i0.wp.com\/kampkomiteen.net\/wp-content\/uploads\/2026\/04\/IMG_7062.jpg?resize=810%2C608&#038;ssl=1\" alt=\"\" class=\"wp-image-11006\" srcset=\"https:\/\/i0.wp.com\/kampkomiteen.net\/wp-content\/uploads\/2026\/04\/IMG_7062.jpg?w=1000&amp;ssl=1 1000w, https:\/\/i0.wp.com\/kampkomiteen.net\/wp-content\/uploads\/2026\/04\/IMG_7062.jpg?resize=768%2C576&amp;ssl=1 768w\" sizes=\"auto, (max-width: 810px) 100vw, 810px\" \/><\/figure>\n\n\n\n<figure class=\"wp-block-image size-large\"><img data-recalc-dims=\"1\" loading=\"lazy\" decoding=\"async\" width=\"810\" height=\"608\" data-id=\"11005\" src=\"https:\/\/i0.wp.com\/kampkomiteen.net\/wp-content\/uploads\/2026\/04\/IMG_7060.jpg?resize=810%2C608&#038;ssl=1\" alt=\"\" class=\"wp-image-11005\" srcset=\"https:\/\/i0.wp.com\/kampkomiteen.net\/wp-content\/uploads\/2026\/04\/IMG_7060.jpg?w=1000&amp;ssl=1 1000w, https:\/\/i0.wp.com\/kampkomiteen.net\/wp-content\/uploads\/2026\/04\/IMG_7060.jpg?resize=768%2C576&amp;ssl=1 768w\" sizes=\"auto, (max-width: 810px) 100vw, 810px\" \/><\/figure>\n<figcaption class=\"blocks-gallery-caption wp-element-caption\">Gl\u00f8shaugen<\/figcaption><\/figure>\n\n\n\n<figure class=\"wp-block-image size-large\"><img data-recalc-dims=\"1\" loading=\"lazy\" decoding=\"async\" width=\"810\" height=\"608\" src=\"https:\/\/i0.wp.com\/kampkomiteen.net\/wp-content\/uploads\/2026\/04\/IMG_20260427_094719_315.jpg?resize=810%2C608&#038;ssl=1\" alt=\"\" class=\"wp-image-11009\" srcset=\"https:\/\/i0.wp.com\/kampkomiteen.net\/wp-content\/uploads\/2026\/04\/IMG_20260427_094719_315.jpg?w=1000&amp;ssl=1 1000w, https:\/\/i0.wp.com\/kampkomiteen.net\/wp-content\/uploads\/2026\/04\/IMG_20260427_094719_315.jpg?resize=768%2C576&amp;ssl=1 768w\" sizes=\"auto, (max-width: 810px) 100vw, 810px\" \/><\/figure>\n\n\n\n<figure class=\"wp-block-gallery has-nested-images columns-default is-cropped wp-block-gallery-3 is-layout-flex wp-block-gallery-is-layout-flex\">\n<figure class=\"wp-block-image size-large\"><img data-recalc-dims=\"1\" loading=\"lazy\" decoding=\"async\" width=\"810\" height=\"608\" data-id=\"11007\" src=\"https:\/\/i0.wp.com\/kampkomiteen.net\/wp-content\/uploads\/2026\/04\/IMG_20260423_115605_274.jpg?resize=810%2C608&#038;ssl=1\" alt=\"\" class=\"wp-image-11007\" srcset=\"https:\/\/i0.wp.com\/kampkomiteen.net\/wp-content\/uploads\/2026\/04\/IMG_20260423_115605_274.jpg?w=1000&amp;ssl=1 1000w, https:\/\/i0.wp.com\/kampkomiteen.net\/wp-content\/uploads\/2026\/04\/IMG_20260423_115605_274.jpg?resize=768%2C576&amp;ssl=1 768w\" sizes=\"auto, (max-width: 810px) 100vw, 810px\" \/><\/figure>\n\n\n\n<figure class=\"wp-block-image size-large\"><img data-recalc-dims=\"1\" loading=\"lazy\" decoding=\"async\" width=\"810\" height=\"608\" data-id=\"11008\" src=\"https:\/\/i0.wp.com\/kampkomiteen.net\/wp-content\/uploads\/2026\/04\/IMG_20260423_121331_465.jpg?resize=810%2C608&#038;ssl=1\" alt=\"\" class=\"wp-image-11008\" srcset=\"https:\/\/i0.wp.com\/kampkomiteen.net\/wp-content\/uploads\/2026\/04\/IMG_20260423_121331_465.jpg?w=1000&amp;ssl=1 1000w, https:\/\/i0.wp.com\/kampkomiteen.net\/wp-content\/uploads\/2026\/04\/IMG_20260423_121331_465.jpg?resize=768%2C576&amp;ssl=1 768w\" sizes=\"auto, (max-width: 810px) 100vw, 810px\" \/><\/figure>\n<figcaption class=\"blocks-gallery-caption wp-element-caption\">Dragvoll<\/figcaption><\/figure>\n\n\n\n<figure class=\"wp-block-image size-full\"><img data-recalc-dims=\"1\" loading=\"lazy\" decoding=\"async\" width=\"810\" height=\"608\" src=\"https:\/\/i0.wp.com\/kampkomiteen.net\/wp-content\/uploads\/2026\/04\/IMG_20260427_125422_790.jpg?resize=810%2C608&#038;ssl=1\" alt=\"\" class=\"wp-image-11012\" srcset=\"https:\/\/i0.wp.com\/kampkomiteen.net\/wp-content\/uploads\/2026\/04\/IMG_20260427_125422_790.jpg?w=1000&amp;ssl=1 1000w, https:\/\/i0.wp.com\/kampkomiteen.net\/wp-content\/uploads\/2026\/04\/IMG_20260427_125422_790.jpg?resize=768%2C576&amp;ssl=1 768w\" sizes=\"auto, (max-width: 810px) 100vw, 810px\" \/><figcaption class=\"wp-element-caption\">Kalvskinnet<\/figcaption><\/figure>\n\n\n\n<figure class=\"wp-block-image size-large\"><img data-recalc-dims=\"1\" loading=\"lazy\" decoding=\"async\" width=\"810\" height=\"608\" src=\"https:\/\/i0.wp.com\/kampkomiteen.net\/wp-content\/uploads\/2026\/04\/IMG_20260427_081439_597.jpg?resize=810%2C608&#038;ssl=1\" alt=\"\" class=\"wp-image-11010\" srcset=\"https:\/\/i0.wp.com\/kampkomiteen.net\/wp-content\/uploads\/2026\/04\/IMG_20260427_081439_597.jpg?w=1000&amp;ssl=1 1000w, https:\/\/i0.wp.com\/kampkomiteen.net\/wp-content\/uploads\/2026\/04\/IMG_20260427_081439_597.jpg?resize=768%2C576&amp;ssl=1 768w\" sizes=\"auto, (max-width: 810px) 100vw, 810px\" \/><figcaption class=\"wp-element-caption\">Lade<\/figcaption><\/figure>\n\n\n\n<figure class=\"wp-block-gallery has-nested-images columns-default is-cropped wp-block-gallery-4 is-layout-flex wp-block-gallery-is-layout-flex\">\n<figure class=\"wp-block-image size-large\"><img data-recalc-dims=\"1\" loading=\"lazy\" decoding=\"async\" width=\"810\" height=\"608\" data-id=\"11011\" src=\"https:\/\/i0.wp.com\/kampkomiteen.net\/wp-content\/uploads\/2026\/04\/IMG_20260427_085104_524.jpg?resize=810%2C608&#038;ssl=1\" alt=\"\" class=\"wp-image-11011\" srcset=\"https:\/\/i0.wp.com\/kampkomiteen.net\/wp-content\/uploads\/2026\/04\/IMG_20260427_085104_524.jpg?w=1000&amp;ssl=1 1000w, https:\/\/i0.wp.com\/kampkomiteen.net\/wp-content\/uploads\/2026\/04\/IMG_20260427_085104_524.jpg?resize=768%2C576&amp;ssl=1 768w\" sizes=\"auto, (max-width: 810px) 100vw, 810px\" \/><\/figure>\n<figcaption class=\"blocks-gallery-caption wp-element-caption\">Strindheim<\/figcaption><\/figure>\n\n\n\n<p><\/p>\n","protected":false},"excerpt":{"rendered":"<p>I de siste par ukene har aktivister i Trondheim mobilisert til antiimperialistisk 1. mai.<\/p>\n","protected":false},"author":8,"featured_media":11006,"comment_status":"closed","ping_status":"","sticky":false,"template":"","format":"standard","meta":{"advanced_seo_description":"","jetpack_seo_html_title":"","jetpack_seo_noindex":false,"_jetpack_memberships_contains_paid_content":false,"footnotes":""},"categories":[1],"tags":[26,85,84,105,106,104],"class_list":["post-11002","post","type-post","status-publish","format-standard","has-post-thumbnail","hentry","category-uncategorized","tag-1-mai","tag-aktivisme","tag-aktiviteter","tag-lopeseddelaksjon","tag-mobilisering","tag-plakataksjon"],"jetpack_featured_media_url":"https:\/\/i0.wp.com\/kampkomiteen.net\/wp-content\/uploads\/2026\/04\/IMG_7062.jpg?fit=1000%2C750&ssl=1","jetpack_shortlink":"https:\/\/wp.me\/pchuPf-2Rs","jetpack-related-posts":[{"id":10893,"url":"https:\/\/kampkomiteen.net\/?p=10893","url_meta":{"origin":11002,"position":0},"title":"Tr\u00f8ndelag: Plakater for folkets kamp i India","author":"Kampkomiteen","date":"8. april 2026","format":false,"excerpt":"De siste ukene har aktivister satt opp plakater til st\u00f8tte for folkets kamp i India.","rel":"","context":"i \"Antiimperialisme\"","block_context":{"text":"Antiimperialisme","link":"https:\/\/kampkomiteen.net\/?tag=antiimperialisme"},"img":{"alt_text":"","src":"https:\/\/i0.wp.com\/kampkomiteen.net\/wp-content\/uploads\/2026\/04\/Plakat1.jpg?fit=1176%2C700&ssl=1&resize=350%2C200","width":350,"height":200,"srcset":"https:\/\/i0.wp.com\/kampkomiteen.net\/wp-content\/uploads\/2026\/04\/Plakat1.jpg?fit=1176%2C700&ssl=1&resize=350%2C200 1x, https:\/\/i0.wp.com\/kampkomiteen.net\/wp-content\/uploads\/2026\/04\/Plakat1.jpg?fit=1176%2C700&ssl=1&resize=525%2C300 1.5x, https:\/\/i0.wp.com\/kampkomiteen.net\/wp-content\/uploads\/2026\/04\/Plakat1.jpg?fit=1176%2C700&ssl=1&resize=700%2C400 2x, https:\/\/i0.wp.com\/kampkomiteen.net\/wp-content\/uploads\/2026\/04\/Plakat1.jpg?fit=1176%2C700&ssl=1&resize=1050%2C600 3x"},"classes":[]},{"id":7219,"url":"https:\/\/kampkomiteen.net\/?p=7219","url_meta":{"origin":11002,"position":1},"title":"Trondheim og Stj\u00f8rdal: Plakater for 1. mai","author":"Kampkomiteen","date":"28. april 2024","format":false,"excerpt":"Den siste uka har det blitt satt opp plakater fleire steder i Trondheim og i Stj\u00f8rdal sentrum for \u00e5 mobilisere til antiimperialistisk 1. mai.","rel":"","context":"i \"1. mai\"","block_context":{"text":"1. mai","link":"https:\/\/kampkomiteen.net\/?tag=1-mai"},"img":{"alt_text":"","src":"https:\/\/i0.wp.com\/kampkomiteen.net\/wp-content\/uploads\/2024\/04\/Trheim-scaled.jpg?fit=1200%2C900&ssl=1&resize=350%2C200","width":350,"height":200,"srcset":"https:\/\/i0.wp.com\/kampkomiteen.net\/wp-content\/uploads\/2024\/04\/Trheim-scaled.jpg?fit=1200%2C900&ssl=1&resize=350%2C200 1x, https:\/\/i0.wp.com\/kampkomiteen.net\/wp-content\/uploads\/2024\/04\/Trheim-scaled.jpg?fit=1200%2C900&ssl=1&resize=525%2C300 1.5x, https:\/\/i0.wp.com\/kampkomiteen.net\/wp-content\/uploads\/2024\/04\/Trheim-scaled.jpg?fit=1200%2C900&ssl=1&resize=700%2C400 2x, https:\/\/i0.wp.com\/kampkomiteen.net\/wp-content\/uploads\/2024\/04\/Trheim-scaled.jpg?fit=1200%2C900&ssl=1&resize=1050%2C600 3x"},"classes":[]},{"id":10231,"url":"https:\/\/kampkomiteen.net\/?p=10231","url_meta":{"origin":11002,"position":2},"title":"Trondheim: Plakater for \u00e5pent m\u00f8te","author":"Kampkomiteen","date":"9. januar 2026","format":false,"excerpt":"Den siste uka har aktivister satt opp plakater flere steder i byen for \u00e5 mobilisere til \u00e5pent m\u00f8te om Antiimperialistisk Forbund.","rel":"","context":"i \"Antiimperialisme\"","block_context":{"text":"Antiimperialisme","link":"https:\/\/kampkomiteen.net\/?tag=antiimperialisme"},"img":{"alt_text":"","src":"https:\/\/i0.wp.com\/kampkomiteen.net\/wp-content\/uploads\/2026\/01\/plakat2.jpg?fit=956%2C700&ssl=1&resize=350%2C200","width":350,"height":200,"srcset":"https:\/\/i0.wp.com\/kampkomiteen.net\/wp-content\/uploads\/2026\/01\/plakat2.jpg?fit=956%2C700&ssl=1&resize=350%2C200 1x, https:\/\/i0.wp.com\/kampkomiteen.net\/wp-content\/uploads\/2026\/01\/plakat2.jpg?fit=956%2C700&ssl=1&resize=525%2C300 1.5x, https:\/\/i0.wp.com\/kampkomiteen.net\/wp-content\/uploads\/2026\/01\/plakat2.jpg?fit=956%2C700&ssl=1&resize=700%2C400 2x"},"classes":[]},{"id":7938,"url":"https:\/\/kampkomiteen.net\/?p=7938","url_meta":{"origin":11002,"position":3},"title":"Vestland: Plakater hengt opp de siste ukene","author":"Kampkomiteen","date":"30. oktober 2024","format":false,"excerpt":"Den siste ukene har aktivister hengt opp plakater til st\u00f8tte for den palestinske motstandskampen p\u00e5 Voss og i Bergen.","rel":"","context":"i \"Palestina\"","block_context":{"text":"Palestina","link":"https:\/\/kampkomiteen.net\/?tag=palestina"},"img":{"alt_text":"","src":"https:\/\/i0.wp.com\/kampkomiteen.net\/wp-content\/uploads\/2024\/10\/signal-2024-10-30-115909_002.jpeg?fit=1200%2C900&ssl=1&resize=350%2C200","width":350,"height":200,"srcset":"https:\/\/i0.wp.com\/kampkomiteen.net\/wp-content\/uploads\/2024\/10\/signal-2024-10-30-115909_002.jpeg?fit=1200%2C900&ssl=1&resize=350%2C200 1x, https:\/\/i0.wp.com\/kampkomiteen.net\/wp-content\/uploads\/2024\/10\/signal-2024-10-30-115909_002.jpeg?fit=1200%2C900&ssl=1&resize=525%2C300 1.5x, https:\/\/i0.wp.com\/kampkomiteen.net\/wp-content\/uploads\/2024\/10\/signal-2024-10-30-115909_002.jpeg?fit=1200%2C900&ssl=1&resize=700%2C400 2x, https:\/\/i0.wp.com\/kampkomiteen.net\/wp-content\/uploads\/2024\/10\/signal-2024-10-30-115909_002.jpeg?fit=1200%2C900&ssl=1&resize=1050%2C600 3x"},"classes":[]},{"id":10901,"url":"https:\/\/kampkomiteen.net\/?p=10901","url_meta":{"origin":11002,"position":4},"title":"Trondheim: L\u00f8pesedler for Antiimperialistisk Forbund","author":"Kampkomiteen","date":"8. april 2026","format":false,"excerpt":"De siste ukene har aktivister fra Kampkomiteen delt ut l\u00f8pesedler til st\u00f8tte for stiftelsesm\u00f8tet for Antiimperialistisk Forbund.","rel":"","context":"i \"Antiimperialisme\"","block_context":{"text":"Antiimperialisme","link":"https:\/\/kampkomiteen.net\/?tag=antiimperialisme"},"img":{"alt_text":"","src":"https:\/\/i0.wp.com\/kampkomiteen.net\/wp-content\/uploads\/2026\/04\/Lopesedler-collage.jpg?fit=1200%2C671&ssl=1&resize=350%2C200","width":350,"height":200,"srcset":"https:\/\/i0.wp.com\/kampkomiteen.net\/wp-content\/uploads\/2026\/04\/Lopesedler-collage.jpg?fit=1200%2C671&ssl=1&resize=350%2C200 1x, https:\/\/i0.wp.com\/kampkomiteen.net\/wp-content\/uploads\/2026\/04\/Lopesedler-collage.jpg?fit=1200%2C671&ssl=1&resize=525%2C300 1.5x, https:\/\/i0.wp.com\/kampkomiteen.net\/wp-content\/uploads\/2026\/04\/Lopesedler-collage.jpg?fit=1200%2C671&ssl=1&resize=700%2C400 2x, https:\/\/i0.wp.com\/kampkomiteen.net\/wp-content\/uploads\/2026\/04\/Lopesedler-collage.jpg?fit=1200%2C671&ssl=1&resize=1050%2C600 3x"},"classes":[]},{"id":10349,"url":"https:\/\/kampkomiteen.net\/?p=10349","url_meta":{"origin":11002,"position":5},"title":"Trondheim: Plakater til st\u00f8tte for Venezuela","author":"Kampkomiteen","date":"2. februar 2026","format":false,"excerpt":"I den siste tiden har aktivister hengt opp plakater mot USA-imperialismens aggresjon mot Venezuela og veggaviser av uttalelsen Kampkomiteen kom med etter angrepet.","rel":"","context":"i \"Antiimperialisme\"","block_context":{"text":"Antiimperialisme","link":"https:\/\/kampkomiteen.net\/?tag=antiimperialisme"},"img":{"alt_text":"","src":"https:\/\/i0.wp.com\/kampkomiteen.net\/wp-content\/uploads\/2026\/02\/Rapport1.jpg?fit=1161%2C775&ssl=1&resize=350%2C200","width":350,"height":200,"srcset":"https:\/\/i0.wp.com\/kampkomiteen.net\/wp-content\/uploads\/2026\/02\/Rapport1.jpg?fit=1161%2C775&ssl=1&resize=350%2C200 1x, https:\/\/i0.wp.com\/kampkomiteen.net\/wp-content\/uploads\/2026\/02\/Rapport1.jpg?fit=1161%2C775&ssl=1&resize=525%2C300 1.5x, https:\/\/i0.wp.com\/kampkomiteen.net\/wp-content\/uploads\/2026\/02\/Rapport1.jpg?fit=1161%2C775&ssl=1&resize=700%2C400 2x, https:\/\/i0.wp.com\/kampkomiteen.net\/wp-content\/uploads\/2026\/02\/Rapport1.jpg?fit=1161%2C775&ssl=1&resize=1050%2C600 3x"},"classes":[]}],"jetpack_sharing_enabled":true,"_links":{"self":[{"href":"https:\/\/kampkomiteen.net\/index.php?rest_route=\/wp\/v2\/posts\/11002","targetHints":{"allow":["GET"]}}],"collection":[{"href":"https:\/\/kampkomiteen.net\/index.php?rest_route=\/wp\/v2\/posts"}],"about":[{"href":"https:\/\/kampkomiteen.net\/index.php?rest_route=\/wp\/v2\/types\/post"}],"author":[{"embeddable":true,"href":"https:\/\/kampkomiteen.net\/index.php?rest_route=\/wp\/v2\/users\/8"}],"replies":[{"embeddable":true,"href":"https:\/\/kampkomiteen.net\/index.php?rest_route=%2Fwp%2Fv2%2Fcomments&post=11002"}],"version-history":[{"count":4,"href":"https:\/\/kampkomiteen.net\/index.php?rest_route=\/wp\/v2\/posts\/11002\/revisions"}],"predecessor-version":[{"id":11016,"href":"https:\/\/kampkomiteen.net\/index.php?rest_route=\/wp\/v2\/posts\/11002\/revisions\/11016"}],"wp:featuredmedia":[{"embeddable":true,"href":"https:\/\/kampkomiteen.net\/index.php?rest_route=\/wp\/v2\/media\/11006"}],"wp:attachment":[{"href":"https:\/\/kampkomiteen.net\/index.php?rest_route=%2Fwp%2Fv2%2Fmedia&parent=11002"}],"wp:term":[{"taxonomy":"category","embeddable":true,"href":"https:\/\/kampkomiteen.net\/index.php?rest_route=%2Fwp%2Fv2%2Fcategories&post=11002"},{"taxonomy":"post_tag","embeddable":true,"href":"https:\/\/kampkomiteen.net\/index.php?rest_route=%2Fwp%2Fv2%2Ftags&post=11002"}],"curies":[{"name":"wp","href":"https:\/\/api.w.org\/{rel}","templated":true}]}}