{"id":10994,"date":"2026-04-27T13:55:40","date_gmt":"2026-04-27T11:55:40","guid":{"rendered":"https:\/\/kampkomiteen.net\/?p=10994"},"modified":"2026-04-27T13:55:43","modified_gmt":"2026-04-27T11:55:43","slug":"bergen-bli-med-pa-antiimperialistisk-1-mai-2","status":"publish","type":"post","link":"https:\/\/kampkomiteen.net\/?p=10994","title":{"rendered":"Bergen: Bli med p\u00e5 antiimperialistisk 1. mai!"},"content":{"rendered":"<div id=\"fb-root\"><\/div>\n\n<p><em>Av Kampkomiteen, nettsideredaksjonen<\/em><\/p>\n\n\n\n<p><strong>Antiimperialister mobiliserer til markeringer i Bergen p\u00e5 arbeidernes internasjonale kampdag.<\/strong><\/p>\n\n\n\n<p>Antiimperialister fra flere organisasjoner mobiliserer til markering (11:00 p\u00e5 Nonneseter), antiimperialistisk blokk i 1. mai-toget i Bergen og kulturkveld. P\u00e5 <a href=\"https:\/\/www.facebook.com\/events\/2178038096283566\/\">Facebook<\/a> skriver Bergen4Palestine:<\/p>\n\n\n\n<p>\u00abI over hundre \u00e5r har verdens arbeidere og undertrykte markert denne dagen mot imperialismen, og reist den r\u00f8de fanen for internasjonal solidaritet.<\/p>\n\n\n\n<p>USA-imperialismen og dens lakeistat Israel har fortsatt sin terrorkampanje i Midt\u00f8sten, s\u00e6rlig mot Palestina, Iran og Lebanon. Den fascistiske staten i India driver en folkemordersk krig mot sitt eget folk. Fattigdommen og prisene p\u00e5 matvarer \u00f8ker, mens velferden kuttes og reelle l\u00f8nninger g\u00e5r ned. Imperialistene tjener seg rik p\u00e5 v\u00e5r bekostning. Men tross krisen i kapitalismen og imperialistiske kriger kjemper verdensfolk for en bedre og lysere framtid uten krise og krig. Det er i denne \u00e5nden at vi organiserer \u00e5rets Antiimperialistiske Blokk. Vi reiser den internasjonale solidaritetens r\u00f8de fane, og hilser folkets kamp i India, Iran og Palestina! Vi hilser den internasjonale antiimperialistiske fronten! Kampen mot imperialismen er internasjonal, og den m\u00e5 ogs\u00e5 f\u00f8res i Bergens gater!<\/p>\n\n\n\n<p>Kom og bli med oss i Den Antiimperialistiske Blokken! Vi starter dagen med en antiimperialistisk markering kl. 11.00 p\u00e5 Nonneseter. Deretter deltar vi p\u00e5 LOs markering, kl. 13.00 p\u00e5 Torgallmenningen. Det blir arrangert et antiimperialistisk kulturkveld p\u00e5 Bergen Assembly etter toget!<\/p>\n\n\n\n<p>St\u00f8tt folkets kamp i India og Palestina! USA &#8211; henda vekk fra Iran!<\/p>\n\n\n\n<p>Ned med \u00abOperasjon Kagaar\u00bb! Leve den nydemokratiske revolusjonen i India!<\/p>\n\n\n\n<p>St\u00f8tt den palestinske motstandskampen! Fritt Palestina!<\/p>\n\n\n\n<p>Antiimperialister i alle land, foren dere!\u00bb<\/p>\n\n\n\n<p>Blant arrang\u00f8rene og deltakerne er Bergen4Palestine, Revolusjon\u00e6re Kommunister, Folk mot fossilmakta, Sosialistisk Ungdom, Kampkomiteen og Antiimperialistisk Forbund.<\/p>\n\n\n\n<figure class=\"wp-block-image size-full is-resized\"><img data-recalc-dims=\"1\" loading=\"lazy\" decoding=\"async\" width=\"595\" height=\"595\" src=\"https:\/\/i0.wp.com\/kampkomiteen.net\/wp-content\/uploads\/2026\/04\/image-3.png?resize=595%2C595&#038;ssl=1\" alt=\"\" class=\"wp-image-10995\" style=\"width:880px;height:auto\" srcset=\"https:\/\/i0.wp.com\/kampkomiteen.net\/wp-content\/uploads\/2026\/04\/image-3.png?w=595&amp;ssl=1 595w, https:\/\/i0.wp.com\/kampkomiteen.net\/wp-content\/uploads\/2026\/04\/image-3.png?resize=150%2C150&amp;ssl=1 150w\" sizes=\"auto, (max-width: 595px) 100vw, 595px\" \/><\/figure>\n","protected":false},"excerpt":{"rendered":"<p>Antiimperialister mobiliserer til markeringer i Bergen p\u00e5 arbeidernes internasjonale kampdag.<\/p>\n","protected":false},"author":8,"featured_media":8805,"comment_status":"closed","ping_status":"closed","sticky":false,"template":"","format":"standard","meta":{"advanced_seo_description":"","jetpack_seo_html_title":"","jetpack_seo_noindex":false,"_jetpack_memberships_contains_paid_content":false,"footnotes":""},"categories":[1],"tags":[26,48,25,4],"class_list":["post-10994","post","type-post","status-publish","format-standard","has-post-thumbnail","hentry","category-uncategorized","tag-1-mai","tag-antiimperialisme","tag-bergen","tag-demonstrasjon"],"jetpack_featured_media_url":"https:\/\/i0.wp.com\/kampkomiteen.net\/wp-content\/uploads\/2025\/05\/P1080246-1-scaled.jpg?fit=2560%2C1292&ssl=1","jetpack_shortlink":"https:\/\/wp.me\/pchuPf-2Rk","jetpack-related-posts":[{"id":8800,"url":"https:\/\/kampkomiteen.net\/?p=8800","url_meta":{"origin":10994,"position":0},"title":"Bergen: Antiimperialistisk 1. mai","author":"Kampkomiteen","date":"1. mai 2025","format":false,"excerpt":"Tross regn og vind markerte Kampkomiteen i Bergen 1. mai sammen med flere antiimperialistiske organisasjoner. Under \u00e5rets 1. mai ble palestinasolidariteten og arbeidet for stiftelsen av Antiimperialistisk Forbund (AIL) fremmet. Antiimperialister i Bergen deltok p\u00e5 2 markeringer under \u00e5rets 1. mai.","rel":"","context":"Liknende innlegg","block_context":{"text":"Liknende innlegg","link":""},"img":{"alt_text":"","src":"https:\/\/i0.wp.com\/kampkomiteen.net\/wp-content\/uploads\/2025\/05\/P1080246-1-scaled.jpg?fit=1200%2C606&ssl=1&resize=350%2C200","width":350,"height":200,"srcset":"https:\/\/i0.wp.com\/kampkomiteen.net\/wp-content\/uploads\/2025\/05\/P1080246-1-scaled.jpg?fit=1200%2C606&ssl=1&resize=350%2C200 1x, https:\/\/i0.wp.com\/kampkomiteen.net\/wp-content\/uploads\/2025\/05\/P1080246-1-scaled.jpg?fit=1200%2C606&ssl=1&resize=525%2C300 1.5x, https:\/\/i0.wp.com\/kampkomiteen.net\/wp-content\/uploads\/2025\/05\/P1080246-1-scaled.jpg?fit=1200%2C606&ssl=1&resize=700%2C400 2x, https:\/\/i0.wp.com\/kampkomiteen.net\/wp-content\/uploads\/2025\/05\/P1080246-1-scaled.jpg?fit=1200%2C606&ssl=1&resize=1050%2C600 3x"},"classes":[]},{"id":10371,"url":"https:\/\/kampkomiteen.net\/?p=10371","url_meta":{"origin":10994,"position":1},"title":"Aksjonsdag mot USA-imperialismen 3. februar \u2013 bli med!","author":"Kampkomiteen","date":"2. februar 2026","format":false,"excerpt":"Kampkomiteen deltar i markeringer og aktiviteter i flere byer, som en del av denne aksjonsdagen \u2013 bli med sammen med oss!","rel":"","context":"Liknende innlegg","block_context":{"text":"Liknende innlegg","link":""},"img":{"alt_text":"","src":"https:\/\/i0.wp.com\/kampkomiteen.net\/wp-content\/uploads\/2026\/01\/20260105_170512.jpg?fit=1160%2C572&ssl=1&resize=350%2C200","width":350,"height":200,"srcset":"https:\/\/i0.wp.com\/kampkomiteen.net\/wp-content\/uploads\/2026\/01\/20260105_170512.jpg?fit=1160%2C572&ssl=1&resize=350%2C200 1x, https:\/\/i0.wp.com\/kampkomiteen.net\/wp-content\/uploads\/2026\/01\/20260105_170512.jpg?fit=1160%2C572&ssl=1&resize=525%2C300 1.5x, https:\/\/i0.wp.com\/kampkomiteen.net\/wp-content\/uploads\/2026\/01\/20260105_170512.jpg?fit=1160%2C572&ssl=1&resize=700%2C400 2x, https:\/\/i0.wp.com\/kampkomiteen.net\/wp-content\/uploads\/2026\/01\/20260105_170512.jpg?fit=1160%2C572&ssl=1&resize=1050%2C600 3x"},"classes":[]},{"id":936,"url":"https:\/\/kampkomiteen.net\/?p=936","url_meta":{"origin":10994,"position":2},"title":"Fram for 1. mai \u2013 kjemp og gj\u00f8r motstand!","author":"Kampkomiteen","date":"21. april 2020","format":false,"excerpt":"Ingen kan avlyse eller forby 1. mai. 1. mai er arbeidernes internasjonale kampdag. Kampkomiteen vil g\u00e5 sammen med alle andre internasjonalister, antifascister og antiimperialister for \u00e5 markere 1. mai p\u00e5 gater og torg.","rel":"","context":"i \"1. mai\"","block_context":{"text":"1. mai","link":"https:\/\/kampkomiteen.net\/?tag=1-mai"},"img":{"alt_text":"","src":"https:\/\/i0.wp.com\/kampkomiteen.net\/wp-content\/uploads\/2020\/04\/test2-1.jpeg?fit=704%2C499&ssl=1&resize=350%2C200","width":350,"height":200,"srcset":"https:\/\/i0.wp.com\/kampkomiteen.net\/wp-content\/uploads\/2020\/04\/test2-1.jpeg?fit=704%2C499&ssl=1&resize=350%2C200 1x, https:\/\/i0.wp.com\/kampkomiteen.net\/wp-content\/uploads\/2020\/04\/test2-1.jpeg?fit=704%2C499&ssl=1&resize=525%2C300 1.5x, https:\/\/i0.wp.com\/kampkomiteen.net\/wp-content\/uploads\/2020\/04\/test2-1.jpeg?fit=704%2C499&ssl=1&resize=700%2C400 2x"},"classes":[]},{"id":10658,"url":"https:\/\/kampkomiteen.net\/?p=10658","url_meta":{"origin":10994,"position":3},"title":"Ut p\u00e5 gata 8. mars \u2013 bli med p\u00e5 markeringer!","author":"Kampkomiteen","date":"6. mars 2026","format":false,"excerpt":"Kampkomiteen mobiliserer til antiimperialistiske markeringer av 8. mars i fire byer.","rel":"","context":"Liknende innlegg","block_context":{"text":"Liknende innlegg","link":""},"img":{"alt_text":"","src":"https:\/\/i0.wp.com\/kampkomiteen.net\/wp-content\/uploads\/2026\/03\/2026-02-26_Delebilde-8-mars-v1_croppa.png?fit=1200%2C1008&ssl=1&resize=350%2C200","width":350,"height":200,"srcset":"https:\/\/i0.wp.com\/kampkomiteen.net\/wp-content\/uploads\/2026\/03\/2026-02-26_Delebilde-8-mars-v1_croppa.png?fit=1200%2C1008&ssl=1&resize=350%2C200 1x, https:\/\/i0.wp.com\/kampkomiteen.net\/wp-content\/uploads\/2026\/03\/2026-02-26_Delebilde-8-mars-v1_croppa.png?fit=1200%2C1008&ssl=1&resize=525%2C300 1.5x, https:\/\/i0.wp.com\/kampkomiteen.net\/wp-content\/uploads\/2026\/03\/2026-02-26_Delebilde-8-mars-v1_croppa.png?fit=1200%2C1008&ssl=1&resize=700%2C400 2x, https:\/\/i0.wp.com\/kampkomiteen.net\/wp-content\/uploads\/2026\/03\/2026-02-26_Delebilde-8-mars-v1_croppa.png?fit=1200%2C1008&ssl=1&resize=1050%2C600 3x"},"classes":[]},{"id":2653,"url":"https:\/\/kampkomiteen.net\/?p=2653","url_meta":{"origin":10994,"position":4},"title":"Rapporter fra 1. mai","author":"Kampkomiteen","date":"4. mai 2022","format":false,"excerpt":"Kampkomiteen har gjennomf\u00f8rt markeringer og g\u00e5tt i demonstrasjonstog p\u00e5 arbeidernes internasjonale kampdag i Oslo, Bergen, Trondheim og Kristiansand. Vi deler rapporter og bilder fra lokale aktivister.","rel":"","context":"i \"1. mai\"","block_context":{"text":"1. mai","link":"https:\/\/kampkomiteen.net\/?tag=1-mai"},"img":{"alt_text":"","src":"https:\/\/i0.wp.com\/kampkomiteen.net\/wp-content\/uploads\/2022\/05\/pasted-image-0-17.png?fit=1200%2C677&ssl=1&resize=350%2C200","width":350,"height":200,"srcset":"https:\/\/i0.wp.com\/kampkomiteen.net\/wp-content\/uploads\/2022\/05\/pasted-image-0-17.png?fit=1200%2C677&ssl=1&resize=350%2C200 1x, https:\/\/i0.wp.com\/kampkomiteen.net\/wp-content\/uploads\/2022\/05\/pasted-image-0-17.png?fit=1200%2C677&ssl=1&resize=525%2C300 1.5x, https:\/\/i0.wp.com\/kampkomiteen.net\/wp-content\/uploads\/2022\/05\/pasted-image-0-17.png?fit=1200%2C677&ssl=1&resize=700%2C400 2x, https:\/\/i0.wp.com\/kampkomiteen.net\/wp-content\/uploads\/2022\/05\/pasted-image-0-17.png?fit=1200%2C677&ssl=1&resize=1050%2C600 3x"},"classes":[]},{"id":10756,"url":"https:\/\/kampkomiteen.net\/?p=10756","url_meta":{"origin":10994,"position":5},"title":"Bergen: Antiimperialistisk 8. mars markering","author":"Kampkomiteen","date":"9. mars 2026","format":false,"excerpt":"Antiimperialister markerte 8. mars i Bergen under parolen \u201cBekjemp vold mot kvinner!\u201d","rel":"","context":"Liknende innlegg","block_context":{"text":"Liknende innlegg","link":""},"img":{"alt_text":"","src":"https:\/\/i0.wp.com\/kampkomiteen.net\/wp-content\/uploads\/2026\/03\/signal-2026-03-09-06-04-02-078-1.jpg?fit=1160%2C702&ssl=1&resize=350%2C200","width":350,"height":200,"srcset":"https:\/\/i0.wp.com\/kampkomiteen.net\/wp-content\/uploads\/2026\/03\/signal-2026-03-09-06-04-02-078-1.jpg?fit=1160%2C702&ssl=1&resize=350%2C200 1x, https:\/\/i0.wp.com\/kampkomiteen.net\/wp-content\/uploads\/2026\/03\/signal-2026-03-09-06-04-02-078-1.jpg?fit=1160%2C702&ssl=1&resize=525%2C300 1.5x, https:\/\/i0.wp.com\/kampkomiteen.net\/wp-content\/uploads\/2026\/03\/signal-2026-03-09-06-04-02-078-1.jpg?fit=1160%2C702&ssl=1&resize=700%2C400 2x, https:\/\/i0.wp.com\/kampkomiteen.net\/wp-content\/uploads\/2026\/03\/signal-2026-03-09-06-04-02-078-1.jpg?fit=1160%2C702&ssl=1&resize=1050%2C600 3x"},"classes":[]}],"jetpack_sharing_enabled":true,"_links":{"self":[{"href":"https:\/\/kampkomiteen.net\/index.php?rest_route=\/wp\/v2\/posts\/10994","targetHints":{"allow":["GET"]}}],"collection":[{"href":"https:\/\/kampkomiteen.net\/index.php?rest_route=\/wp\/v2\/posts"}],"about":[{"href":"https:\/\/kampkomiteen.net\/index.php?rest_route=\/wp\/v2\/types\/post"}],"author":[{"embeddable":true,"href":"https:\/\/kampkomiteen.net\/index.php?rest_route=\/wp\/v2\/users\/8"}],"replies":[{"embeddable":true,"href":"https:\/\/kampkomiteen.net\/index.php?rest_route=%2Fwp%2Fv2%2Fcomments&post=10994"}],"version-history":[{"count":1,"href":"https:\/\/kampkomiteen.net\/index.php?rest_route=\/wp\/v2\/posts\/10994\/revisions"}],"predecessor-version":[{"id":10996,"href":"https:\/\/kampkomiteen.net\/index.php?rest_route=\/wp\/v2\/posts\/10994\/revisions\/10996"}],"wp:featuredmedia":[{"embeddable":true,"href":"https:\/\/kampkomiteen.net\/index.php?rest_route=\/wp\/v2\/media\/8805"}],"wp:attachment":[{"href":"https:\/\/kampkomiteen.net\/index.php?rest_route=%2Fwp%2Fv2%2Fmedia&parent=10994"}],"wp:term":[{"taxonomy":"category","embeddable":true,"href":"https:\/\/kampkomiteen.net\/index.php?rest_route=%2Fwp%2Fv2%2Fcategories&post=10994"},{"taxonomy":"post_tag","embeddable":true,"href":"https:\/\/kampkomiteen.net\/index.php?rest_route=%2Fwp%2Fv2%2Ftags&post=10994"}],"curies":[{"name":"wp","href":"https:\/\/api.w.org\/{rel}","templated":true}]}}