{"id":10988,"date":"2026-04-27T00:28:30","date_gmt":"2026-04-26T22:28:30","guid":{"rendered":"https:\/\/kampkomiteen.net\/?p=10988"},"modified":"2026-04-27T00:31:22","modified_gmt":"2026-04-26T22:31:22","slug":"oslo-bli-med-pa-antiimperialistisk-1-mai","status":"publish","type":"post","link":"https:\/\/kampkomiteen.net\/?p=10988","title":{"rendered":"Oslo: Bli med p\u00e5 antiimperialistisk 1. mai!"},"content":{"rendered":"<div id=\"fb-root\"><\/div>\n\n<p><em>Skrevet av aktivister i Oslo<\/em><\/p>\n\n\n\n<p><strong>Bli med p\u00e5 en internasjonalistisk og antiimperialistisk 1. mai!<\/strong><\/p>\n\n\n\n<p>Mot kuttene i velferden som rammer arbeiderklassen hardest. For internasjonal solidaritet med motstandskampen i Palestina, Iran, Jemen, og Libanon. For solidaritet med folket i Sudan, India, og mange flere. Demonstrasjonen gjennomf\u00f8res av Kampkomiteen i samarbeid med flere organisasjoner.<\/p>\n\n\n\n<p>Tilsluttet demonstrasjonen er Antiimperialistisk Forbund, Voice of Tunguli Organization, Kampkomiteen, Fritt Palestina Forening, Solidaritet Med Revolusjonen i Iran, Sudanese Women Union, Studenter for Palestina, Kandaka Union Norge, Workers\u2019 Socialist Organization of Afghanistan, Kvinne, Liv, Frihet komiteen,  Revolusjon\u00e6rt Kommunistisk Forbund, Resistencia Intifada, Sudanese Human Rights Activists &#8211; Norway<\/p>\n\n\n\n<figure class=\"wp-block-image size-large\"><img loading=\"lazy\" decoding=\"async\" width=\"2269\" height=\"2560\" src=\"https:\/\/i0.wp.com\/kampkomiteen.net\/wp-content\/uploads\/2026\/04\/1mai-delebilde-2026_v5_RK-1-scaled.png?fit=810%2C914&amp;ssl=1\" alt=\"\" class=\"wp-image-10991\" srcset=\"https:\/\/i0.wp.com\/kampkomiteen.net\/wp-content\/uploads\/2026\/04\/1mai-delebilde-2026_v5_RK-1-scaled.png?w=2269&amp;ssl=1 2269w, https:\/\/i0.wp.com\/kampkomiteen.net\/wp-content\/uploads\/2026\/04\/1mai-delebilde-2026_v5_RK-1-scaled.png?resize=886%2C1000&amp;ssl=1 886w, https:\/\/i0.wp.com\/kampkomiteen.net\/wp-content\/uploads\/2026\/04\/1mai-delebilde-2026_v5_RK-1-scaled.png?resize=768%2C867&amp;ssl=1 768w, https:\/\/i0.wp.com\/kampkomiteen.net\/wp-content\/uploads\/2026\/04\/1mai-delebilde-2026_v5_RK-1-scaled.png?resize=1361%2C1536&amp;ssl=1 1361w, https:\/\/i0.wp.com\/kampkomiteen.net\/wp-content\/uploads\/2026\/04\/1mai-delebilde-2026_v5_RK-1-scaled.png?resize=1815%2C2048&amp;ssl=1 1815w, https:\/\/i0.wp.com\/kampkomiteen.net\/wp-content\/uploads\/2026\/04\/1mai-delebilde-2026_v5_RK-1-scaled.png?w=1620&amp;ssl=1 1620w\" sizes=\"auto, (max-width: 810px) 100vw, 810px\" \/><\/figure>\n","protected":false},"excerpt":{"rendered":"<p>Bli med p\u00e5 en internasjonalistisk og antiimperialistisk 1. mai!<\/p>\n","protected":false},"author":8,"featured_media":10990,"comment_status":"closed","ping_status":"","sticky":false,"template":"","format":"standard","meta":{"advanced_seo_description":"","jetpack_seo_html_title":"","jetpack_seo_noindex":false,"_jetpack_memberships_contains_paid_content":false,"footnotes":""},"categories":[1],"tags":[26,78,4],"class_list":["post-10988","post","type-post","status-publish","format-standard","has-post-thumbnail","hentry","category-uncategorized","tag-1-mai","tag-antiimperialistisk-forbund","tag-demonstrasjon"],"jetpack_featured_media_url":"https:\/\/i0.wp.com\/kampkomiteen.net\/wp-content\/uploads\/2026\/04\/1mai-delebilde-2026_v5_RK-scaled.png?fit=2269%2C2560&ssl=1","jetpack_shortlink":"https:\/\/wp.me\/pchuPf-2Re","jetpack-related-posts":[{"id":10711,"url":"https:\/\/kampkomiteen.net\/?p=10711","url_meta":{"origin":10988,"position":0},"title":"Oslo: Antiimperialistisk 8. mars","author":"Kampkomiteen","date":"9. mars 2026","format":false,"excerpt":"Kampkomiteen i Oslo markerte 8. mars med egen markering i samarbeid med andre organisasjoner og i deltakelse i 8. marskomiteens arrangement.","rel":"","context":"i \"8. mars\"","block_context":{"text":"8. mars","link":"https:\/\/kampkomiteen.net\/?tag=8-mars"},"img":{"alt_text":"","src":"https:\/\/i0.wp.com\/kampkomiteen.net\/wp-content\/uploads\/2026\/03\/GT-YT-1.jpg?fit=1200%2C800&ssl=1&resize=350%2C200","width":350,"height":200,"srcset":"https:\/\/i0.wp.com\/kampkomiteen.net\/wp-content\/uploads\/2026\/03\/GT-YT-1.jpg?fit=1200%2C800&ssl=1&resize=350%2C200 1x, https:\/\/i0.wp.com\/kampkomiteen.net\/wp-content\/uploads\/2026\/03\/GT-YT-1.jpg?fit=1200%2C800&ssl=1&resize=525%2C300 1.5x, https:\/\/i0.wp.com\/kampkomiteen.net\/wp-content\/uploads\/2026\/03\/GT-YT-1.jpg?fit=1200%2C800&ssl=1&resize=700%2C400 2x, https:\/\/i0.wp.com\/kampkomiteen.net\/wp-content\/uploads\/2026\/03\/GT-YT-1.jpg?fit=1200%2C800&ssl=1&resize=1050%2C600 3x"},"classes":[]},{"id":8813,"url":"https:\/\/kampkomiteen.net\/?p=8813","url_meta":{"origin":10988,"position":1},"title":"Oslo: Kjempende og antiimperialistisk 1. mai","author":"Kampkomiteen","date":"1. mai 2025","format":false,"excerpt":"1. mai ble markert med to demonstrasjoner i Oslo. Kampkomiteen reiste kampanjen for stiftelsen av Antiimperialistisk forbund, st\u00f8tte til fattigb\u00f8ndenes og folkets kamp i Brasil, og st\u00f8tte til den palestinske motstandskampen.","rel":"","context":"i \"1. mai\"","block_context":{"text":"1. mai","link":"https:\/\/kampkomiteen.net\/?tag=1-mai"},"img":{"alt_text":"","src":"https:\/\/i0.wp.com\/kampkomiteen.net\/wp-content\/uploads\/2025\/05\/2.jpg?fit=1200%2C653&ssl=1&resize=350%2C200","width":350,"height":200,"srcset":"https:\/\/i0.wp.com\/kampkomiteen.net\/wp-content\/uploads\/2025\/05\/2.jpg?fit=1200%2C653&ssl=1&resize=350%2C200 1x, https:\/\/i0.wp.com\/kampkomiteen.net\/wp-content\/uploads\/2025\/05\/2.jpg?fit=1200%2C653&ssl=1&resize=525%2C300 1.5x, https:\/\/i0.wp.com\/kampkomiteen.net\/wp-content\/uploads\/2025\/05\/2.jpg?fit=1200%2C653&ssl=1&resize=700%2C400 2x, https:\/\/i0.wp.com\/kampkomiteen.net\/wp-content\/uploads\/2025\/05\/2.jpg?fit=1200%2C653&ssl=1&resize=1050%2C600 3x"},"classes":[]},{"id":10756,"url":"https:\/\/kampkomiteen.net\/?p=10756","url_meta":{"origin":10988,"position":2},"title":"Bergen: Antiimperialistisk 8. mars markering","author":"Kampkomiteen","date":"9. mars 2026","format":false,"excerpt":"Antiimperialister markerte 8. mars i Bergen under parolen \u201cBekjemp vold mot kvinner!\u201d","rel":"","context":"Liknende innlegg","block_context":{"text":"Liknende innlegg","link":""},"img":{"alt_text":"","src":"https:\/\/i0.wp.com\/kampkomiteen.net\/wp-content\/uploads\/2026\/03\/signal-2026-03-09-06-04-02-078-1.jpg?fit=1160%2C702&ssl=1&resize=350%2C200","width":350,"height":200,"srcset":"https:\/\/i0.wp.com\/kampkomiteen.net\/wp-content\/uploads\/2026\/03\/signal-2026-03-09-06-04-02-078-1.jpg?fit=1160%2C702&ssl=1&resize=350%2C200 1x, https:\/\/i0.wp.com\/kampkomiteen.net\/wp-content\/uploads\/2026\/03\/signal-2026-03-09-06-04-02-078-1.jpg?fit=1160%2C702&ssl=1&resize=525%2C300 1.5x, https:\/\/i0.wp.com\/kampkomiteen.net\/wp-content\/uploads\/2026\/03\/signal-2026-03-09-06-04-02-078-1.jpg?fit=1160%2C702&ssl=1&resize=700%2C400 2x, https:\/\/i0.wp.com\/kampkomiteen.net\/wp-content\/uploads\/2026\/03\/signal-2026-03-09-06-04-02-078-1.jpg?fit=1160%2C702&ssl=1&resize=1050%2C600 3x"},"classes":[]},{"id":9190,"url":"https:\/\/kampkomiteen.net\/?p=9190","url_meta":{"origin":10988,"position":3},"title":"Oslo: Nabolagsaktivitet for Palestina og folkets kamp i India","author":"Kampkomiteen","date":"20. juli 2025","format":false,"excerpt":"Kampkomiteen i Oslo arrangerte en sosial og politisk aktivitet p\u00e5 Haugenstua p\u00e5 Stovner i Oslo, til st\u00f8tte for Palestina og folkets kamp i India, med fotball og politiske diskusjoner.","rel":"","context":"i \"India\"","block_context":{"text":"India","link":"https:\/\/kampkomiteen.net\/?tag=india"},"img":{"alt_text":"","src":"https:\/\/i0.wp.com\/kampkomiteen.net\/wp-content\/uploads\/2025\/07\/hovedbilde.jpg?fit=1200%2C670&ssl=1&resize=350%2C200","width":350,"height":200,"srcset":"https:\/\/i0.wp.com\/kampkomiteen.net\/wp-content\/uploads\/2025\/07\/hovedbilde.jpg?fit=1200%2C670&ssl=1&resize=350%2C200 1x, https:\/\/i0.wp.com\/kampkomiteen.net\/wp-content\/uploads\/2025\/07\/hovedbilde.jpg?fit=1200%2C670&ssl=1&resize=525%2C300 1.5x, https:\/\/i0.wp.com\/kampkomiteen.net\/wp-content\/uploads\/2025\/07\/hovedbilde.jpg?fit=1200%2C670&ssl=1&resize=700%2C400 2x, https:\/\/i0.wp.com\/kampkomiteen.net\/wp-content\/uploads\/2025\/07\/hovedbilde.jpg?fit=1200%2C670&ssl=1&resize=1050%2C600 3x"},"classes":[]},{"id":8800,"url":"https:\/\/kampkomiteen.net\/?p=8800","url_meta":{"origin":10988,"position":4},"title":"Bergen: Antiimperialistisk 1. mai","author":"Kampkomiteen","date":"1. mai 2025","format":false,"excerpt":"Tross regn og vind markerte Kampkomiteen i Bergen 1. mai sammen med flere antiimperialistiske organisasjoner. Under \u00e5rets 1. mai ble palestinasolidariteten og arbeidet for stiftelsen av Antiimperialistisk Forbund (AIL) fremmet. Antiimperialister i Bergen deltok p\u00e5 2 markeringer under \u00e5rets 1. mai.","rel":"","context":"Liknende innlegg","block_context":{"text":"Liknende innlegg","link":""},"img":{"alt_text":"","src":"https:\/\/i0.wp.com\/kampkomiteen.net\/wp-content\/uploads\/2025\/05\/P1080246-1-scaled.jpg?fit=1200%2C606&ssl=1&resize=350%2C200","width":350,"height":200,"srcset":"https:\/\/i0.wp.com\/kampkomiteen.net\/wp-content\/uploads\/2025\/05\/P1080246-1-scaled.jpg?fit=1200%2C606&ssl=1&resize=350%2C200 1x, https:\/\/i0.wp.com\/kampkomiteen.net\/wp-content\/uploads\/2025\/05\/P1080246-1-scaled.jpg?fit=1200%2C606&ssl=1&resize=525%2C300 1.5x, https:\/\/i0.wp.com\/kampkomiteen.net\/wp-content\/uploads\/2025\/05\/P1080246-1-scaled.jpg?fit=1200%2C606&ssl=1&resize=700%2C400 2x, https:\/\/i0.wp.com\/kampkomiteen.net\/wp-content\/uploads\/2025\/05\/P1080246-1-scaled.jpg?fit=1200%2C606&ssl=1&resize=1050%2C600 3x"},"classes":[]},{"id":8724,"url":"https:\/\/kampkomiteen.net\/?p=8724","url_meta":{"origin":10988,"position":5},"title":"Bli med! Ut p\u00e5 gata 1. mai!","author":"Kampkomiteen","date":"25. april 2025","format":false,"excerpt":"Kampkomiteen oppfordrer til \u00e5 bli med ut p\u00e5 gater og torg for \u00e5 skape en kjempende og antiimperialistisk 1. mai. Kampkomiteen vil selv markere dagen f\u00f8lgende steder:","rel":"","context":"Liknende innlegg","block_context":{"text":"Liknende innlegg","link":""},"img":{"alt_text":"","src":"https:\/\/i0.wp.com\/kampkomiteen.net\/wp-content\/uploads\/2024\/05\/Bergen1-scaled.jpg?fit=1200%2C800&ssl=1&resize=350%2C200","width":350,"height":200,"srcset":"https:\/\/i0.wp.com\/kampkomiteen.net\/wp-content\/uploads\/2024\/05\/Bergen1-scaled.jpg?fit=1200%2C800&ssl=1&resize=350%2C200 1x, https:\/\/i0.wp.com\/kampkomiteen.net\/wp-content\/uploads\/2024\/05\/Bergen1-scaled.jpg?fit=1200%2C800&ssl=1&resize=525%2C300 1.5x, https:\/\/i0.wp.com\/kampkomiteen.net\/wp-content\/uploads\/2024\/05\/Bergen1-scaled.jpg?fit=1200%2C800&ssl=1&resize=700%2C400 2x, https:\/\/i0.wp.com\/kampkomiteen.net\/wp-content\/uploads\/2024\/05\/Bergen1-scaled.jpg?fit=1200%2C800&ssl=1&resize=1050%2C600 3x"},"classes":[]}],"jetpack_sharing_enabled":true,"_links":{"self":[{"href":"https:\/\/kampkomiteen.net\/index.php?rest_route=\/wp\/v2\/posts\/10988","targetHints":{"allow":["GET"]}}],"collection":[{"href":"https:\/\/kampkomiteen.net\/index.php?rest_route=\/wp\/v2\/posts"}],"about":[{"href":"https:\/\/kampkomiteen.net\/index.php?rest_route=\/wp\/v2\/types\/post"}],"author":[{"embeddable":true,"href":"https:\/\/kampkomiteen.net\/index.php?rest_route=\/wp\/v2\/users\/8"}],"replies":[{"embeddable":true,"href":"https:\/\/kampkomiteen.net\/index.php?rest_route=%2Fwp%2Fv2%2Fcomments&post=10988"}],"version-history":[{"count":3,"href":"https:\/\/kampkomiteen.net\/index.php?rest_route=\/wp\/v2\/posts\/10988\/revisions"}],"predecessor-version":[{"id":10993,"href":"https:\/\/kampkomiteen.net\/index.php?rest_route=\/wp\/v2\/posts\/10988\/revisions\/10993"}],"wp:featuredmedia":[{"embeddable":true,"href":"https:\/\/kampkomiteen.net\/index.php?rest_route=\/wp\/v2\/media\/10990"}],"wp:attachment":[{"href":"https:\/\/kampkomiteen.net\/index.php?rest_route=%2Fwp%2Fv2%2Fmedia&parent=10988"}],"wp:term":[{"taxonomy":"category","embeddable":true,"href":"https:\/\/kampkomiteen.net\/index.php?rest_route=%2Fwp%2Fv2%2Fcategories&post=10988"},{"taxonomy":"post_tag","embeddable":true,"href":"https:\/\/kampkomiteen.net\/index.php?rest_route=%2Fwp%2Fv2%2Ftags&post=10988"}],"curies":[{"name":"wp","href":"https:\/\/api.w.org\/{rel}","templated":true}]}}