{"id":10802,"date":"2026-03-13T19:31:46","date_gmt":"2026-03-13T18:31:46","guid":{"rendered":"https:\/\/kampkomiteen.net\/?p=10802"},"modified":"2026-03-13T19:35:06","modified_gmt":"2026-03-13T18:35:06","slug":"oslo-demonstrasjon-mot-usa-imperialismens-angrep-mot-iran","status":"publish","type":"post","link":"https:\/\/kampkomiteen.net\/?p=10802","title":{"rendered":"Oslo: Demonstrasjon mot USA-imperialismens angrep p\u00e5 Iran"},"content":{"rendered":"<div id=\"fb-root\"><\/div>\n\n<p><em>Skrevet av aktivister i Oslo<\/em><\/p>\n\n\n\n<p>Torsdag 12. februar var det en demonstrasjon utenfor stortinget mot USA-imperialismens og Israels aggresjon mot Iran og mot imperialistisk intervensjon. Demonstrasjonen var arrangert av Kvinne, liv, frihet &#8211; Komiteen. Aktivister fra kampkomtiteen deltok med parolen \u00abUSA-imperialismen ut av Iran! St\u00f8tt folkets kamp i Iran!\u00bb. Det ble holdt flere appeller som la vekt p\u00e5 blant annet at demonstrasjonene mot regimet p\u00e5 ingen m\u00e5te legimiterer de brutale angrepene som heller har som m\u00e5l \u00e5 \u00f8ke sin plyndring og dominasjon. <\/p>\n\n\n\n<figure class=\"wp-block-image size-large\"><img data-recalc-dims=\"1\" loading=\"lazy\" decoding=\"async\" width=\"810\" height=\"608\" src=\"https:\/\/i0.wp.com\/kampkomiteen.net\/wp-content\/uploads\/2026\/03\/1.jpg?resize=810%2C608&#038;ssl=1\" alt=\"\" class=\"wp-image-10803\" srcset=\"https:\/\/i0.wp.com\/kampkomiteen.net\/wp-content\/uploads\/2026\/03\/1-scaled.jpg?resize=4000%2C3000&amp;ssl=1 4000w, https:\/\/i0.wp.com\/kampkomiteen.net\/wp-content\/uploads\/2026\/03\/1-scaled.jpg?resize=1000%2C750&amp;ssl=1 1000w, https:\/\/i0.wp.com\/kampkomiteen.net\/wp-content\/uploads\/2026\/03\/1-scaled.jpg?resize=768%2C576&amp;ssl=1 768w, https:\/\/i0.wp.com\/kampkomiteen.net\/wp-content\/uploads\/2026\/03\/1-scaled.jpg?resize=1536%2C1152&amp;ssl=1 1536w, https:\/\/i0.wp.com\/kampkomiteen.net\/wp-content\/uploads\/2026\/03\/1-scaled.jpg?resize=2048%2C1536&amp;ssl=1 2048w\" sizes=\"auto, (max-width: 810px) 100vw, 810px\" \/><\/figure>\n\n\n\n<figure class=\"wp-block-image size-large\"><img data-recalc-dims=\"1\" loading=\"lazy\" decoding=\"async\" width=\"810\" height=\"608\" src=\"https:\/\/i0.wp.com\/kampkomiteen.net\/wp-content\/uploads\/2026\/03\/2.jpg?resize=810%2C608&#038;ssl=1\" alt=\"\" class=\"wp-image-10804\" srcset=\"https:\/\/i0.wp.com\/kampkomiteen.net\/wp-content\/uploads\/2026\/03\/2-scaled.jpg?resize=4000%2C3000&amp;ssl=1 4000w, https:\/\/i0.wp.com\/kampkomiteen.net\/wp-content\/uploads\/2026\/03\/2-scaled.jpg?resize=1000%2C750&amp;ssl=1 1000w, https:\/\/i0.wp.com\/kampkomiteen.net\/wp-content\/uploads\/2026\/03\/2-scaled.jpg?resize=768%2C576&amp;ssl=1 768w, https:\/\/i0.wp.com\/kampkomiteen.net\/wp-content\/uploads\/2026\/03\/2-scaled.jpg?resize=1536%2C1152&amp;ssl=1 1536w, https:\/\/i0.wp.com\/kampkomiteen.net\/wp-content\/uploads\/2026\/03\/2-scaled.jpg?resize=2048%2C1536&amp;ssl=1 2048w\" sizes=\"auto, (max-width: 810px) 100vw, 810px\" \/><\/figure>\n\n\n\n<p><\/p>\n","protected":false},"excerpt":{"rendered":"<p>Torsdag 12. februar var det en demonstrasjon utenfor stortinget mot USA-imperialismens og Israels aggresjon mot Iran og mot imperialistisk intervensjon.<\/p>\n","protected":false},"author":8,"featured_media":10803,"comment_status":"closed","ping_status":"closed","sticky":false,"template":"","format":"standard","meta":{"advanced_seo_description":"","jetpack_seo_html_title":"","jetpack_seo_noindex":false,"_jetpack_memberships_contains_paid_content":false,"footnotes":""},"categories":[1],"tags":[48,4,19],"class_list":["post-10802","post","type-post","status-publish","format-standard","has-post-thumbnail","hentry","category-uncategorized","tag-antiimperialisme","tag-demonstrasjon","tag-iran"],"jetpack_featured_media_url":"https:\/\/i0.wp.com\/kampkomiteen.net\/wp-content\/uploads\/2026\/03\/1-scaled.jpg?fit=2560%2C1920&ssl=1","jetpack_shortlink":"https:\/\/wp.me\/pchuPf-2Oe","jetpack-related-posts":[{"id":10562,"url":"https:\/\/kampkomiteen.net\/?p=10562","url_meta":{"origin":10802,"position":0},"title":"Oslo: Demonstrasjon mot USA-imperialismens og Israels aggresjon mot Iran","author":"Kampkomiteen","date":"28. februar 2026","format":false,"excerpt":"Idag, den 28. februar ble det arrangert en hastedemonstrasjon med over 100 deltakere mot USA-imperialismens og Israels aggresjon mot Iran.","rel":"","context":"Liknende innlegg","block_context":{"text":"Liknende innlegg","link":""},"img":{"alt_text":"","src":"https:\/\/i0.wp.com\/kampkomiteen.net\/wp-content\/uploads\/2026\/02\/1-3.jpg?fit=1200%2C800&ssl=1&resize=350%2C200","width":350,"height":200,"srcset":"https:\/\/i0.wp.com\/kampkomiteen.net\/wp-content\/uploads\/2026\/02\/1-3.jpg?fit=1200%2C800&ssl=1&resize=350%2C200 1x, https:\/\/i0.wp.com\/kampkomiteen.net\/wp-content\/uploads\/2026\/02\/1-3.jpg?fit=1200%2C800&ssl=1&resize=525%2C300 1.5x, https:\/\/i0.wp.com\/kampkomiteen.net\/wp-content\/uploads\/2026\/02\/1-3.jpg?fit=1200%2C800&ssl=1&resize=700%2C400 2x, https:\/\/i0.wp.com\/kampkomiteen.net\/wp-content\/uploads\/2026\/02\/1-3.jpg?fit=1200%2C800&ssl=1&resize=1050%2C600 3x"},"classes":[]},{"id":10843,"url":"https:\/\/kampkomiteen.net\/?p=10843","url_meta":{"origin":10802,"position":1},"title":"Oslo: Demonstrasjon mot bombingen av Iran","author":"Kampkomiteen","date":"26. mars 2026","format":false,"excerpt":"Torsdag 26. mars ble det holdt en demonstrasjon p\u00e5 Gr\u00f8nlands torg mot USA-imperialismens og Israels bombing av Iran, arrangert av Kampkomiteen og Kvinne-liv-frihet komiteen.","rel":"","context":"i \"Antiimperialisme\"","block_context":{"text":"Antiimperialisme","link":"https:\/\/kampkomiteen.net\/?tag=antiimperialisme"},"img":{"alt_text":"","src":"https:\/\/i0.wp.com\/kampkomiteen.net\/wp-content\/uploads\/2026\/03\/5.jpg?fit=1200%2C676&ssl=1&resize=350%2C200","width":350,"height":200,"srcset":"https:\/\/i0.wp.com\/kampkomiteen.net\/wp-content\/uploads\/2026\/03\/5.jpg?fit=1200%2C676&ssl=1&resize=350%2C200 1x, https:\/\/i0.wp.com\/kampkomiteen.net\/wp-content\/uploads\/2026\/03\/5.jpg?fit=1200%2C676&ssl=1&resize=525%2C300 1.5x, https:\/\/i0.wp.com\/kampkomiteen.net\/wp-content\/uploads\/2026\/03\/5.jpg?fit=1200%2C676&ssl=1&resize=700%2C400 2x, https:\/\/i0.wp.com\/kampkomiteen.net\/wp-content\/uploads\/2026\/03\/5.jpg?fit=1200%2C676&ssl=1&resize=1050%2C600 3x"},"classes":[]},{"id":10381,"url":"https:\/\/kampkomiteen.net\/?p=10381","url_meta":{"origin":10802,"position":2},"title":"Kristiansand: Demonstrasjon mot USA-imperialismen","author":"Kampkomiteen","date":"4. februar 2026","format":false,"excerpt":"3. februar, p\u00e5 den internasjonale aksjonsdagen mot USA-imperialismens aggresjon mot Venezuela, ble det holdt en demonstrasjon p\u00e5 torvet i Kristiansand.","rel":"","context":"i \"Antiimperialisme\"","block_context":{"text":"Antiimperialisme","link":"https:\/\/kampkomiteen.net\/?tag=antiimperialisme"},"img":{"alt_text":"","src":"https:\/\/i0.wp.com\/kampkomiteen.net\/wp-content\/uploads\/2026\/02\/Image_484284.jpg?fit=1024%2C461&ssl=1&resize=350%2C200","width":350,"height":200,"srcset":"https:\/\/i0.wp.com\/kampkomiteen.net\/wp-content\/uploads\/2026\/02\/Image_484284.jpg?fit=1024%2C461&ssl=1&resize=350%2C200 1x, https:\/\/i0.wp.com\/kampkomiteen.net\/wp-content\/uploads\/2026\/02\/Image_484284.jpg?fit=1024%2C461&ssl=1&resize=525%2C300 1.5x, https:\/\/i0.wp.com\/kampkomiteen.net\/wp-content\/uploads\/2026\/02\/Image_484284.jpg?fit=1024%2C461&ssl=1&resize=700%2C400 2x"},"classes":[]},{"id":10598,"url":"https:\/\/kampkomiteen.net\/?p=10598","url_meta":{"origin":10802,"position":3},"title":"Bergen: Markering mot USA-imperialismens angrep p\u00e5 Iran","author":"Kampkomiteen","date":"1. mars 2026","format":false,"excerpt":"Aktivister fra Kampkomiteen i Bergen har deltatt p\u00e5 en demonstrasjon mot USA-imperialismen og Israels angrep p\u00e5 Iran, og til st\u00f8tte for folkets kamp i Iran.","rel":"","context":"Liknende innlegg","block_context":{"text":"Liknende innlegg","link":""},"img":{"alt_text":"","src":"https:\/\/i0.wp.com\/kampkomiteen.net\/wp-content\/uploads\/2026\/03\/20260301_151232.jpg?fit=1160%2C782&ssl=1&resize=350%2C200","width":350,"height":200,"srcset":"https:\/\/i0.wp.com\/kampkomiteen.net\/wp-content\/uploads\/2026\/03\/20260301_151232.jpg?fit=1160%2C782&ssl=1&resize=350%2C200 1x, https:\/\/i0.wp.com\/kampkomiteen.net\/wp-content\/uploads\/2026\/03\/20260301_151232.jpg?fit=1160%2C782&ssl=1&resize=525%2C300 1.5x, https:\/\/i0.wp.com\/kampkomiteen.net\/wp-content\/uploads\/2026\/03\/20260301_151232.jpg?fit=1160%2C782&ssl=1&resize=700%2C400 2x, https:\/\/i0.wp.com\/kampkomiteen.net\/wp-content\/uploads\/2026\/03\/20260301_151232.jpg?fit=1160%2C782&ssl=1&resize=1050%2C600 3x"},"classes":[]},{"id":10432,"url":"https:\/\/kampkomiteen.net\/?p=10432","url_meta":{"origin":10802,"position":4},"title":"Bergen: Demonstrasjon og \u00e5pent m\u00f8te for Venezuela","author":"Kampkomiteen","date":"4. februar 2026","format":false,"excerpt":"Tirsdag 3. februar arrangerte Bergen4Palestine og Kampkomiteen en demonstrasjon og et \u00e5pent m\u00f8te i forbindelse med den internasjonale aksjonsdagen til ford\u00f8mmelse av USA imperialismens aggresjon mot Venezuela.","rel":"","context":"Liknende innlegg","block_context":{"text":"Liknende innlegg","link":""},"img":{"alt_text":"","src":"https:\/\/i0.wp.com\/kampkomiteen.net\/wp-content\/uploads\/2026\/02\/20260203_171517.jpg?fit=1160%2C746&ssl=1&resize=350%2C200","width":350,"height":200,"srcset":"https:\/\/i0.wp.com\/kampkomiteen.net\/wp-content\/uploads\/2026\/02\/20260203_171517.jpg?fit=1160%2C746&ssl=1&resize=350%2C200 1x, https:\/\/i0.wp.com\/kampkomiteen.net\/wp-content\/uploads\/2026\/02\/20260203_171517.jpg?fit=1160%2C746&ssl=1&resize=525%2C300 1.5x, https:\/\/i0.wp.com\/kampkomiteen.net\/wp-content\/uploads\/2026\/02\/20260203_171517.jpg?fit=1160%2C746&ssl=1&resize=700%2C400 2x, https:\/\/i0.wp.com\/kampkomiteen.net\/wp-content\/uploads\/2026\/02\/20260203_171517.jpg?fit=1160%2C746&ssl=1&resize=1050%2C600 3x"},"classes":[]},{"id":10497,"url":"https:\/\/kampkomiteen.net\/?p=10497","url_meta":{"origin":10802,"position":5},"title":"Oslo: Demonstrasjon mot Eurovision","author":"Kampkomiteen","date":"9. februar 2026","format":false,"excerpt":"L\u00f8rdag 7. februar var det demonstrasjon mot Israels deltakelse i Eurovision og norsk delaktighet p\u00e5 Gr\u00f8nland torg.","rel":"","context":"i \"Antiimperialisme\"","block_context":{"text":"Antiimperialisme","link":"https:\/\/kampkomiteen.net\/?tag=antiimperialisme"},"img":{"alt_text":"","src":"https:\/\/i0.wp.com\/kampkomiteen.net\/wp-content\/uploads\/2026\/02\/3-2-scaled.jpg?fit=1200%2C800&ssl=1&resize=350%2C200","width":350,"height":200,"srcset":"https:\/\/i0.wp.com\/kampkomiteen.net\/wp-content\/uploads\/2026\/02\/3-2-scaled.jpg?fit=1200%2C800&ssl=1&resize=350%2C200 1x, https:\/\/i0.wp.com\/kampkomiteen.net\/wp-content\/uploads\/2026\/02\/3-2-scaled.jpg?fit=1200%2C800&ssl=1&resize=525%2C300 1.5x, https:\/\/i0.wp.com\/kampkomiteen.net\/wp-content\/uploads\/2026\/02\/3-2-scaled.jpg?fit=1200%2C800&ssl=1&resize=700%2C400 2x, https:\/\/i0.wp.com\/kampkomiteen.net\/wp-content\/uploads\/2026\/02\/3-2-scaled.jpg?fit=1200%2C800&ssl=1&resize=1050%2C600 3x"},"classes":[]}],"jetpack_sharing_enabled":true,"_links":{"self":[{"href":"https:\/\/kampkomiteen.net\/index.php?rest_route=\/wp\/v2\/posts\/10802","targetHints":{"allow":["GET"]}}],"collection":[{"href":"https:\/\/kampkomiteen.net\/index.php?rest_route=\/wp\/v2\/posts"}],"about":[{"href":"https:\/\/kampkomiteen.net\/index.php?rest_route=\/wp\/v2\/types\/post"}],"author":[{"embeddable":true,"href":"https:\/\/kampkomiteen.net\/index.php?rest_route=\/wp\/v2\/users\/8"}],"replies":[{"embeddable":true,"href":"https:\/\/kampkomiteen.net\/index.php?rest_route=%2Fwp%2Fv2%2Fcomments&post=10802"}],"version-history":[{"count":5,"href":"https:\/\/kampkomiteen.net\/index.php?rest_route=\/wp\/v2\/posts\/10802\/revisions"}],"predecessor-version":[{"id":10812,"href":"https:\/\/kampkomiteen.net\/index.php?rest_route=\/wp\/v2\/posts\/10802\/revisions\/10812"}],"wp:featuredmedia":[{"embeddable":true,"href":"https:\/\/kampkomiteen.net\/index.php?rest_route=\/wp\/v2\/media\/10803"}],"wp:attachment":[{"href":"https:\/\/kampkomiteen.net\/index.php?rest_route=%2Fwp%2Fv2%2Fmedia&parent=10802"}],"wp:term":[{"taxonomy":"category","embeddable":true,"href":"https:\/\/kampkomiteen.net\/index.php?rest_route=%2Fwp%2Fv2%2Fcategories&post=10802"},{"taxonomy":"post_tag","embeddable":true,"href":"https:\/\/kampkomiteen.net\/index.php?rest_route=%2Fwp%2Fv2%2Ftags&post=10802"}],"curies":[{"name":"wp","href":"https:\/\/api.w.org\/{rel}","templated":true}]}}