{"id":10797,"date":"2026-03-12T06:27:50","date_gmt":"2026-03-12T05:27:50","guid":{"rendered":"https:\/\/kampkomiteen.net\/?p=10797"},"modified":"2026-03-12T14:40:58","modified_gmt":"2026-03-12T13:40:58","slug":"stavanger-veggavis-for-antiimperialistisk-forbund","status":"publish","type":"post","link":"https:\/\/kampkomiteen.net\/?p=10797","title":{"rendered":"Stavanger: Veggavis for Antiimperialistisk Forbund"},"content":{"rendered":"<div id=\"fb-root\"><\/div>\n\n<p>Aktivister i Kampkomiteen har hengt opp en veggavis i Storhaug, en bydel i Stavanger. Veggavisen er hengt opp i anledning stiftelseskongressen for Antiimperialistisk Forbund som skal holdes i april. P\u00e5 veggavisen st\u00e5r det \u00abFremad for stiftelsen av Antiimperialistisk Forbund!\u00bb<\/p>\n\n\n\n<p><\/p>\n","protected":false},"excerpt":{"rendered":"<p>Aktivister i Kampkomiteen har hengt opp en veggavis i Storhaug, en bydel i Stavanger. Veggavisen er hengt opp i anledning stiftelseskongressen for Antiimperialistisk Forbund som skal holdes i april. <\/p>\n","protected":false},"author":8,"featured_media":10798,"comment_status":"closed","ping_status":"closed","sticky":false,"template":"","format":"standard","meta":{"advanced_seo_description":"","jetpack_seo_html_title":"","jetpack_seo_noindex":false,"_jetpack_memberships_contains_paid_content":false,"footnotes":""},"categories":[1],"tags":[],"class_list":["post-10797","post","type-post","status-publish","format-standard","has-post-thumbnail","hentry","category-uncategorized"],"jetpack_featured_media_url":"https:\/\/i0.wp.com\/kampkomiteen.net\/wp-content\/uploads\/2026\/03\/signal-2026-03-12-06-27-10-496.jpg?fit=2048%2C1542&ssl=1","jetpack_shortlink":"https:\/\/wp.me\/pchuPf-2O9","jetpack-related-posts":[{"id":9865,"url":"https:\/\/kampkomiteen.net\/?p=9865","url_meta":{"origin":10797,"position":0},"title":"Oslo: Banner for Antiimperialistisk Forbund","author":"Kampkomiteen","date":"26. oktober 2025","format":false,"excerpt":"Den 26. oktober ved Storo T-banestasjon ble det hengt opp banner der det sto \u00abFram for konstruksjonen av Antiimperialistisk Forbund!\u00bb","rel":"","context":"i \"AIL\"","block_context":{"text":"AIL","link":"https:\/\/kampkomiteen.net\/?tag=ail"},"img":{"alt_text":"","src":"https:\/\/i0.wp.com\/kampkomiteen.net\/wp-content\/uploads\/2025\/10\/IMG_0895-scaled.jpg?fit=1200%2C800&ssl=1&resize=350%2C200","width":350,"height":200,"srcset":"https:\/\/i0.wp.com\/kampkomiteen.net\/wp-content\/uploads\/2025\/10\/IMG_0895-scaled.jpg?fit=1200%2C800&ssl=1&resize=350%2C200 1x, https:\/\/i0.wp.com\/kampkomiteen.net\/wp-content\/uploads\/2025\/10\/IMG_0895-scaled.jpg?fit=1200%2C800&ssl=1&resize=525%2C300 1.5x, https:\/\/i0.wp.com\/kampkomiteen.net\/wp-content\/uploads\/2025\/10\/IMG_0895-scaled.jpg?fit=1200%2C800&ssl=1&resize=700%2C400 2x, https:\/\/i0.wp.com\/kampkomiteen.net\/wp-content\/uploads\/2025\/10\/IMG_0895-scaled.jpg?fit=1200%2C800&ssl=1&resize=1050%2C600 3x"},"classes":[]},{"id":8091,"url":"https:\/\/kampkomiteen.net\/?p=8091","url_meta":{"origin":10797,"position":1},"title":"Oslo: Plakater for \u00e5pent m\u00f8te","author":"Kampkomiteen","date":"5. desember 2024","format":false,"excerpt":"Aktivister fra Kampkomiteen i Oslo har hengt opp plakater for et \u00e5pent m\u00f8te om antiimperialisme og stiftelsen av Antiimperialistisk Forbund.","rel":"","context":"i \"Antiimperialisme\"","block_context":{"text":"Antiimperialisme","link":"https:\/\/kampkomiteen.net\/?tag=antiimperialisme"},"img":{"alt_text":"","src":"https:\/\/i0.wp.com\/kampkomiteen.net\/wp-content\/uploads\/2024\/12\/1.png?fit=1200%2C676&ssl=1&resize=350%2C200","width":350,"height":200,"srcset":"https:\/\/i0.wp.com\/kampkomiteen.net\/wp-content\/uploads\/2024\/12\/1.png?fit=1200%2C676&ssl=1&resize=350%2C200 1x, https:\/\/i0.wp.com\/kampkomiteen.net\/wp-content\/uploads\/2024\/12\/1.png?fit=1200%2C676&ssl=1&resize=525%2C300 1.5x, https:\/\/i0.wp.com\/kampkomiteen.net\/wp-content\/uploads\/2024\/12\/1.png?fit=1200%2C676&ssl=1&resize=700%2C400 2x, https:\/\/i0.wp.com\/kampkomiteen.net\/wp-content\/uploads\/2024\/12\/1.png?fit=1200%2C676&ssl=1&resize=1050%2C600 3x"},"classes":[]},{"id":7899,"url":"https:\/\/kampkomiteen.net\/?p=7899","url_meta":{"origin":10797,"position":2},"title":"Oslo: Plakater for Palestina","author":"Kampkomiteen","date":"20. oktober 2024","format":false,"excerpt":"Aktivister i Kampkomiteen har hengt opp Anti Imperialist League (AIL) sine plakater for Palestina i Oslo sentrum.","rel":"","context":"i \"Antiimperialisme\"","block_context":{"text":"Antiimperialisme","link":"https:\/\/kampkomiteen.net\/?tag=antiimperialisme"},"img":{"alt_text":"","src":"https:\/\/i0.wp.com\/kampkomiteen.net\/wp-content\/uploads\/2024\/10\/1-3.jpg?fit=1200%2C676&ssl=1&resize=350%2C200","width":350,"height":200,"srcset":"https:\/\/i0.wp.com\/kampkomiteen.net\/wp-content\/uploads\/2024\/10\/1-3.jpg?fit=1200%2C676&ssl=1&resize=350%2C200 1x, https:\/\/i0.wp.com\/kampkomiteen.net\/wp-content\/uploads\/2024\/10\/1-3.jpg?fit=1200%2C676&ssl=1&resize=525%2C300 1.5x, https:\/\/i0.wp.com\/kampkomiteen.net\/wp-content\/uploads\/2024\/10\/1-3.jpg?fit=1200%2C676&ssl=1&resize=700%2C400 2x, https:\/\/i0.wp.com\/kampkomiteen.net\/wp-content\/uploads\/2024\/10\/1-3.jpg?fit=1200%2C676&ssl=1&resize=1050%2C600 3x"},"classes":[]},{"id":10379,"url":"https:\/\/kampkomiteen.net\/?p=10379","url_meta":{"origin":10797,"position":3},"title":"Oppdatert: Opprop for stiftelseskongressen til Antiimperialistisk Forbund","author":"Kampkomiteen","date":"8. februar 2026","format":false,"excerpt":"Koordineringskomiteen for Antiimperialistisk Forbund har publisert et opprop for stiftelseskongressen for denne nye internasjonale antiimperialistiske organisasjonen.","rel":"","context":"i &quot;Uttalelser&quot;","block_context":{"text":"Uttalelser","link":"https:\/\/kampkomiteen.net\/?cat=94"},"img":{"alt_text":"","src":"https:\/\/i0.wp.com\/kampkomiteen.net\/wp-content\/uploads\/2025\/12\/8b.jpg?fit=1200%2C800&ssl=1&resize=350%2C200","width":350,"height":200,"srcset":"https:\/\/i0.wp.com\/kampkomiteen.net\/wp-content\/uploads\/2025\/12\/8b.jpg?fit=1200%2C800&ssl=1&resize=350%2C200 1x, https:\/\/i0.wp.com\/kampkomiteen.net\/wp-content\/uploads\/2025\/12\/8b.jpg?fit=1200%2C800&ssl=1&resize=525%2C300 1.5x, https:\/\/i0.wp.com\/kampkomiteen.net\/wp-content\/uploads\/2025\/12\/8b.jpg?fit=1200%2C800&ssl=1&resize=700%2C400 2x, https:\/\/i0.wp.com\/kampkomiteen.net\/wp-content\/uploads\/2025\/12\/8b.jpg?fit=1200%2C800&ssl=1&resize=1050%2C600 3x"},"classes":[]},{"id":7920,"url":"https:\/\/kampkomiteen.net\/?p=7920","url_meta":{"origin":10797,"position":4},"title":"Bergen: \u00c5pent m\u00f8te om antiimperialisme p\u00e5 fredag 25.10!","author":"Kampkomiteen","date":"24. oktober 2024","format":false,"excerpt":"Kampkomiteen i Bergen, Aktivister for Palestina og Bergen4Palestine organiserer et \u00e5pent m\u00f8te om antiimperialisme.","rel":"","context":"Liknende innlegg","block_context":{"text":"Liknende innlegg","link":""},"img":{"alt_text":"","src":"https:\/\/i0.wp.com\/kampkomiteen.net\/wp-content\/uploads\/2024\/10\/Plakat-i-parken.jpeg?fit=1200%2C900&ssl=1&resize=350%2C200","width":350,"height":200,"srcset":"https:\/\/i0.wp.com\/kampkomiteen.net\/wp-content\/uploads\/2024\/10\/Plakat-i-parken.jpeg?fit=1200%2C900&ssl=1&resize=350%2C200 1x, https:\/\/i0.wp.com\/kampkomiteen.net\/wp-content\/uploads\/2024\/10\/Plakat-i-parken.jpeg?fit=1200%2C900&ssl=1&resize=525%2C300 1.5x, https:\/\/i0.wp.com\/kampkomiteen.net\/wp-content\/uploads\/2024\/10\/Plakat-i-parken.jpeg?fit=1200%2C900&ssl=1&resize=700%2C400 2x, https:\/\/i0.wp.com\/kampkomiteen.net\/wp-content\/uploads\/2024\/10\/Plakat-i-parken.jpeg?fit=1200%2C900&ssl=1&resize=1050%2C600 3x"},"classes":[]},{"id":7907,"url":"https:\/\/kampkomiteen.net\/?p=7907","url_meta":{"origin":10797,"position":5},"title":"Kristiansand: Plakater for den palestinske motstandskampen","author":"Kampkomiteen","date":"22. oktober 2024","format":false,"excerpt":"I Kristiansand sentrum og p\u00e5 Universitetet i Agder er det satt opp plakater for Palestina.","rel":"","context":"i \"Antiimperialisme\"","block_context":{"text":"Antiimperialisme","link":"https:\/\/kampkomiteen.net\/?tag=antiimperialisme"},"img":{"alt_text":"","src":"https:\/\/i0.wp.com\/kampkomiteen.net\/wp-content\/uploads\/2024\/10\/FOTO-3.png?fit=1160%2C653&ssl=1&resize=350%2C200","width":350,"height":200,"srcset":"https:\/\/i0.wp.com\/kampkomiteen.net\/wp-content\/uploads\/2024\/10\/FOTO-3.png?fit=1160%2C653&ssl=1&resize=350%2C200 1x, https:\/\/i0.wp.com\/kampkomiteen.net\/wp-content\/uploads\/2024\/10\/FOTO-3.png?fit=1160%2C653&ssl=1&resize=525%2C300 1.5x, https:\/\/i0.wp.com\/kampkomiteen.net\/wp-content\/uploads\/2024\/10\/FOTO-3.png?fit=1160%2C653&ssl=1&resize=700%2C400 2x, https:\/\/i0.wp.com\/kampkomiteen.net\/wp-content\/uploads\/2024\/10\/FOTO-3.png?fit=1160%2C653&ssl=1&resize=1050%2C600 3x"},"classes":[]}],"jetpack_sharing_enabled":true,"_links":{"self":[{"href":"https:\/\/kampkomiteen.net\/index.php?rest_route=\/wp\/v2\/posts\/10797","targetHints":{"allow":["GET"]}}],"collection":[{"href":"https:\/\/kampkomiteen.net\/index.php?rest_route=\/wp\/v2\/posts"}],"about":[{"href":"https:\/\/kampkomiteen.net\/index.php?rest_route=\/wp\/v2\/types\/post"}],"author":[{"embeddable":true,"href":"https:\/\/kampkomiteen.net\/index.php?rest_route=\/wp\/v2\/users\/8"}],"replies":[{"embeddable":true,"href":"https:\/\/kampkomiteen.net\/index.php?rest_route=%2Fwp%2Fv2%2Fcomments&post=10797"}],"version-history":[{"count":2,"href":"https:\/\/kampkomiteen.net\/index.php?rest_route=\/wp\/v2\/posts\/10797\/revisions"}],"predecessor-version":[{"id":10801,"href":"https:\/\/kampkomiteen.net\/index.php?rest_route=\/wp\/v2\/posts\/10797\/revisions\/10801"}],"wp:featuredmedia":[{"embeddable":true,"href":"https:\/\/kampkomiteen.net\/index.php?rest_route=\/wp\/v2\/media\/10798"}],"wp:attachment":[{"href":"https:\/\/kampkomiteen.net\/index.php?rest_route=%2Fwp%2Fv2%2Fmedia&parent=10797"}],"wp:term":[{"taxonomy":"category","embeddable":true,"href":"https:\/\/kampkomiteen.net\/index.php?rest_route=%2Fwp%2Fv2%2Fcategories&post=10797"},{"taxonomy":"post_tag","embeddable":true,"href":"https:\/\/kampkomiteen.net\/index.php?rest_route=%2Fwp%2Fv2%2Ftags&post=10797"}],"curies":[{"name":"wp","href":"https:\/\/api.w.org\/{rel}","templated":true}]}}