{"id":10145,"date":"2025-12-07T00:06:47","date_gmt":"2025-12-06T23:06:47","guid":{"rendered":"https:\/\/kampkomiteen.net\/?p=10145"},"modified":"2025-12-08T19:46:25","modified_gmt":"2025-12-08T18:46:25","slug":"demonstrasjon-mot-represjon-og-til-stotte-for-de-3-palestinaaktivistene","status":"publish","type":"post","link":"https:\/\/kampkomiteen.net\/?p=10145","title":{"rendered":"Demonstrasjon mot represjon og til st\u00f8tte for de 3 palestinaaktivistene"},"content":{"rendered":"<div id=\"fb-root\"><\/div>\n\n<p><em>Skrevet av aktivister i Oslo<\/em><\/p>\n\n\n\n<p>L\u00f8rdag 6. desember ble det gjennomf\u00f8rt en demonstrasjon i Oslo mot forf\u00f8lgelsen av solidaritetsbevegelsen for Palestina. Demonstrasjonen markerte s\u00e6rlig st\u00f8tte til de 3 palestinaaktivistene og de 22 arresterte.<\/p>\n\n\n\n<p>Tilsluttet demonstrasjonen var Kampkomiteen, Internasjonal Kvinneliga for Fred og Frihet, Beskytt Demokratiet!, Handala Foreningen, Workers Socialist Organization of Afghanistan, Internasjonale Sosialister, Fred og Rettferdighet, Stopp NATO, Palestinateltet, Sosionomer mot folkemord, DiEM25-Norge, Lay Down Your Arms, R\u00f8d Ungdom, Oslo Sosialistisk Ungdom, Mela, Assata, Arbeids- og bosamvirket Vestbredden, Voice of Tunguli, ASRA: European Alliance in Defence of Palestinian Detainees, og EIPAAS: European Palestinian Initiative Against Apartheid and Settlements.<\/p>\n\n\n\n<p>Demonstrasjonen bar parolene \u00abForsvar retten til \u00e5 protestere! St\u00f8tt de 3 palestinaaktivistene!\u00bb, \u00abSt\u00f8tt og forsvar de 22 arresterte!\u00bb og \u00abStopp PSTs forf\u00f8lgelse av palestinaaktivister!\u00bb. Gjennom hele dagen ble det ropt taktfaste slagord for Palestina, \u00abKamp mot forf\u00f8lgelse fra politi og PST!\u00bb og \u00abVi lar oss ikke trykke ned \u2013 All st\u00f8tte til de tre!\u00bb.<\/p>\n\n\n\n<p>De tre palestinaaktivistene m\u00e5 i retten for andre gang for \u00e5 ha ut\u00f8vd sine grunnleggende demokratiske rettigheter. De tre ble arrestert ifjor for \u00e5 ha stilt sp\u00f8rsm\u00e5l til og ropt slagord mot FrP-politiker Sylvi Listhaug.<\/p>\n\n\n\n<p>De 22 ble arrestert p\u00e5 demonstrasjonen mot landskampen Norge-Israel 11. oktober. Arrestasjonene var vilk\u00e5rlige, og enkelte ble dratt ut av busser i omr\u00e5det og arrestert kun fordi de hadde palestinaskjerf p\u00e5 seg.<\/p>\n\n\n\n<p>Demonstrasjonen startet p\u00e5 Gr\u00f8nland torg, med appeller fra Kampkomiteen, R\u00f8d Ungdom, og Fred og Rettferdighet. Det ble musikalsk innslag fra Grandma Gangsta med sangen \u00abSteng ambassaden!\u00bb. Deretter gikk demonstrasjonen i tog til Borgarting lagmannsrett, der rettsaken mot de tre palestinaaktivistene skal holdes. I fronten av demonstrasjonen ble fanen til <a href=\"https:\/\/ail-red.com\/\" data-type=\"link\" data-id=\"https:\/\/ail-red.com\/\">Antiimperialistisk Forbund (AIL)<\/a> b\u00e6rt, sammen med flere palestinaflagg og r\u00f8de faner.<\/p>\n\n\n\n<p>Forran Borgarting lagmannsrett ble det holdt appeller av palestinaaktivister, Palestine Action Norway og den sudanesiske organisasjonen Voice of Tunguli. Utenfor lagmannsretten ble det mobilisert til morgenmarkeringene utenfor rettsaken, til st\u00f8tte for de tre.<\/p>\n\n\n\n<h3 class=\"wp-block-heading\">Bli med p\u00e5 morgenmarkeringer utenfor lagmannsretten:<\/h3>\n\n\n\n<p><strong>Hvor:<\/strong><\/p>\n\n\n\n<p>Borgarting lagmannsrett<br>Keysers gate 13, 0165 Oslo<\/p>\n\n\n\n<p><strong>N\u00e5r:<\/strong><\/p>\n\n\n\n<p>Tirsdag 9. desember: 8:15 \u2013 9:00<br>Onsdag 10. desember: 8:15 \u2013 9:00<br>Torsdag 11. desember: 8:15 \u2013 9:00<br>Fredag 12. desember: 8:15 \u2013 9:00<br>Mandag 15. desember: 8:15 \u2013 9:00<\/p>\n\n\n\n<figure class=\"wp-block-image size-full\"><img data-recalc-dims=\"1\" loading=\"lazy\" decoding=\"async\" width=\"810\" height=\"540\" src=\"https:\/\/i0.wp.com\/kampkomiteen.net\/wp-content\/uploads\/2025\/12\/1b.jpg?resize=810%2C540&#038;ssl=1\" alt=\"\" class=\"wp-image-10147\" srcset=\"https:\/\/i0.wp.com\/kampkomiteen.net\/wp-content\/uploads\/2025\/12\/1b.jpg?w=1920&amp;ssl=1 1920w, https:\/\/i0.wp.com\/kampkomiteen.net\/wp-content\/uploads\/2025\/12\/1b.jpg?resize=1000%2C667&amp;ssl=1 1000w, https:\/\/i0.wp.com\/kampkomiteen.net\/wp-content\/uploads\/2025\/12\/1b.jpg?resize=768%2C512&amp;ssl=1 768w, https:\/\/i0.wp.com\/kampkomiteen.net\/wp-content\/uploads\/2025\/12\/1b.jpg?resize=1536%2C1024&amp;ssl=1 1536w, https:\/\/i0.wp.com\/kampkomiteen.net\/wp-content\/uploads\/2025\/12\/1b.jpg?resize=120%2C80&amp;ssl=1 120w, https:\/\/i0.wp.com\/kampkomiteen.net\/wp-content\/uploads\/2025\/12\/1b.jpg?w=1620&amp;ssl=1 1620w\" sizes=\"auto, (max-width: 810px) 100vw, 810px\" \/><\/figure>\n\n\n\n<figure class=\"wp-block-image size-full\"><img data-recalc-dims=\"1\" loading=\"lazy\" decoding=\"async\" width=\"810\" height=\"540\" src=\"https:\/\/i0.wp.com\/kampkomiteen.net\/wp-content\/uploads\/2025\/12\/2b.jpg?resize=810%2C540&#038;ssl=1\" alt=\"\" class=\"wp-image-10148\" srcset=\"https:\/\/i0.wp.com\/kampkomiteen.net\/wp-content\/uploads\/2025\/12\/2b.jpg?w=1920&amp;ssl=1 1920w, https:\/\/i0.wp.com\/kampkomiteen.net\/wp-content\/uploads\/2025\/12\/2b.jpg?resize=1000%2C667&amp;ssl=1 1000w, https:\/\/i0.wp.com\/kampkomiteen.net\/wp-content\/uploads\/2025\/12\/2b.jpg?resize=768%2C512&amp;ssl=1 768w, https:\/\/i0.wp.com\/kampkomiteen.net\/wp-content\/uploads\/2025\/12\/2b.jpg?resize=1536%2C1024&amp;ssl=1 1536w, https:\/\/i0.wp.com\/kampkomiteen.net\/wp-content\/uploads\/2025\/12\/2b.jpg?resize=120%2C80&amp;ssl=1 120w, https:\/\/i0.wp.com\/kampkomiteen.net\/wp-content\/uploads\/2025\/12\/2b.jpg?w=1620&amp;ssl=1 1620w\" sizes=\"auto, (max-width: 810px) 100vw, 810px\" \/><\/figure>\n\n\n\n<figure class=\"wp-block-image size-full\"><img data-recalc-dims=\"1\" loading=\"lazy\" decoding=\"async\" width=\"810\" height=\"540\" src=\"https:\/\/i0.wp.com\/kampkomiteen.net\/wp-content\/uploads\/2025\/12\/3b.jpg?resize=810%2C540&#038;ssl=1\" alt=\"\" class=\"wp-image-10149\" srcset=\"https:\/\/i0.wp.com\/kampkomiteen.net\/wp-content\/uploads\/2025\/12\/3b.jpg?w=1920&amp;ssl=1 1920w, https:\/\/i0.wp.com\/kampkomiteen.net\/wp-content\/uploads\/2025\/12\/3b.jpg?resize=1000%2C667&amp;ssl=1 1000w, https:\/\/i0.wp.com\/kampkomiteen.net\/wp-content\/uploads\/2025\/12\/3b.jpg?resize=768%2C512&amp;ssl=1 768w, https:\/\/i0.wp.com\/kampkomiteen.net\/wp-content\/uploads\/2025\/12\/3b.jpg?resize=1536%2C1024&amp;ssl=1 1536w, https:\/\/i0.wp.com\/kampkomiteen.net\/wp-content\/uploads\/2025\/12\/3b.jpg?resize=120%2C80&amp;ssl=1 120w, https:\/\/i0.wp.com\/kampkomiteen.net\/wp-content\/uploads\/2025\/12\/3b.jpg?w=1620&amp;ssl=1 1620w\" sizes=\"auto, (max-width: 810px) 100vw, 810px\" \/><\/figure>\n\n\n\n<figure class=\"wp-block-image size-full\"><img data-recalc-dims=\"1\" loading=\"lazy\" decoding=\"async\" width=\"810\" height=\"540\" src=\"https:\/\/i0.wp.com\/kampkomiteen.net\/wp-content\/uploads\/2025\/12\/4b.jpg?resize=810%2C540&#038;ssl=1\" alt=\"\" class=\"wp-image-10150\" srcset=\"https:\/\/i0.wp.com\/kampkomiteen.net\/wp-content\/uploads\/2025\/12\/4b.jpg?w=1920&amp;ssl=1 1920w, https:\/\/i0.wp.com\/kampkomiteen.net\/wp-content\/uploads\/2025\/12\/4b.jpg?resize=1000%2C667&amp;ssl=1 1000w, https:\/\/i0.wp.com\/kampkomiteen.net\/wp-content\/uploads\/2025\/12\/4b.jpg?resize=768%2C512&amp;ssl=1 768w, https:\/\/i0.wp.com\/kampkomiteen.net\/wp-content\/uploads\/2025\/12\/4b.jpg?resize=1536%2C1024&amp;ssl=1 1536w, https:\/\/i0.wp.com\/kampkomiteen.net\/wp-content\/uploads\/2025\/12\/4b.jpg?resize=120%2C80&amp;ssl=1 120w, https:\/\/i0.wp.com\/kampkomiteen.net\/wp-content\/uploads\/2025\/12\/4b.jpg?w=1620&amp;ssl=1 1620w\" sizes=\"auto, (max-width: 810px) 100vw, 810px\" \/><\/figure>\n\n\n\n<figure class=\"wp-block-image size-full\"><img data-recalc-dims=\"1\" loading=\"lazy\" decoding=\"async\" width=\"810\" height=\"540\" src=\"https:\/\/i0.wp.com\/kampkomiteen.net\/wp-content\/uploads\/2025\/12\/5b.jpg?resize=810%2C540&#038;ssl=1\" alt=\"\" class=\"wp-image-10146\" srcset=\"https:\/\/i0.wp.com\/kampkomiteen.net\/wp-content\/uploads\/2025\/12\/5b.jpg?w=1920&amp;ssl=1 1920w, https:\/\/i0.wp.com\/kampkomiteen.net\/wp-content\/uploads\/2025\/12\/5b.jpg?resize=1000%2C667&amp;ssl=1 1000w, https:\/\/i0.wp.com\/kampkomiteen.net\/wp-content\/uploads\/2025\/12\/5b.jpg?resize=768%2C512&amp;ssl=1 768w, https:\/\/i0.wp.com\/kampkomiteen.net\/wp-content\/uploads\/2025\/12\/5b.jpg?resize=1536%2C1024&amp;ssl=1 1536w, https:\/\/i0.wp.com\/kampkomiteen.net\/wp-content\/uploads\/2025\/12\/5b.jpg?resize=120%2C80&amp;ssl=1 120w, https:\/\/i0.wp.com\/kampkomiteen.net\/wp-content\/uploads\/2025\/12\/5b.jpg?w=1620&amp;ssl=1 1620w\" sizes=\"auto, (max-width: 810px) 100vw, 810px\" \/><\/figure>\n\n\n\n<figure class=\"wp-block-image size-full\"><img data-recalc-dims=\"1\" loading=\"lazy\" decoding=\"async\" width=\"810\" height=\"540\" src=\"https:\/\/i0.wp.com\/kampkomiteen.net\/wp-content\/uploads\/2025\/12\/6b.jpg?resize=810%2C540&#038;ssl=1\" alt=\"\" class=\"wp-image-10151\" srcset=\"https:\/\/i0.wp.com\/kampkomiteen.net\/wp-content\/uploads\/2025\/12\/6b.jpg?w=1920&amp;ssl=1 1920w, https:\/\/i0.wp.com\/kampkomiteen.net\/wp-content\/uploads\/2025\/12\/6b.jpg?resize=1000%2C667&amp;ssl=1 1000w, https:\/\/i0.wp.com\/kampkomiteen.net\/wp-content\/uploads\/2025\/12\/6b.jpg?resize=768%2C512&amp;ssl=1 768w, https:\/\/i0.wp.com\/kampkomiteen.net\/wp-content\/uploads\/2025\/12\/6b.jpg?resize=1536%2C1024&amp;ssl=1 1536w, https:\/\/i0.wp.com\/kampkomiteen.net\/wp-content\/uploads\/2025\/12\/6b.jpg?resize=120%2C80&amp;ssl=1 120w, https:\/\/i0.wp.com\/kampkomiteen.net\/wp-content\/uploads\/2025\/12\/6b.jpg?w=1620&amp;ssl=1 1620w\" sizes=\"auto, (max-width: 810px) 100vw, 810px\" \/><\/figure>\n\n\n\n<figure class=\"wp-block-image size-full\"><img data-recalc-dims=\"1\" loading=\"lazy\" decoding=\"async\" width=\"810\" height=\"540\" src=\"https:\/\/i0.wp.com\/kampkomiteen.net\/wp-content\/uploads\/2025\/12\/7.png?resize=810%2C540&#038;ssl=1\" alt=\"\" class=\"wp-image-10152\" srcset=\"https:\/\/i0.wp.com\/kampkomiteen.net\/wp-content\/uploads\/2025\/12\/7.png?w=1920&amp;ssl=1 1920w, https:\/\/i0.wp.com\/kampkomiteen.net\/wp-content\/uploads\/2025\/12\/7.png?resize=1000%2C667&amp;ssl=1 1000w, https:\/\/i0.wp.com\/kampkomiteen.net\/wp-content\/uploads\/2025\/12\/7.png?resize=768%2C512&amp;ssl=1 768w, https:\/\/i0.wp.com\/kampkomiteen.net\/wp-content\/uploads\/2025\/12\/7.png?resize=1536%2C1024&amp;ssl=1 1536w, https:\/\/i0.wp.com\/kampkomiteen.net\/wp-content\/uploads\/2025\/12\/7.png?resize=120%2C80&amp;ssl=1 120w, https:\/\/i0.wp.com\/kampkomiteen.net\/wp-content\/uploads\/2025\/12\/7.png?w=1620&amp;ssl=1 1620w\" sizes=\"auto, (max-width: 810px) 100vw, 810px\" \/><\/figure>\n\n\n\n<figure class=\"wp-block-image size-full\"><img data-recalc-dims=\"1\" loading=\"lazy\" decoding=\"async\" width=\"810\" height=\"540\" src=\"https:\/\/i0.wp.com\/kampkomiteen.net\/wp-content\/uploads\/2025\/12\/8b.jpg?resize=810%2C540&#038;ssl=1\" alt=\"\" class=\"wp-image-10153\" srcset=\"https:\/\/i0.wp.com\/kampkomiteen.net\/wp-content\/uploads\/2025\/12\/8b.jpg?w=1920&amp;ssl=1 1920w, https:\/\/i0.wp.com\/kampkomiteen.net\/wp-content\/uploads\/2025\/12\/8b.jpg?resize=1000%2C667&amp;ssl=1 1000w, https:\/\/i0.wp.com\/kampkomiteen.net\/wp-content\/uploads\/2025\/12\/8b.jpg?resize=768%2C512&amp;ssl=1 768w, https:\/\/i0.wp.com\/kampkomiteen.net\/wp-content\/uploads\/2025\/12\/8b.jpg?resize=1536%2C1024&amp;ssl=1 1536w, https:\/\/i0.wp.com\/kampkomiteen.net\/wp-content\/uploads\/2025\/12\/8b.jpg?resize=120%2C80&amp;ssl=1 120w, https:\/\/i0.wp.com\/kampkomiteen.net\/wp-content\/uploads\/2025\/12\/8b.jpg?w=1620&amp;ssl=1 1620w\" sizes=\"auto, (max-width: 810px) 100vw, 810px\" \/><\/figure>\n\n\n\n<figure class=\"wp-block-image size-full\"><img data-recalc-dims=\"1\" loading=\"lazy\" decoding=\"async\" width=\"810\" height=\"540\" src=\"https:\/\/i0.wp.com\/kampkomiteen.net\/wp-content\/uploads\/2025\/12\/9.png?resize=810%2C540&#038;ssl=1\" alt=\"\" class=\"wp-image-10154\" srcset=\"https:\/\/i0.wp.com\/kampkomiteen.net\/wp-content\/uploads\/2025\/12\/9.png?w=1920&amp;ssl=1 1920w, https:\/\/i0.wp.com\/kampkomiteen.net\/wp-content\/uploads\/2025\/12\/9.png?resize=1000%2C667&amp;ssl=1 1000w, https:\/\/i0.wp.com\/kampkomiteen.net\/wp-content\/uploads\/2025\/12\/9.png?resize=768%2C512&amp;ssl=1 768w, https:\/\/i0.wp.com\/kampkomiteen.net\/wp-content\/uploads\/2025\/12\/9.png?resize=1536%2C1024&amp;ssl=1 1536w, https:\/\/i0.wp.com\/kampkomiteen.net\/wp-content\/uploads\/2025\/12\/9.png?resize=120%2C80&amp;ssl=1 120w, https:\/\/i0.wp.com\/kampkomiteen.net\/wp-content\/uploads\/2025\/12\/9.png?w=1620&amp;ssl=1 1620w\" sizes=\"auto, (max-width: 810px) 100vw, 810px\" \/><\/figure>\n\n\n\n<figure class=\"wp-block-image size-full\"><img data-recalc-dims=\"1\" loading=\"lazy\" decoding=\"async\" width=\"810\" height=\"540\" src=\"https:\/\/i0.wp.com\/kampkomiteen.net\/wp-content\/uploads\/2025\/12\/10.jpg?resize=810%2C540&#038;ssl=1\" alt=\"\" class=\"wp-image-10156\" srcset=\"https:\/\/i0.wp.com\/kampkomiteen.net\/wp-content\/uploads\/2025\/12\/10.jpg?w=1920&amp;ssl=1 1920w, https:\/\/i0.wp.com\/kampkomiteen.net\/wp-content\/uploads\/2025\/12\/10.jpg?resize=1000%2C667&amp;ssl=1 1000w, https:\/\/i0.wp.com\/kampkomiteen.net\/wp-content\/uploads\/2025\/12\/10.jpg?resize=768%2C512&amp;ssl=1 768w, https:\/\/i0.wp.com\/kampkomiteen.net\/wp-content\/uploads\/2025\/12\/10.jpg?resize=1536%2C1024&amp;ssl=1 1536w, https:\/\/i0.wp.com\/kampkomiteen.net\/wp-content\/uploads\/2025\/12\/10.jpg?resize=120%2C80&amp;ssl=1 120w, https:\/\/i0.wp.com\/kampkomiteen.net\/wp-content\/uploads\/2025\/12\/10.jpg?w=1620&amp;ssl=1 1620w\" sizes=\"auto, (max-width: 810px) 100vw, 810px\" \/><\/figure>\n","protected":false},"excerpt":{"rendered":"<p>Skrevet av aktivister i Oslo L\u00f8rdag 6. desember ble det gjennomf\u00f8rt en demonstrasjon i Oslo mot forf\u00f8lgelsen av solidaritetsbevegelsen for<\/p>\n","protected":false},"author":6,"featured_media":10146,"comment_status":"closed","ping_status":"closed","sticky":false,"template":"","format":"standard","meta":{"advanced_seo_description":"","jetpack_seo_html_title":"","jetpack_seo_noindex":false,"_jetpack_memberships_contains_paid_content":false,"footnotes":""},"categories":[1],"tags":[48,99,4,21,15,82],"class_list":["post-10145","post","type-post","status-publish","format-standard","has-post-thumbnail","hentry","category-uncategorized","tag-antiimperialisme","tag-de-3","tag-demonstrasjon","tag-palestina","tag-politiet","tag-represjon"],"jetpack_featured_media_url":"https:\/\/i0.wp.com\/kampkomiteen.net\/wp-content\/uploads\/2025\/12\/5b.jpg?fit=1920%2C1280&ssl=1","jetpack_shortlink":"https:\/\/wp.me\/pchuPf-2DD","jetpack-related-posts":[{"id":9302,"url":"https:\/\/kampkomiteen.net\/?p=9302","url_meta":{"origin":10145,"position":0},"title":"Bergen: Kjempende demonstrasjon mot St\u00f8re og Listhaug","author":"Kampkomiteen","date":"19. august 2025","format":false,"excerpt":"Mandag 18. august var aktivister fra Kampkomiteen p\u00e5 en demonstrasjon utenfor en valgkampdebatt i Bergen, hvor statsminister Jonas Gahr St\u00f8re og FrP leder Sylvi Listhaug deltok.","rel":"","context":"i \"Bergen\"","block_context":{"text":"Bergen","link":"https:\/\/kampkomiteen.net\/?tag=bergen"},"img":{"alt_text":"","src":"https:\/\/i0.wp.com\/kampkomiteen.net\/wp-content\/uploads\/2025\/08\/forside-scaled.jpg?fit=1200%2C805&ssl=1&resize=350%2C200","width":350,"height":200,"srcset":"https:\/\/i0.wp.com\/kampkomiteen.net\/wp-content\/uploads\/2025\/08\/forside-scaled.jpg?fit=1200%2C805&ssl=1&resize=350%2C200 1x, https:\/\/i0.wp.com\/kampkomiteen.net\/wp-content\/uploads\/2025\/08\/forside-scaled.jpg?fit=1200%2C805&ssl=1&resize=525%2C300 1.5x, https:\/\/i0.wp.com\/kampkomiteen.net\/wp-content\/uploads\/2025\/08\/forside-scaled.jpg?fit=1200%2C805&ssl=1&resize=700%2C400 2x, https:\/\/i0.wp.com\/kampkomiteen.net\/wp-content\/uploads\/2025\/08\/forside-scaled.jpg?fit=1200%2C805&ssl=1&resize=1050%2C600 3x"},"classes":[]},{"id":8366,"url":"https:\/\/kampkomiteen.net\/?p=8366","url_meta":{"origin":10145,"position":1},"title":"Oslo: Kraftfull demonstrasjon for de 3 palestinaaktivistene og for folkets demokratiske rettigheter","author":"Kampkomiteen","date":"22. februar 2025","format":false,"excerpt":"L\u00f8rdag 22. februar ble det gjennomf\u00f8rt en kraftfull demonstrasjon i Oslo til st\u00f8tte for de tre siktede palestinaaktivistene og til forsvar for folkets demokratiske rettigheter.","rel":"","context":"Liknende innlegg","block_context":{"text":"Liknende innlegg","link":""},"img":{"alt_text":"","src":"https:\/\/i0.wp.com\/kampkomiteen.net\/wp-content\/uploads\/2025\/02\/4-4.jpg?fit=1200%2C676&ssl=1&resize=350%2C200","width":350,"height":200,"srcset":"https:\/\/i0.wp.com\/kampkomiteen.net\/wp-content\/uploads\/2025\/02\/4-4.jpg?fit=1200%2C676&ssl=1&resize=350%2C200 1x, https:\/\/i0.wp.com\/kampkomiteen.net\/wp-content\/uploads\/2025\/02\/4-4.jpg?fit=1200%2C676&ssl=1&resize=525%2C300 1.5x, https:\/\/i0.wp.com\/kampkomiteen.net\/wp-content\/uploads\/2025\/02\/4-4.jpg?fit=1200%2C676&ssl=1&resize=700%2C400 2x, https:\/\/i0.wp.com\/kampkomiteen.net\/wp-content\/uploads\/2025\/02\/4-4.jpg?fit=1200%2C676&ssl=1&resize=1050%2C600 3x"},"classes":[]},{"id":10093,"url":"https:\/\/kampkomiteen.net\/?p=10093","url_meta":{"origin":10145,"position":2},"title":"Oslo: Bli med p\u00e5 demonstrasjon til st\u00f8tte for de 3 palestinaaktivistene!","author":"Kampkomiteen","date":"30. november 2025","format":false,"excerpt":"Tre palestinaaktivister m\u00e5 for andre gang m\u00f8te i rettsak for \u00e5 ha ut\u00f8vd sine grunnleggende demokratiske rettigheter ...","rel":"","context":"i \"Demonstrasjon\"","block_context":{"text":"Demonstrasjon","link":"https:\/\/kampkomiteen.net\/?tag=demonstrasjon"},"img":{"alt_text":"","src":"https:\/\/i0.wp.com\/kampkomiteen.net\/wp-content\/uploads\/2025\/11\/artikkelbilde-df3-2-oslo.jpg?fit=1200%2C845&ssl=1&resize=350%2C200","width":350,"height":200,"srcset":"https:\/\/i0.wp.com\/kampkomiteen.net\/wp-content\/uploads\/2025\/11\/artikkelbilde-df3-2-oslo.jpg?fit=1200%2C845&ssl=1&resize=350%2C200 1x, https:\/\/i0.wp.com\/kampkomiteen.net\/wp-content\/uploads\/2025\/11\/artikkelbilde-df3-2-oslo.jpg?fit=1200%2C845&ssl=1&resize=525%2C300 1.5x, https:\/\/i0.wp.com\/kampkomiteen.net\/wp-content\/uploads\/2025\/11\/artikkelbilde-df3-2-oslo.jpg?fit=1200%2C845&ssl=1&resize=700%2C400 2x, https:\/\/i0.wp.com\/kampkomiteen.net\/wp-content\/uploads\/2025\/11\/artikkelbilde-df3-2-oslo.jpg?fit=1200%2C845&ssl=1&resize=1050%2C600 3x"},"classes":[]},{"id":8305,"url":"https:\/\/kampkomiteen.net\/?p=8305","url_meta":{"origin":10145,"position":3},"title":"Oslo: Plakater for de 3 palestinaaktivistene \u2013 T\u00f8yen og Oslo S","author":"Kampkomiteen","date":"13. februar 2025","format":false,"excerpt":"Aktivister fra Kampkomiteen i Oslo har hengt opp plakater og delt ut flyers for den kommende demonstrasjonen til st\u00f8tte for de 3 palestinaaktivistene som snart skal i retten for \u00e5 ha protestert mot Sylvi Listhaug.","rel":"","context":"i \"Palestina\"","block_context":{"text":"Palestina","link":"https:\/\/kampkomiteen.net\/?tag=palestina"},"img":{"alt_text":"","src":"https:\/\/i0.wp.com\/kampkomiteen.net\/wp-content\/uploads\/2025\/02\/IMG_8675-scaled.jpg?fit=1200%2C800&ssl=1&resize=350%2C200","width":350,"height":200,"srcset":"https:\/\/i0.wp.com\/kampkomiteen.net\/wp-content\/uploads\/2025\/02\/IMG_8675-scaled.jpg?fit=1200%2C800&ssl=1&resize=350%2C200 1x, https:\/\/i0.wp.com\/kampkomiteen.net\/wp-content\/uploads\/2025\/02\/IMG_8675-scaled.jpg?fit=1200%2C800&ssl=1&resize=525%2C300 1.5x, https:\/\/i0.wp.com\/kampkomiteen.net\/wp-content\/uploads\/2025\/02\/IMG_8675-scaled.jpg?fit=1200%2C800&ssl=1&resize=700%2C400 2x, https:\/\/i0.wp.com\/kampkomiteen.net\/wp-content\/uploads\/2025\/02\/IMG_8675-scaled.jpg?fit=1200%2C800&ssl=1&resize=1050%2C600 3x"},"classes":[]},{"id":8343,"url":"https:\/\/kampkomiteen.net\/?p=8343","url_meta":{"origin":10145,"position":4},"title":"Bergen: Demonstrasjon til st\u00f8tte for de 3 palestinaaktivistene","author":"Kampkomiteen","date":"22. februar 2025","format":false,"excerpt":"L\u00f8rdag 22. februar samlet aktivister og demonstranter i Bergen fram p\u00e5 Torgallmenningen for \u00e5 demonstrere til st\u00f8tte for de 3 palestinaaktivistene som p\u00e5 mandag skal stilles for retten.","rel":"","context":"i \"Bergen\"","block_context":{"text":"Bergen","link":"https:\/\/kampkomiteen.net\/?tag=bergen"},"img":{"alt_text":"","src":"https:\/\/i0.wp.com\/kampkomiteen.net\/wp-content\/uploads\/2025\/02\/forside1-scaled.jpg?fit=1200%2C674&ssl=1&resize=350%2C200","width":350,"height":200,"srcset":"https:\/\/i0.wp.com\/kampkomiteen.net\/wp-content\/uploads\/2025\/02\/forside1-scaled.jpg?fit=1200%2C674&ssl=1&resize=350%2C200 1x, https:\/\/i0.wp.com\/kampkomiteen.net\/wp-content\/uploads\/2025\/02\/forside1-scaled.jpg?fit=1200%2C674&ssl=1&resize=525%2C300 1.5x, https:\/\/i0.wp.com\/kampkomiteen.net\/wp-content\/uploads\/2025\/02\/forside1-scaled.jpg?fit=1200%2C674&ssl=1&resize=700%2C400 2x, https:\/\/i0.wp.com\/kampkomiteen.net\/wp-content\/uploads\/2025\/02\/forside1-scaled.jpg?fit=1200%2C674&ssl=1&resize=1050%2C600 3x"},"classes":[]},{"id":9440,"url":"https:\/\/kampkomiteen.net\/?p=9440","url_meta":{"origin":10145,"position":5},"title":"Oslo: Massiv demonstrasjon for Palestina","author":"Kampkomiteen","date":"2. september 2025","format":false,"excerpt":"L\u00f8rdag 30. august deltok aktivister fra Kampkomiteen i Oslo p\u00e5 en demonstrasjon organisert av Palestinakomiteen med bannerne \u00abForsvar retten til \u00e5 protestere! St\u00f8tt de 3 palestinaaktivistene\u00bb og \u00abIngen st\u00f8tte til Israels folkemord!\u00bb.","rel":"","context":"i \"Antiimperialisme\"","block_context":{"text":"Antiimperialisme","link":"https:\/\/kampkomiteen.net\/?tag=antiimperialisme"},"img":{"alt_text":"","src":"https:\/\/i0.wp.com\/kampkomiteen.net\/wp-content\/uploads\/2025\/09\/2-1-scaled.jpg?fit=1200%2C800&ssl=1&resize=350%2C200","width":350,"height":200,"srcset":"https:\/\/i0.wp.com\/kampkomiteen.net\/wp-content\/uploads\/2025\/09\/2-1-scaled.jpg?fit=1200%2C800&ssl=1&resize=350%2C200 1x, https:\/\/i0.wp.com\/kampkomiteen.net\/wp-content\/uploads\/2025\/09\/2-1-scaled.jpg?fit=1200%2C800&ssl=1&resize=525%2C300 1.5x, https:\/\/i0.wp.com\/kampkomiteen.net\/wp-content\/uploads\/2025\/09\/2-1-scaled.jpg?fit=1200%2C800&ssl=1&resize=700%2C400 2x, https:\/\/i0.wp.com\/kampkomiteen.net\/wp-content\/uploads\/2025\/09\/2-1-scaled.jpg?fit=1200%2C800&ssl=1&resize=1050%2C600 3x"},"classes":[]}],"jetpack_sharing_enabled":true,"_links":{"self":[{"href":"https:\/\/kampkomiteen.net\/index.php?rest_route=\/wp\/v2\/posts\/10145","targetHints":{"allow":["GET"]}}],"collection":[{"href":"https:\/\/kampkomiteen.net\/index.php?rest_route=\/wp\/v2\/posts"}],"about":[{"href":"https:\/\/kampkomiteen.net\/index.php?rest_route=\/wp\/v2\/types\/post"}],"author":[{"embeddable":true,"href":"https:\/\/kampkomiteen.net\/index.php?rest_route=\/wp\/v2\/users\/6"}],"replies":[{"embeddable":true,"href":"https:\/\/kampkomiteen.net\/index.php?rest_route=%2Fwp%2Fv2%2Fcomments&post=10145"}],"version-history":[{"count":3,"href":"https:\/\/kampkomiteen.net\/index.php?rest_route=\/wp\/v2\/posts\/10145\/revisions"}],"predecessor-version":[{"id":10180,"href":"https:\/\/kampkomiteen.net\/index.php?rest_route=\/wp\/v2\/posts\/10145\/revisions\/10180"}],"wp:featuredmedia":[{"embeddable":true,"href":"https:\/\/kampkomiteen.net\/index.php?rest_route=\/wp\/v2\/media\/10146"}],"wp:attachment":[{"href":"https:\/\/kampkomiteen.net\/index.php?rest_route=%2Fwp%2Fv2%2Fmedia&parent=10145"}],"wp:term":[{"taxonomy":"category","embeddable":true,"href":"https:\/\/kampkomiteen.net\/index.php?rest_route=%2Fwp%2Fv2%2Fcategories&post=10145"},{"taxonomy":"post_tag","embeddable":true,"href":"https:\/\/kampkomiteen.net\/index.php?rest_route=%2Fwp%2Fv2%2Ftags&post=10145"}],"curies":[{"name":"wp","href":"https:\/\/api.w.org\/{rel}","templated":true}]}}