{"id":10130,"date":"2025-12-03T17:32:45","date_gmt":"2025-12-03T16:32:45","guid":{"rendered":"https:\/\/kampkomiteen.net\/?p=10130"},"modified":"2025-12-03T17:32:48","modified_gmt":"2025-12-03T16:32:48","slug":"kristiansand-solidaritet-med-det-palestinske-folket","status":"publish","type":"post","link":"https:\/\/kampkomiteen.net\/?p=10130","title":{"rendered":"Kristiansand: Solidaritet med det palestinske folket"},"content":{"rendered":"<div id=\"fb-root\"><\/div>\n\n<p><em>Skrevet av aktivister i Kristiansand.&nbsp;<\/em><\/p>\n\n\n\n<p><strong>Kampkomiteen har i november deltatt p\u00e5 markering av den internasjonale dagen for solidaritet med det palestinske folket, og p\u00e5 demonstrasjoner mot okkupasjon og folkemord.\u00a0<\/strong><\/p>\n\n\n\n<p>29. november arrangerte Palestinske forening i Agder ei markering p\u00e5 den internasjonale solidaritetsdagen for det palestinske folket. F\u00f8r programmet starta var det workshop med den palestinske kunstneren Israa Issa Mahameed, og det deltagerbaserte prosjektet hennes \u00abUutslettelig\u00bb. Deltakerne var med \u00e5 skrive navn og alder p\u00e5 palestinere som er drept under folkemordet, med selvlysende maling p\u00e5 svart stoff, som ei p\u00e5minning om at de drepte er mennesker og ikke bare tall.\u00a0<\/p>\n\n\n\n<figure class=\"wp-block-image size-full is-resized\"><img data-recalc-dims=\"1\" loading=\"lazy\" decoding=\"async\" width=\"751\" height=\"349\" src=\"https:\/\/i0.wp.com\/kampkomiteen.net\/wp-content\/uploads\/2025\/12\/image-3.png?resize=751%2C349&#038;ssl=1\" alt=\"\" class=\"wp-image-10140\" style=\"width:880px;height:auto\"\/><\/figure>\n\n\n\n<p>Arrangementet hadde et innholdsrikt program. Det var et minutts stillhet for matyrene. Det var appeller, dabke, dikt og tradisjonelle og revolusjon\u00e6re sanger. Det ble vist en film om noe av arbeidet Palestinsk forening har bidratt til i Gaza, en animasjonsfilm om lidelsene til folket p\u00e5 Gaza, og en film om Hind Rajab. Ei dramatisering viste palestineres lidelser, med drap og fordrivelse, og den faste troa p\u00e5 at rettferdigheten uunng\u00e5elig vil seire, uansett hvor lang tid det tar.<\/p>\n\n\n\n<figure class=\"wp-block-image size-full is-resized\"><img data-recalc-dims=\"1\" loading=\"lazy\" decoding=\"async\" width=\"781\" height=\"213\" src=\"https:\/\/i0.wp.com\/kampkomiteen.net\/wp-content\/uploads\/2025\/12\/image.png?resize=781%2C213&#038;ssl=1\" alt=\"\" class=\"wp-image-10136\" style=\"width:880px;height:auto\" srcset=\"https:\/\/i0.wp.com\/kampkomiteen.net\/wp-content\/uploads\/2025\/12\/image.png?w=781&amp;ssl=1 781w, https:\/\/i0.wp.com\/kampkomiteen.net\/wp-content\/uploads\/2025\/12\/image.png?resize=768%2C209&amp;ssl=1 768w\" sizes=\"auto, (max-width: 781px) 100vw, 781px\" \/><\/figure>\n\n\n\n<figure class=\"wp-block-image size-full is-resized\"><img data-recalc-dims=\"1\" loading=\"lazy\" decoding=\"async\" width=\"772\" height=\"261\" src=\"https:\/\/i0.wp.com\/kampkomiteen.net\/wp-content\/uploads\/2025\/12\/image-1.png?resize=772%2C261&#038;ssl=1\" alt=\"\" class=\"wp-image-10137\" style=\"width:880px;height:auto\" srcset=\"https:\/\/i0.wp.com\/kampkomiteen.net\/wp-content\/uploads\/2025\/12\/image-1.png?w=772&amp;ssl=1 772w, https:\/\/i0.wp.com\/kampkomiteen.net\/wp-content\/uploads\/2025\/12\/image-1.png?resize=768%2C260&amp;ssl=1 768w\" sizes=\"auto, (max-width: 772px) 100vw, 772px\" \/><\/figure>\n\n\n\n<figure class=\"wp-block-image size-full is-resized\"><img data-recalc-dims=\"1\" loading=\"lazy\" decoding=\"async\" width=\"810\" height=\"315\" src=\"https:\/\/i0.wp.com\/kampkomiteen.net\/wp-content\/uploads\/2025\/12\/image-2.png?resize=810%2C315&#038;ssl=1\" alt=\"\" class=\"wp-image-10138\" style=\"width:880px;height:auto\" srcset=\"https:\/\/i0.wp.com\/kampkomiteen.net\/wp-content\/uploads\/2025\/12\/image-2.png?w=817&amp;ssl=1 817w, https:\/\/i0.wp.com\/kampkomiteen.net\/wp-content\/uploads\/2025\/12\/image-2.png?resize=768%2C299&amp;ssl=1 768w\" sizes=\"auto, (max-width: 810px) 100vw, 810px\" \/><\/figure>\n\n\n\n<figure class=\"wp-block-image size-full\"><img data-recalc-dims=\"1\" loading=\"lazy\" decoding=\"async\" width=\"810\" height=\"356\" src=\"https:\/\/i0.wp.com\/kampkomiteen.net\/wp-content\/uploads\/2025\/12\/image-1.jpeg?resize=810%2C356&#038;ssl=1\" alt=\"\" class=\"wp-image-10132\" srcset=\"https:\/\/i0.wp.com\/kampkomiteen.net\/wp-content\/uploads\/2025\/12\/image-1.jpeg?w=1020&amp;ssl=1 1020w, https:\/\/i0.wp.com\/kampkomiteen.net\/wp-content\/uploads\/2025\/12\/image-1.jpeg?resize=1000%2C439&amp;ssl=1 1000w, https:\/\/i0.wp.com\/kampkomiteen.net\/wp-content\/uploads\/2025\/12\/image-1.jpeg?resize=768%2C337&amp;ssl=1 768w\" sizes=\"auto, (max-width: 810px) 100vw, 810px\" \/><\/figure>\n\n\n\n<p>I pausene ble det solgt palestinske produkter, mat og lodd, og deltakerne kunne se en installasjon av prosjektet \u00abUutslettelig\u00bb. Det var ogs\u00e5 et rom for barn med eget opplegg under deler av programmet.\u00a0<\/p>\n\n\n\n<figure class=\"wp-block-image size-full is-resized\"><img data-recalc-dims=\"1\" loading=\"lazy\" decoding=\"async\" width=\"810\" height=\"502\" src=\"https:\/\/i0.wp.com\/kampkomiteen.net\/wp-content\/uploads\/2025\/12\/image-5.png?resize=810%2C502&#038;ssl=1\" alt=\"\" class=\"wp-image-10141\" style=\"width:880px;height:auto\" srcset=\"https:\/\/i0.wp.com\/kampkomiteen.net\/wp-content\/uploads\/2025\/12\/image-5.png?w=813&amp;ssl=1 813w, https:\/\/i0.wp.com\/kampkomiteen.net\/wp-content\/uploads\/2025\/12\/image-5.png?resize=768%2C476&amp;ssl=1 768w\" sizes=\"auto, (max-width: 810px) 100vw, 810px\" \/><\/figure>\n\n\n\n<figure class=\"wp-block-image size-full is-resized\"><img data-recalc-dims=\"1\" loading=\"lazy\" decoding=\"async\" width=\"810\" height=\"226\" src=\"https:\/\/i0.wp.com\/kampkomiteen.net\/wp-content\/uploads\/2025\/12\/image-4.png?resize=810%2C226&#038;ssl=1\" alt=\"\" class=\"wp-image-10139\" style=\"width:880px;height:auto\" srcset=\"https:\/\/i0.wp.com\/kampkomiteen.net\/wp-content\/uploads\/2025\/12\/image-4.png?w=876&amp;ssl=1 876w, https:\/\/i0.wp.com\/kampkomiteen.net\/wp-content\/uploads\/2025\/12\/image-4.png?resize=768%2C214&amp;ssl=1 768w\" sizes=\"auto, (max-width: 810px) 100vw, 810px\" \/><\/figure>\n\n\n\n<p>Kampkomiteen har deltatt i de ukentlige demonstrasjonene for Palestina. Oppm\u00f8te er hver l\u00f8rdag klokka 14 ved Slottet.\u00a0<\/p>\n\n\n\n<figure class=\"wp-block-image size-full is-resized\"><img data-recalc-dims=\"1\" loading=\"lazy\" decoding=\"async\" width=\"768\" height=\"492\" src=\"https:\/\/i0.wp.com\/kampkomiteen.net\/wp-content\/uploads\/2025\/12\/image-2.jpeg?resize=768%2C492&#038;ssl=1\" alt=\"\" class=\"wp-image-10133\" style=\"width:880px;height:auto\" srcset=\"https:\/\/i0.wp.com\/kampkomiteen.net\/wp-content\/uploads\/2025\/12\/image-2.jpeg?w=768&amp;ssl=1 768w, https:\/\/i0.wp.com\/kampkomiteen.net\/wp-content\/uploads\/2025\/12\/image-2.jpeg?resize=360%2C230&amp;ssl=1 360w\" sizes=\"auto, (max-width: 768px) 100vw, 768px\" \/><figcaption class=\"wp-element-caption\">1. november.<\/figcaption><\/figure>\n\n\n\n<figure class=\"wp-block-image size-full is-resized\"><img data-recalc-dims=\"1\" loading=\"lazy\" decoding=\"async\" width=\"742\" height=\"616\" src=\"https:\/\/i0.wp.com\/kampkomiteen.net\/wp-content\/uploads\/2025\/12\/image-3.jpeg?resize=742%2C616&#038;ssl=1\" alt=\"\" class=\"wp-image-10134\" style=\"width:880px;height:auto\"\/><figcaption class=\"wp-element-caption\">8. november.<\/figcaption><\/figure>\n\n\n\n<figure class=\"wp-block-image size-full\"><img data-recalc-dims=\"1\" loading=\"lazy\" decoding=\"async\" width=\"810\" height=\"516\" src=\"https:\/\/i0.wp.com\/kampkomiteen.net\/wp-content\/uploads\/2025\/12\/image-4.jpeg?resize=810%2C516&#038;ssl=1\" alt=\"\" class=\"wp-image-10135\" srcset=\"https:\/\/i0.wp.com\/kampkomiteen.net\/wp-content\/uploads\/2025\/12\/image-4.jpeg?w=1150&amp;ssl=1 1150w, https:\/\/i0.wp.com\/kampkomiteen.net\/wp-content\/uploads\/2025\/12\/image-4.jpeg?resize=1000%2C637&amp;ssl=1 1000w, https:\/\/i0.wp.com\/kampkomiteen.net\/wp-content\/uploads\/2025\/12\/image-4.jpeg?resize=768%2C490&amp;ssl=1 768w, https:\/\/i0.wp.com\/kampkomiteen.net\/wp-content\/uploads\/2025\/12\/image-4.jpeg?resize=360%2C230&amp;ssl=1 360w\" sizes=\"auto, (max-width: 810px) 100vw, 810px\" \/><figcaption class=\"wp-element-caption\">22. november.<\/figcaption><\/figure>\n\n\n\n<figure class=\"wp-block-image size-full is-resized\"><img data-recalc-dims=\"1\" loading=\"lazy\" decoding=\"async\" width=\"521\" height=\"564\" src=\"https:\/\/i0.wp.com\/kampkomiteen.net\/wp-content\/uploads\/2025\/12\/image.jpeg?resize=521%2C564&#038;ssl=1\" alt=\"\" class=\"wp-image-10131\" style=\"width:880px;height:auto\"\/><figcaption class=\"wp-element-caption\">29. november.<\/figcaption><\/figure>\n","protected":false},"excerpt":{"rendered":"<p>Kampkomiteen har i november deltatt p\u00e5 markering av den internasjonale dagen for solidaritet med det palestinske folket, og p\u00e5 demonstrasjoner mot okkupasjon og folkemord.\u00a0<\/p>\n","protected":false},"author":8,"featured_media":10142,"comment_status":"closed","ping_status":"closed","sticky":false,"template":"","format":"standard","meta":{"advanced_seo_description":"","jetpack_seo_html_title":"","jetpack_seo_noindex":false,"_jetpack_memberships_contains_paid_content":false,"footnotes":""},"categories":[1],"tags":[4,44,21,47],"class_list":["post-10130","post","type-post","status-publish","format-standard","has-post-thumbnail","hentry","category-uncategorized","tag-demonstrasjon","tag-kultur","tag-palestina","tag-solidaritet"],"jetpack_featured_media_url":"https:\/\/i0.wp.com\/kampkomiteen.net\/wp-content\/uploads\/2025\/12\/foto.jpg?fit=1160%2C653&ssl=1","jetpack_shortlink":"https:\/\/wp.me\/pchuPf-2Do","jetpack-related-posts":[{"id":10106,"url":"https:\/\/kampkomiteen.net\/?p=10106","url_meta":{"origin":10130,"position":0},"title":"Kristiansand: Markering av 25. november","author":"Kampkomiteen","date":"30. november 2025","format":false,"excerpt":"25. november organiserte Kampkomiteen sammen med andre organisasjoner ei markering av den internasjonale dagen for solidaritet og kamp mot vold mot kvinner.\u00a0","rel":"","context":"i \"Antiimperialisme\"","block_context":{"text":"Antiimperialisme","link":"https:\/\/kampkomiteen.net\/?tag=antiimperialisme"},"img":{"alt_text":"","src":"https:\/\/i0.wp.com\/kampkomiteen.net\/wp-content\/uploads\/2025\/11\/4.jpg?fit=1160%2C653&ssl=1&resize=350%2C200","width":350,"height":200,"srcset":"https:\/\/i0.wp.com\/kampkomiteen.net\/wp-content\/uploads\/2025\/11\/4.jpg?fit=1160%2C653&ssl=1&resize=350%2C200 1x, https:\/\/i0.wp.com\/kampkomiteen.net\/wp-content\/uploads\/2025\/11\/4.jpg?fit=1160%2C653&ssl=1&resize=525%2C300 1.5x, https:\/\/i0.wp.com\/kampkomiteen.net\/wp-content\/uploads\/2025\/11\/4.jpg?fit=1160%2C653&ssl=1&resize=700%2C400 2x, https:\/\/i0.wp.com\/kampkomiteen.net\/wp-content\/uploads\/2025\/11\/4.jpg?fit=1160%2C653&ssl=1&resize=1050%2C600 3x"},"classes":[]},{"id":8083,"url":"https:\/\/kampkomiteen.net\/?p=8083","url_meta":{"origin":10130,"position":1},"title":"Kristiansand: Markeringer mot okkupasjon og folkemord","author":"Kampkomiteen","date":"2. desember 2024","format":false,"excerpt":"Aktivister fra Kampkomiteen har deltatt i de ukentlige markeringene til st\u00f8tte for det palestinske folket, som arrangeres av Palestinsk forening og Palestinakomiteen.\u00a0","rel":"","context":"i \"Demonstrasjon\"","block_context":{"text":"Demonstrasjon","link":"https:\/\/kampkomiteen.net\/?tag=demonstrasjon"},"img":{"alt_text":"","src":"https:\/\/i0.wp.com\/kampkomiteen.net\/wp-content\/uploads\/2024\/12\/unnamed.jpg?fit=768%2C558&ssl=1&resize=350%2C200","width":350,"height":200,"srcset":"https:\/\/i0.wp.com\/kampkomiteen.net\/wp-content\/uploads\/2024\/12\/unnamed.jpg?fit=768%2C558&ssl=1&resize=350%2C200 1x, https:\/\/i0.wp.com\/kampkomiteen.net\/wp-content\/uploads\/2024\/12\/unnamed.jpg?fit=768%2C558&ssl=1&resize=525%2C300 1.5x, https:\/\/i0.wp.com\/kampkomiteen.net\/wp-content\/uploads\/2024\/12\/unnamed.jpg?fit=768%2C558&ssl=1&resize=700%2C400 2x"},"classes":[]},{"id":7362,"url":"https:\/\/kampkomiteen.net\/?p=7362","url_meta":{"origin":10130,"position":2},"title":"Kristiansand: Nakba-markering","author":"Kampkomiteen","date":"16. mai 2024","format":false,"excerpt":"Kampkomiteen har markert Nakba-dagen med \u00e5 delta p\u00e5 \u00abVisit Palestina i Kristiansand\u00bb og sette opp plakater.","rel":"","context":"i \"Demonstrasjon\"","block_context":{"text":"Demonstrasjon","link":"https:\/\/kampkomiteen.net\/?tag=demonstrasjon"},"img":{"alt_text":"","src":"https:\/\/i0.wp.com\/kampkomiteen.net\/wp-content\/uploads\/2024\/05\/Image_999045.jpg?fit=1000%2C450&ssl=1&resize=350%2C200","width":350,"height":200,"srcset":"https:\/\/i0.wp.com\/kampkomiteen.net\/wp-content\/uploads\/2024\/05\/Image_999045.jpg?fit=1000%2C450&ssl=1&resize=350%2C200 1x, https:\/\/i0.wp.com\/kampkomiteen.net\/wp-content\/uploads\/2024\/05\/Image_999045.jpg?fit=1000%2C450&ssl=1&resize=525%2C300 1.5x, https:\/\/i0.wp.com\/kampkomiteen.net\/wp-content\/uploads\/2024\/05\/Image_999045.jpg?fit=1000%2C450&ssl=1&resize=700%2C400 2x"},"classes":[]},{"id":7964,"url":"https:\/\/kampkomiteen.net\/?p=7964","url_meta":{"origin":10130,"position":3},"title":"Kristiansand: Markeringer mot okkupasjon og folkemord","author":"Kampkomiteen","date":"1. november 2024","format":false,"excerpt":"Aktivister fra Kampkomiteen har deltatt i de ukentlige markeringene til st\u00f8tte for det palestinske folket, som arrangeres av Palestinsk forening og Palestinakomiteen.\u00a0","rel":"","context":"i \"Demonstrasjon\"","block_context":{"text":"Demonstrasjon","link":"https:\/\/kampkomiteen.net\/?tag=demonstrasjon"},"img":{"alt_text":"","src":"https:\/\/i0.wp.com\/kampkomiteen.net\/wp-content\/uploads\/2024\/11\/unnamed-1.png?fit=1024%2C577&ssl=1&resize=350%2C200","width":350,"height":200,"srcset":"https:\/\/i0.wp.com\/kampkomiteen.net\/wp-content\/uploads\/2024\/11\/unnamed-1.png?fit=1024%2C577&ssl=1&resize=350%2C200 1x, https:\/\/i0.wp.com\/kampkomiteen.net\/wp-content\/uploads\/2024\/11\/unnamed-1.png?fit=1024%2C577&ssl=1&resize=525%2C300 1.5x, https:\/\/i0.wp.com\/kampkomiteen.net\/wp-content\/uploads\/2024\/11\/unnamed-1.png?fit=1024%2C577&ssl=1&resize=700%2C400 2x"},"classes":[]},{"id":10769,"url":"https:\/\/kampkomiteen.net\/?p=10769","url_meta":{"origin":10130,"position":4},"title":"Kristiansand: Markering av 8. mars","author":"Kampkomiteen","date":"9. mars 2026","format":false,"excerpt":"Kampkomiteen har sammen med de andre organisasjonene i 8.mars-komiteen arrangert markering av den internasjonale kvinnedagen i Kristiansand.\u00a0","rel":"","context":"i \"8. mars\"","block_context":{"text":"8. mars","link":"https:\/\/kampkomiteen.net\/?tag=8-mars"},"img":{"alt_text":"","src":"https:\/\/i0.wp.com\/kampkomiteen.net\/wp-content\/uploads\/2026\/03\/8.mars-Kristiansand.jpg?fit=1160%2C653&ssl=1&resize=350%2C200","width":350,"height":200,"srcset":"https:\/\/i0.wp.com\/kampkomiteen.net\/wp-content\/uploads\/2026\/03\/8.mars-Kristiansand.jpg?fit=1160%2C653&ssl=1&resize=350%2C200 1x, https:\/\/i0.wp.com\/kampkomiteen.net\/wp-content\/uploads\/2026\/03\/8.mars-Kristiansand.jpg?fit=1160%2C653&ssl=1&resize=525%2C300 1.5x, https:\/\/i0.wp.com\/kampkomiteen.net\/wp-content\/uploads\/2026\/03\/8.mars-Kristiansand.jpg?fit=1160%2C653&ssl=1&resize=700%2C400 2x, https:\/\/i0.wp.com\/kampkomiteen.net\/wp-content\/uploads\/2026\/03\/8.mars-Kristiansand.jpg?fit=1160%2C653&ssl=1&resize=1050%2C600 3x"},"classes":[]},{"id":6647,"url":"https:\/\/kampkomiteen.net\/?p=6647","url_meta":{"origin":10130,"position":5},"title":"Markeringer av 25. november","author":"Kampkomiteen","date":"27. november 2023","format":false,"excerpt":"Kampkomiteen har markert den internasjonale dagen for solidaritet og kamp mot vold mot kvinner i Oslo, Bergen, Trondheim og Kristiansand.","rel":"","context":"i \"Demonstrasjon\"","block_context":{"text":"Demonstrasjon","link":"https:\/\/kampkomiteen.net\/?tag=demonstrasjon"},"img":{"alt_text":"","src":"https:\/\/i0.wp.com\/kampkomiteen.net\/wp-content\/uploads\/2023\/11\/Untitled.png?fit=1076%2C666&ssl=1&resize=350%2C200","width":350,"height":200,"srcset":"https:\/\/i0.wp.com\/kampkomiteen.net\/wp-content\/uploads\/2023\/11\/Untitled.png?fit=1076%2C666&ssl=1&resize=350%2C200 1x, https:\/\/i0.wp.com\/kampkomiteen.net\/wp-content\/uploads\/2023\/11\/Untitled.png?fit=1076%2C666&ssl=1&resize=525%2C300 1.5x, https:\/\/i0.wp.com\/kampkomiteen.net\/wp-content\/uploads\/2023\/11\/Untitled.png?fit=1076%2C666&ssl=1&resize=700%2C400 2x, https:\/\/i0.wp.com\/kampkomiteen.net\/wp-content\/uploads\/2023\/11\/Untitled.png?fit=1076%2C666&ssl=1&resize=1050%2C600 3x"},"classes":[]}],"jetpack_sharing_enabled":true,"_links":{"self":[{"href":"https:\/\/kampkomiteen.net\/index.php?rest_route=\/wp\/v2\/posts\/10130","targetHints":{"allow":["GET"]}}],"collection":[{"href":"https:\/\/kampkomiteen.net\/index.php?rest_route=\/wp\/v2\/posts"}],"about":[{"href":"https:\/\/kampkomiteen.net\/index.php?rest_route=\/wp\/v2\/types\/post"}],"author":[{"embeddable":true,"href":"https:\/\/kampkomiteen.net\/index.php?rest_route=\/wp\/v2\/users\/8"}],"replies":[{"embeddable":true,"href":"https:\/\/kampkomiteen.net\/index.php?rest_route=%2Fwp%2Fv2%2Fcomments&post=10130"}],"version-history":[{"count":1,"href":"https:\/\/kampkomiteen.net\/index.php?rest_route=\/wp\/v2\/posts\/10130\/revisions"}],"predecessor-version":[{"id":10143,"href":"https:\/\/kampkomiteen.net\/index.php?rest_route=\/wp\/v2\/posts\/10130\/revisions\/10143"}],"wp:featuredmedia":[{"embeddable":true,"href":"https:\/\/kampkomiteen.net\/index.php?rest_route=\/wp\/v2\/media\/10142"}],"wp:attachment":[{"href":"https:\/\/kampkomiteen.net\/index.php?rest_route=%2Fwp%2Fv2%2Fmedia&parent=10130"}],"wp:term":[{"taxonomy":"category","embeddable":true,"href":"https:\/\/kampkomiteen.net\/index.php?rest_route=%2Fwp%2Fv2%2Fcategories&post=10130"},{"taxonomy":"post_tag","embeddable":true,"href":"https:\/\/kampkomiteen.net\/index.php?rest_route=%2Fwp%2Fv2%2Ftags&post=10130"}],"curies":[{"name":"wp","href":"https:\/\/api.w.org\/{rel}","templated":true}]}}